{"id":489179,"date":"2023-11-16T18:24:37","date_gmt":"2023-11-16T22:24:37","guid":{"rendered":"https:\/\/diariodominicano.com\/?p=489179"},"modified":"2023-11-16T18:24:37","modified_gmt":"2023-11-16T22:24:37","slug":"la-asociacion-pq-celebra-exitoso-19avo-torneo-de-golf","status":"publish","type":"post","link":"https:\/\/diariodominicano.com\/?p=489179","title":{"rendered":"La Asociaci\u00f3n PQ celebra exitoso 19avo. Torneo de Golf"},"content":{"rendered":"\n<p>\u201cCon esta versi\u00f3n el torneo de mayor impacto social del pa\u00eds se acerca a los diezmillones de pesos donados\u201d <\/p>\n\n\n\n<p>CASA DE CAMPO, LA ROMANA.- En el majestuoso escenario de La Romana Country Club, Casa de Campo, la Asociaci\u00f3n Palos Quitao (PQ) celebr\u00f3 con \u00e9xito su tradicional 19vo. Torneo de Golf Ben\u00e9fico, en el marco de un inolvidable fin de semana lleno de camarader\u00eda y sorpresas. Este a\u00f1o la justa deportiva estuvo dedicada al se\u00f1or Antonio C\u00e1ceres Troncoso, quien fue el fundador y primer director ejecutivo de la Asociaci\u00f3n PQ, motivo por el cual se le entreg\u00f3 una placa de reconocimiento a sus familiares. <\/p>\n\n\n\n<p><br>Previo al torneo, los organizadores ofrecieron un coctel de bienvenida y entrega de Kit en el restaurante el Lago de Casa de Campo, en el cual los jugadores compartieron amenamente de la velada. <\/p>\n\n\n\n<p><br>Resultaron ganadores del PQ Champions el cuarteto conformado por Santiago  azim, Pedro Brache, Frank \u00c1lvarez y Tito Brenes. Enrique Ure\u00f1a, Alejandro Santelises, Alejandro Zeller y Juan Ramos, resultaron ganadores del 1er lugar bruto, El segundo lugar fue para Rodrigo Gonz\u00e1lez, <\/p>\n\n\n\n<figure class=\"wp-block-gallery columns-3 is-cropped wp-block-gallery-1 is-layout-flex wp-block-gallery-is-layout-flex\"><ul class=\"blocks-gallery-grid\"><li class=\"blocks-gallery-item\"><figure><img loading=\"lazy\" decoding=\"async\" width=\"1024\" height=\"734\" src=\"https:\/\/diariodominicano.com\/wp-content\/uploads\/2023\/11\/Donacion-a-Fundacion-Facci-recibido-por-la-senora-Alexandra-Matos-1024x734.jpg\" alt=\"\" data-id=\"489262\" data-full-url=\"https:\/\/diariodominicano.com\/wp-content\/uploads\/2023\/11\/Donacion-a-Fundacion-Facci-recibido-por-la-senora-Alexandra-Matos.jpg\" data-link=\"https:\/\/diariodominicano.com\/?attachment_id=489262\" class=\"wp-image-489262\" srcset=\"https:\/\/diariodominicano.com\/wp-content\/uploads\/2023\/11\/Donacion-a-Fundacion-Facci-recibido-por-la-senora-Alexandra-Matos-1024x734.jpg 1024w, https:\/\/diariodominicano.com\/wp-content\/uploads\/2023\/11\/Donacion-a-Fundacion-Facci-recibido-por-la-senora-Alexandra-Matos-300x215.jpg 300w, https:\/\/diariodominicano.com\/wp-content\/uploads\/2023\/11\/Donacion-a-Fundacion-Facci-recibido-por-la-senora-Alexandra-Matos-768x550.jpg 768w, https:\/\/diariodominicano.com\/wp-content\/uploads\/2023\/11\/Donacion-a-Fundacion-Facci-recibido-por-la-senora-Alexandra-Matos-1536x1101.jpg 1536w, https:\/\/diariodominicano.com\/wp-content\/uploads\/2023\/11\/Donacion-a-Fundacion-Facci-recibido-por-la-senora-Alexandra-Matos-2048x1468.jpg 2048w, https:\/\/diariodominicano.com\/wp-content\/uploads\/2023\/11\/Donacion-a-Fundacion-Facci-recibido-por-la-senora-Alexandra-Matos-816x585.jpg 816w\" sizes=\"auto, (max-width: 1024px) 100vw, 1024px\" \/><\/figure><\/li><li class=\"blocks-gallery-item\"><figure><img loading=\"lazy\" decoding=\"async\" width=\"1024\" height=\"704\" src=\"https:\/\/diariodominicano.com\/wp-content\/uploads\/2023\/11\/Alejandro-Zelller-Alejandro-Santelises-Enrique-Urena-y-Juan-Ramos--1024x704.jpg\" alt=\"\" data-id=\"489261\" data-full-url=\"https:\/\/diariodominicano.com\/wp-content\/uploads\/2023\/11\/Alejandro-Zelller-Alejandro-Santelises-Enrique-Urena-y-Juan-Ramos--scaled.jpg\" data-link=\"https:\/\/diariodominicano.com\/?attachment_id=489261\" class=\"wp-image-489261\" srcset=\"https:\/\/diariodominicano.com\/wp-content\/uploads\/2023\/11\/Alejandro-Zelller-Alejandro-Santelises-Enrique-Urena-y-Juan-Ramos--1024x704.jpg 1024w, https:\/\/diariodominicano.com\/wp-content\/uploads\/2023\/11\/Alejandro-Zelller-Alejandro-Santelises-Enrique-Urena-y-Juan-Ramos--300x206.jpg 300w, https:\/\/diariodominicano.com\/wp-content\/uploads\/2023\/11\/Alejandro-Zelller-Alejandro-Santelises-Enrique-Urena-y-Juan-Ramos--768x528.jpg 768w, https:\/\/diariodominicano.com\/wp-content\/uploads\/2023\/11\/Alejandro-Zelller-Alejandro-Santelises-Enrique-Urena-y-Juan-Ramos--1536x1056.jpg 1536w, https:\/\/diariodominicano.com\/wp-content\/uploads\/2023\/11\/Alejandro-Zelller-Alejandro-Santelises-Enrique-Urena-y-Juan-Ramos--2048x1408.jpg 2048w, https:\/\/diariodominicano.com\/wp-content\/uploads\/2023\/11\/Alejandro-Zelller-Alejandro-Santelises-Enrique-Urena-y-Juan-Ramos--816x561.jpg 816w\" sizes=\"auto, (max-width: 1024px) 100vw, 1024px\" \/><\/figure><\/li><li class=\"blocks-gallery-item\"><figure><img loading=\"lazy\" decoding=\"async\" width=\"967\" height=\"658\" src=\"https:\/\/diariodominicano.com\/wp-content\/uploads\/2023\/11\/Miguel-Roig-presidente-de-la-Asociacion-PQ-entrega-la-Copa-PQ-a-ganadores-del-1er.-lugar-bruto-Frank-Alvarez-Pedro-Brache-Tito-Brenes-y-Santiago-Hazim-detras-parte-de-la-Directiva-del-PQ.png\" alt=\"\" data-id=\"489260\" data-full-url=\"https:\/\/diariodominicano.com\/wp-content\/uploads\/2023\/11\/Miguel-Roig-presidente-de-la-Asociacion-PQ-entrega-la-Copa-PQ-a-ganadores-del-1er.-lugar-bruto-Frank-Alvarez-Pedro-Brache-Tito-Brenes-y-Santiago-Hazim-detras-parte-de-la-Directiva-del-PQ.png\" data-link=\"https:\/\/diariodominicano.com\/?attachment_id=489260\" class=\"wp-image-489260\" srcset=\"https:\/\/diariodominicano.com\/wp-content\/uploads\/2023\/11\/Miguel-Roig-presidente-de-la-Asociacion-PQ-entrega-la-Copa-PQ-a-ganadores-del-1er.-lugar-bruto-Frank-Alvarez-Pedro-Brache-Tito-Brenes-y-Santiago-Hazim-detras-parte-de-la-Directiva-del-PQ.png 967w, https:\/\/diariodominicano.com\/wp-content\/uploads\/2023\/11\/Miguel-Roig-presidente-de-la-Asociacion-PQ-entrega-la-Copa-PQ-a-ganadores-del-1er.-lugar-bruto-Frank-Alvarez-Pedro-Brache-Tito-Brenes-y-Santiago-Hazim-detras-parte-de-la-Directiva-del-PQ-300x204.png 300w, https:\/\/diariodominicano.com\/wp-content\/uploads\/2023\/11\/Miguel-Roig-presidente-de-la-Asociacion-PQ-entrega-la-Copa-PQ-a-ganadores-del-1er.-lugar-bruto-Frank-Alvarez-Pedro-Brache-Tito-Brenes-y-Santiago-Hazim-detras-parte-de-la-Directiva-del-PQ-768x523.png 768w, https:\/\/diariodominicano.com\/wp-content\/uploads\/2023\/11\/Miguel-Roig-presidente-de-la-Asociacion-PQ-entrega-la-Copa-PQ-a-ganadores-del-1er.-lugar-bruto-Frank-Alvarez-Pedro-Brache-Tito-Brenes-y-Santiago-Hazim-detras-parte-de-la-Directiva-del-PQ-816x555.png 816w\" sizes=\"auto, (max-width: 967px) 100vw, 967px\" \/><\/figure><\/li><li class=\"blocks-gallery-item\"><figure><img loading=\"lazy\" decoding=\"async\" width=\"965\" height=\"770\" src=\"https:\/\/diariodominicano.com\/wp-content\/uploads\/2023\/11\/Donacion-a-Walkabout-Foundation-por-los-senores-Monica-y-Rolando-Gonzalez-Bunster.png\" alt=\"\" data-id=\"489259\" data-full-url=\"https:\/\/diariodominicano.com\/wp-content\/uploads\/2023\/11\/Donacion-a-Walkabout-Foundation-por-los-senores-Monica-y-Rolando-Gonzalez-Bunster.png\" data-link=\"https:\/\/diariodominicano.com\/?attachment_id=489259\" class=\"wp-image-489259\" srcset=\"https:\/\/diariodominicano.com\/wp-content\/uploads\/2023\/11\/Donacion-a-Walkabout-Foundation-por-los-senores-Monica-y-Rolando-Gonzalez-Bunster.png 965w, https:\/\/diariodominicano.com\/wp-content\/uploads\/2023\/11\/Donacion-a-Walkabout-Foundation-por-los-senores-Monica-y-Rolando-Gonzalez-Bunster-300x239.png 300w, https:\/\/diariodominicano.com\/wp-content\/uploads\/2023\/11\/Donacion-a-Walkabout-Foundation-por-los-senores-Monica-y-Rolando-Gonzalez-Bunster-768x613.png 768w, https:\/\/diariodominicano.com\/wp-content\/uploads\/2023\/11\/Donacion-a-Walkabout-Foundation-por-los-senores-Monica-y-Rolando-Gonzalez-Bunster-816x651.png 816w\" sizes=\"auto, (max-width: 965px) 100vw, 965px\" \/><\/figure><\/li><li class=\"blocks-gallery-item\"><figure><img loading=\"lazy\" decoding=\"async\" width=\"1024\" height=\"677\" src=\"https:\/\/diariodominicano.com\/wp-content\/uploads\/2023\/11\/Donacion-a-Fundacion-Heart-Care-Dominicana-recibido-por-su-presidenta-Sra.-Susana-Caro-1024x677.png\" alt=\"\" data-id=\"489258\" data-full-url=\"https:\/\/diariodominicano.com\/wp-content\/uploads\/2023\/11\/Donacion-a-Fundacion-Heart-Care-Dominicana-recibido-por-su-presidenta-Sra.-Susana-Caro.png\" data-link=\"https:\/\/diariodominicano.com\/?attachment_id=489258\" class=\"wp-image-489258\" srcset=\"https:\/\/diariodominicano.com\/wp-content\/uploads\/2023\/11\/Donacion-a-Fundacion-Heart-Care-Dominicana-recibido-por-su-presidenta-Sra.-Susana-Caro-1024x677.png 1024w, https:\/\/diariodominicano.com\/wp-content\/uploads\/2023\/11\/Donacion-a-Fundacion-Heart-Care-Dominicana-recibido-por-su-presidenta-Sra.-Susana-Caro-300x198.png 300w, https:\/\/diariodominicano.com\/wp-content\/uploads\/2023\/11\/Donacion-a-Fundacion-Heart-Care-Dominicana-recibido-por-su-presidenta-Sra.-Susana-Caro-768x507.png 768w, https:\/\/diariodominicano.com\/wp-content\/uploads\/2023\/11\/Donacion-a-Fundacion-Heart-Care-Dominicana-recibido-por-su-presidenta-Sra.-Susana-Caro-816x539.png 816w, https:\/\/diariodominicano.com\/wp-content\/uploads\/2023\/11\/Donacion-a-Fundacion-Heart-Care-Dominicana-recibido-por-su-presidenta-Sra.-Susana-Caro.png 1238w\" sizes=\"auto, (max-width: 1024px) 100vw, 1024px\" \/><\/figure><\/li><li class=\"blocks-gallery-item\"><figure><img loading=\"lazy\" decoding=\"async\" width=\"1024\" height=\"629\" src=\"https:\/\/diariodominicano.com\/wp-content\/uploads\/2023\/11\/Entrega-de-placa-de-reconocimiento-a-sus-familiares-del-senor-Antonio-Caceres-Troncoso-1024x629.png\" alt=\"\" data-id=\"489257\" data-full-url=\"https:\/\/diariodominicano.com\/wp-content\/uploads\/2023\/11\/Entrega-de-placa-de-reconocimiento-a-sus-familiares-del-senor-Antonio-Caceres-Troncoso.png\" data-link=\"https:\/\/diariodominicano.com\/?attachment_id=489257\" class=\"wp-image-489257\" srcset=\"https:\/\/diariodominicano.com\/wp-content\/uploads\/2023\/11\/Entrega-de-placa-de-reconocimiento-a-sus-familiares-del-senor-Antonio-Caceres-Troncoso-1024x629.png 1024w, https:\/\/diariodominicano.com\/wp-content\/uploads\/2023\/11\/Entrega-de-placa-de-reconocimiento-a-sus-familiares-del-senor-Antonio-Caceres-Troncoso-300x184.png 300w, https:\/\/diariodominicano.com\/wp-content\/uploads\/2023\/11\/Entrega-de-placa-de-reconocimiento-a-sus-familiares-del-senor-Antonio-Caceres-Troncoso-768x471.png 768w, https:\/\/diariodominicano.com\/wp-content\/uploads\/2023\/11\/Entrega-de-placa-de-reconocimiento-a-sus-familiares-del-senor-Antonio-Caceres-Troncoso-816x501.png 816w, https:\/\/diariodominicano.com\/wp-content\/uploads\/2023\/11\/Entrega-de-placa-de-reconocimiento-a-sus-familiares-del-senor-Antonio-Caceres-Troncoso.png 1339w\" sizes=\"auto, (max-width: 1024px) 100vw, 1024px\" \/><\/figure><\/li><\/ul><\/figure>\n\n\n\n<p><br>Manuel Gonz\u00e1lez, Joaqu\u00edn S\u00e1nchez y Marcos S\u00e1nchez, mientras que el tercer lugar, Andr\u00e9s Farach, Alejandro Farach, Lawrence Jacobo y Pedro Cabrera. <\/p>\n\n\n\n<p><br>En la categor\u00eda Senior resultaron ganadores del primer lugar bruto Jaime Mota, Andr\u00e9s Aybar, Jes\u00fas Troncoso y Papo Blanco. <\/p>\n\n\n\n<p><br>Miguel Roig Presidente de la Asociaci\u00f3n PQ, tuvo a su cargo el discurso central, quien agradeci\u00f3 a todos los patrocinadores por comprometerse con esta noble causa. \u201cEste torneo, que se juega en el campo de golf dise\u00f1ado por Pete Dye, tiene un impacto social importante en nuestro pa\u00eds porque siempre apoya las causas m\u00e1s nobles.\u201d <\/p>\n\n\n\n<p><br>Resalt\u00f3 que este a\u00f1o las instituciones que recibieron los fondos obtenidos del torneo, de medio mill\u00f3n de pesos cada una, fueron la Fundaci\u00f3n Heart Care Dominicana, recibido por su presidenta Sra. Susana Caro; Walkabout Foundation, por los se\u00f1ores M\u00f3nica y Rolando Gonz\u00e1lez Bunster, y la Fundaci\u00f3n Facci recibido por la se\u00f1ora Alexandra Matos. <\/p>\n\n\n\n<p><br>Mientras que el director t\u00e9cnico del torneo, Ra\u00fal Cendoya, explic\u00f3 que este a\u00f1o el Torneo de Golf PQ se realiz\u00f3 en modalidad scramble de cuatro personas, con la participaci\u00f3n de 160 jugadores.<\/p>\n\n\n\n<p>De su lado, Juan Vel\u00e1zquez ofreci\u00f3 la bienvenida a todos los presentes a La Romana Country Club, Casa de Campo. \u201cGracias al comit\u00e9 organizador por confiar en nosotros, en especial a Mariajose Turull de Roig y a su equipo de trabajo, quienes son partes importantes de este torneo\u201d. <\/p>\n\n\n\n<p><br>Este a\u00f1o la ceremonia de premiaci\u00f3n se realiz\u00f3 durante una cena de gala en la hermosa residencia de los Sres. M\u00f3nica y Rolando Gonz\u00e1lez Bunster, donde adem\u00e1s de los jugadores, quienes asistieron con sus esposas, estuvieron presentes patrocinadores, miembros de la directiva de PQ e invitados especiales. <\/p>\n\n\n\n<p><br>Luego de la premiaci\u00f3n, los invitados disfrutaron de una hermosa velada, y de las exquisitas atenciones de sus anfitriones. <\/p>\n","protected":false},"excerpt":{"rendered":"<p>\u201cCon esta versi\u00f3n el torneo de mayor impacto social del pa\u00eds se acerca a los diezmillones de pesos donados\u201d CASA DE CAMPO, LA ROMANA.- En el majestuoso escenario de La Romana Country Club, Casa de Campo, la Asociaci\u00f3n Palos Quitao (PQ) celebr\u00f3 con \u00e9xito su tradicional 19vo. Torneo de Golf Ben\u00e9fico, en el marco de [&hellip;]<\/p>\n","protected":false},"author":7,"featured_media":489258,"comment_status":"closed","ping_status":"","sticky":true,"template":"","format":"standard","meta":{"footnotes":""},"categories":[27,32],"tags":[],"class_list":["post-489179","post","type-post","status-publish","format-standard","has-post-thumbnail","hentry","category-portada","category-turismo"],"_links":{"self":[{"href":"https:\/\/diariodominicano.com\/index.php?rest_route=\/wp\/v2\/posts\/489179","targetHints":{"allow":["GET"]}}],"collection":[{"href":"https:\/\/diariodominicano.com\/index.php?rest_route=\/wp\/v2\/posts"}],"about":[{"href":"https:\/\/diariodominicano.com\/index.php?rest_route=\/wp\/v2\/types\/post"}],"author":[{"embeddable":true,"href":"https:\/\/diariodominicano.com\/index.php?rest_route=\/wp\/v2\/users\/7"}],"replies":[{"embeddable":true,"href":"https:\/\/diariodominicano.com\/index.php?rest_route=%2Fwp%2Fv2%2Fcomments&post=489179"}],"version-history":[{"count":1,"href":"https:\/\/diariodominicano.com\/index.php?rest_route=\/wp\/v2\/posts\/489179\/revisions"}],"predecessor-version":[{"id":489263,"href":"https:\/\/diariodominicano.com\/index.php?rest_route=\/wp\/v2\/posts\/489179\/revisions\/489263"}],"wp:featuredmedia":[{"embeddable":true,"href":"https:\/\/diariodominicano.com\/index.php?rest_route=\/wp\/v2\/media\/489258"}],"wp:attachment":[{"href":"https:\/\/diariodominicano.com\/index.php?rest_route=%2Fwp%2Fv2%2Fmedia&parent=489179"}],"wp:term":[{"taxonomy":"category","embeddable":true,"href":"https:\/\/diariodominicano.com\/index.php?rest_route=%2Fwp%2Fv2%2Fcategories&post=489179"},{"taxonomy":"post_tag","embeddable":true,"href":"https:\/\/diariodominicano.com\/index.php?rest_route=%2Fwp%2Fv2%2Ftags&post=489179"}],"curies":[{"name":"wp","href":"https:\/\/api.w.org\/{rel}","templated":true}]}}