{"id":48906,"date":"2020-11-25T16:33:30","date_gmt":"2020-11-25T16:33:30","guid":{"rendered":"http:\/\/diariodominicano.ddns.net\/?p=48906"},"modified":"2020-11-25T16:33:30","modified_gmt":"2020-11-25T16:33:30","slug":"presidente-de-cuba-recuerda-vida-y-obra-de-fidel-castro","status":"publish","type":"post","link":"https:\/\/diariodominicano.com\/?p=48906","title":{"rendered":"Presidente de Cuba recuerda vida y obra de Fidel Castro"},"content":{"rendered":"<p><body><\/p>\n<p><img decoding=\"async\" src=\"img3\/Fidel-Castro-II.jpg\" \/>  <\/p>\n<p>La Habana, 25 de noviembre, 2020.- (Prensa Latina) El presidente de Cuba, Miguel D\u00edaz-Canel, record\u00f3 hoy el legado del l\u00edder hist\u00f3rico e la Revoluci\u00f3n cubana, Fidel Castro, en ocasi\u00f3n del cuarto aniversario de su fallecimiento <\/p>\n<\/p>\n<p>A trav\u00e9s de su cuenta en Twitter, el mandatario comparti\u00f3 art\u00edculos sobre la vida y obra del Comandante en Jefe de la Revoluci\u00f3n y reiter\u00f3 la disposici\u00f3n de seguir sus pasos.<\/p>\n<\/p>\n<p>Fidel Castro naci\u00f3 en Bir\u00e1n (oriente) el 13 de agosto de 1926 y muri\u00f3 en La Habana, el 25 de noviembre de 2016.<\/p>\n<\/p>\n<p>A prop\u00f3sito de la fecha, organizaciones culturales, acad\u00e9micas y pol\u00edticas de la isla convocaron a actividades de homenaje en el territorio nacional, sobre todo de manera virtual en cumplimiento con las medidas sanitarias por la Covid-19.<\/p>\n<\/p>\n<p>Asimismo, los universitarios le rendir\u00e1n tributo en la noche desde la escalinata de la Universidad de La Habana, donde curs\u00f3 estudios de Derecho y comenz\u00f3 su activa vida pol\u00edtica.<\/p>\n<\/p>\n<p>Adem\u00e1s, intelectuales de varios pa\u00edses rememoran el legado del l\u00edder durante la segunda jornada del Encuentro Internacional Ideas que son banderas, que sesiona de manera virtual.<\/p>\n<\/p>\n<p>Fidel Castro lider\u00f3 en la d\u00e9cada del 50 del siglo pasado uno de los movimientos insurgentes m\u00e1s influyentes para Am\u00e9rica Latina.<\/p>\n<\/p>\n<p>Con la victoria de 1959, la Revoluci\u00f3n desafi\u00f3 a Estados Unidos como un modelo de la resistencia latinoamericana y de otras partes.<\/p>\n<\/p>\n<p>Como fundador del primer Estado socialista del hemisferio occidental, el l\u00edder cubano dise\u00f1\u00f3, orient\u00f3 y ejecut\u00f3 una pol\u00edtica exterior basada en el respeto a la independencia de Cuba y de otras naciones.<\/p>\n<\/p>\n<p>agp\/idm<\/p>\n<h6> 2020-11-25 16:33:30 <\/h6>\n<p><!--\n<link rel=\"stylesheet\" href=\"css\/bootstrap.min.css\">\n\n\n<ul class=\"pagination\">\n\t    \n\t\n\n<li >\n\t<a href='?page_no=15'>Previous<\/a>\n\t<\/li>\n\n\n       \n    \n\n<li><a href='?page_no=1'>1<\/a><\/li>\n\n\n\n<li><a href='?page_no=2'>2<\/a><\/li>\n\n\n\n<li><a>...<\/a><\/li>\n\n\n\n<li><a href='?page_no=14'>14<\/a><\/li>\n\n\n\n<li><a href='?page_no=15'>15<\/a><\/li>\n\n\n\n<li class='active'><a>16<\/a><\/li>\n\n\n\n<li><a href='?page_no=17'>17<\/a><\/li>\n\n\n\n<li><a href='?page_no=18'>18<\/a><\/li>\n\n\n\n<li><a>...<\/a><\/li>\n\n\n\n<li><a href='?page_no=22911'>22911<\/a><\/li>\n\n\n\n<li><a href='?page_no=22912'>22912<\/a><\/li>\n\n    \n\t\n\n<li >\n\t<a href='?page_no=17'>Next<\/a>\n\t<\/li>\n\n\n    \n\n<li><a href='?page_no=22912'>Last &rsaquo;&rsaquo;<\/a><\/li>\n\n<\/ul>\n\n\n--><br \/>\n<\/body><\/p>\n","protected":false},"excerpt":{"rendered":"<p>La Habana, 25 de noviembre, 2020.- (Prensa Latina) El presidente de Cuba, Miguel D\u00edaz-Canel, record\u00f3 hoy el legado del l\u00edder hist\u00f3rico e la Revoluci\u00f3n cubana, Fidel Castro, en ocasi\u00f3n del cuarto aniversario de su fallecimiento A trav\u00e9s de su cuenta en Twitter, el mandatario comparti\u00f3 art\u00edculos sobre la vida y obra del Comandante en Jefe [&hellip;]<\/p>\n","protected":false},"author":3,"featured_media":0,"comment_status":"open","ping_status":"open","sticky":false,"template":"","format":"standard","meta":{"footnotes":""},"categories":[21],"tags":[],"class_list":["post-48906","post","type-post","status-publish","format-standard","hentry","category-cultura"],"_links":{"self":[{"href":"https:\/\/diariodominicano.com\/index.php?rest_route=\/wp\/v2\/posts\/48906","targetHints":{"allow":["GET"]}}],"collection":[{"href":"https:\/\/diariodominicano.com\/index.php?rest_route=\/wp\/v2\/posts"}],"about":[{"href":"https:\/\/diariodominicano.com\/index.php?rest_route=\/wp\/v2\/types\/post"}],"author":[{"embeddable":true,"href":"https:\/\/diariodominicano.com\/index.php?rest_route=\/wp\/v2\/users\/3"}],"replies":[{"embeddable":true,"href":"https:\/\/diariodominicano.com\/index.php?rest_route=%2Fwp%2Fv2%2Fcomments&post=48906"}],"version-history":[{"count":0,"href":"https:\/\/diariodominicano.com\/index.php?rest_route=\/wp\/v2\/posts\/48906\/revisions"}],"wp:attachment":[{"href":"https:\/\/diariodominicano.com\/index.php?rest_route=%2Fwp%2Fv2%2Fmedia&parent=48906"}],"wp:term":[{"taxonomy":"category","embeddable":true,"href":"https:\/\/diariodominicano.com\/index.php?rest_route=%2Fwp%2Fv2%2Fcategories&post=48906"},{"taxonomy":"post_tag","embeddable":true,"href":"https:\/\/diariodominicano.com\/index.php?rest_route=%2Fwp%2Fv2%2Ftags&post=48906"}],"curies":[{"name":"wp","href":"https:\/\/api.w.org\/{rel}","templated":true}]}}