{"id":489056,"date":"2023-11-16T01:14:21","date_gmt":"2023-11-16T05:14:21","guid":{"rendered":"https:\/\/diariodominicano.com\/?p=489056"},"modified":"2023-11-16T01:24:56","modified_gmt":"2023-11-16T05:24:56","slug":"cinco-figuras-del-cine-ingresan-con-emocion-al-paseo-del-cine-downtown","status":"publish","type":"post","link":"https:\/\/diariodominicano.com\/?p=489056","title":{"rendered":"Cinco figuras del cine ingresan con emoci\u00f3n al Paseo del Cine Downtown"},"content":{"rendered":"\n<p> Todos los reconocidos en el Paseo del Cine Downtown junto a los ejecutivos de Caribbean Cinemas. <\/p>\n\n\n\n<p> <\/p>\n\n\n\n<figure class=\"wp-block-image size-full\"><img loading=\"lazy\" decoding=\"async\" width=\"660\" height=\"497\" src=\"https:\/\/diariodominicano.com\/wp-content\/uploads\/2023\/11\/Judith-Rodriguez-complacida-recibe-su-estrella.png\" alt=\"\" class=\"wp-image-489059\" srcset=\"https:\/\/diariodominicano.com\/wp-content\/uploads\/2023\/11\/Judith-Rodriguez-complacida-recibe-su-estrella.png 660w, https:\/\/diariodominicano.com\/wp-content\/uploads\/2023\/11\/Judith-Rodriguez-complacida-recibe-su-estrella-300x226.png 300w\" sizes=\"auto, (max-width: 660px) 100vw, 660px\" \/><figcaption> Judith Rodr\u00edguez en la develizaci\u00f3n de su estrella en el Paseo del Cine Downtown <\/figcaption><\/figure>\n\n\n\n<p>Homenajeados: Manolo Ozuna y Judith Rodr\u00edguez; Leticia Tonos y Laura Amelia Guzm\u00e1n, e In memoria a Pericles Mej\u00eda (EPD. Cada uno tiene sus estrellas en el espacio en el cual la ciudad de Santo Domingo<\/p>\n\n\n\n<p>Jos\u00e9 Rafael Sosa &nbsp;<\/p>\n\n\n\n<p>Para Manolo Ozuna y Judith Rodr\u00edguez; las directoras y guionistas Leticia Tonos y Laura Amelia C\u00e1rdenas, y al director y maestro actoral Pericles Mej\u00eda (EPD la del lunes 13 fue su gran noche, respuesta generosa de una sociedad que les agradece cuanto han hecho.<\/p>\n\n\n\n<p>Hoy d\u00eda, sus nombres est\u00e1n inscritos en estrellas sobre m\u00e1rmol negro en la agitada esquina en la que se emplaza el Paseo del Cine Downtown, gracias a la idea que tuvo en 2016, Robert Carrady, principal ejecutivo de Carribbean Cinemas.<\/p>\n\n\n\n<p>\u00bfQu\u00e9 han hecho en cine, estas cinco figuras para tener una estrella en el Paseo del Cine Downtown? \u00bfLo merecen? \u00bfFue asertivo el jurado? \u00bfCada uno de los homenajeados tienen una hoja de servicio que justifique el haber llegado a este paseo?<\/p>\n\n\n\n<p>Judith Rodr\u00edguez, una actriz de car\u00e1cter que en cine lo ha hecho todo, que ha emocionado al p\u00fablico. Judith est\u00e1 dotada de una capacidad histri\u00f3nica que ha estremecido al p\u00fablico desde su rol protag\u00f3nico en Carpinteros (Jos\u00e9 Mar\u00eda Cabral, 2017), El blanco (Alejandro And\u00fajar, 2022) y Rafaela (Tito Rodr\u00edguez, 2022, sobre guion de cortometraje acad\u00e9mico de la actriz.<\/p>\n\n\n\n<p>Manolo Ozuna, emblem\u00e1tico y fundacional de la comedia, iniciado bajo la direcci\u00f3n de \u00c1ngel Muniz (Perico Ripiao, 2023), para luego seguir una trayectoria de 17 producciones, siendo la m\u00e1s reciente Rango de Honor, en la que hace un antag\u00f3nico dram\u00e1tico cuyo impacto fue notado por algunos cr\u00edticos.<\/p>\n\n\n\n<figure class=\"wp-block-image size-full\"><img loading=\"lazy\" decoding=\"async\" width=\"600\" height=\"480\" src=\"https:\/\/diariodominicano.com\/wp-content\/uploads\/2023\/11\/Foto-grupal-de-Laura-Amelia-su-familia-y-los-ejecutivos-Caribean-Cinemas.png\" alt=\"\" class=\"wp-image-489065\" srcset=\"https:\/\/diariodominicano.com\/wp-content\/uploads\/2023\/11\/Foto-grupal-de-Laura-Amelia-su-familia-y-los-ejecutivos-Caribean-Cinemas.png 600w, https:\/\/diariodominicano.com\/wp-content\/uploads\/2023\/11\/Foto-grupal-de-Laura-Amelia-su-familia-y-los-ejecutivos-Caribean-Cinemas-300x240.png 300w\" sizes=\"auto, (max-width: 600px) 100vw, 600px\" \/><figcaption> Laura Amelia Guzm\u00e1n, directora, productora independiente, durante el ceremonial de Paseo del Cine Downtown 2023. (Laura Amelia su familia y los ejecutivos Caribean Cinemas)<\/figcaption><\/figure>\n\n\n\n<p>Laura Amelia Guzm\u00e1n es la m\u00e1s alternativa e independiente de las directoras que ha premiado nunca el Paseo del Cine Downtonw, con una obra consistente, (que est\u00e1 estrenando en salas comerciales la deliciosa y cuidada La hembrita).<\/p>\n\n\n\n<p>Su sonrisa ilumin\u00f3 todo el espacio, junto a un orgulloso marido y colega: Israel C\u00e1rdenas. Ha sido responsable de Jean Gentil, d\u00f3lares de arena, Noel\u00ed en los pa\u00edses, La fiera y la fiesta. Es una cineasta formada en la escuela de cine de San Antonio de los Vanos, en Cuba, y entregada a contar, con un acento especial, sus historias. Leticia Tonos Paniagua, directora y productora absolutamente entregada al cine de nueva estructuraci\u00f3n, ese cine que evita el facilismo comercial y que inicio con La hija Natural \u2013 un retrato de la disoluci\u00f3n de la familiar rural dominicana, Cristo Rey (con el atrevimiento de haber colocado entre sus protagonistas a un actor haitiano y a su madre en posturas muy desafiantes. Ella nos hizo admirar el cine de otro tono.<\/p>\n\n\n\n<p>El cine de la autenticidad a lo que a\u00f1ade una estructuraci\u00f3n art\u00edstica de primer nivel. Entre las pel\u00edculas que a hicieron merecedora de esta estrella est\u00e1n: Mis 500 Locos (adaptaci\u00f3n de la novela del doctor Antonio Zaglul, Jupia, Juanita (con uno de los mejores manejos actorales de Cheddy Garc\u00eda).<\/p>\n\n\n\n<figure class=\"wp-block-image size-full\"><img loading=\"lazy\" decoding=\"async\" width=\"1024\" height=\"683\" src=\"https:\/\/diariodominicano.com\/wp-content\/uploads\/2023\/11\/Marc-Mejia-ante-la-estrella-de-Pericles-Mejia-su-padre-in-memoriam.jpeg\" alt=\"\" class=\"wp-image-489061\" srcset=\"https:\/\/diariodominicano.com\/wp-content\/uploads\/2023\/11\/Marc-Mejia-ante-la-estrella-de-Pericles-Mejia-su-padre-in-memoriam.jpeg 1024w, https:\/\/diariodominicano.com\/wp-content\/uploads\/2023\/11\/Marc-Mejia-ante-la-estrella-de-Pericles-Mejia-su-padre-in-memoriam-300x200.jpeg 300w, https:\/\/diariodominicano.com\/wp-content\/uploads\/2023\/11\/Marc-Mejia-ante-la-estrella-de-Pericles-Mejia-su-padre-in-memoriam-768x512.jpeg 768w, https:\/\/diariodominicano.com\/wp-content\/uploads\/2023\/11\/Marc-Mejia-ante-la-estrella-de-Pericles-Mejia-su-padre-in-memoriam-816x544.jpeg 816w\" sizes=\"auto, (max-width: 1024px) 100vw, 1024px\" \/><figcaption> Marc Mej\u00eda, hijo de Pericles Mej\u00eda, en el acto de dedicatoria de la estrella a su padre. <\/figcaption><\/figure>\n\n\n\n<p>Pericles Mej\u00eda, (In memoriam) Su ingreso In memoriam correspondi\u00f3 a este maestro de la actuaci\u00f3n, director, guionista, gestor del cine y cr\u00edtico fallecido el pasado 4 de septiembre y ante cuya desaparici\u00f3n f\u00edsica, este homenaje se transforma en justicia memorial que lo eterniza.<\/p>\n\n\n\n<figure class=\"wp-block-image size-full\"><img loading=\"lazy\" decoding=\"async\" width=\"741\" height=\"400\" src=\"https:\/\/diariodominicano.com\/wp-content\/uploads\/2023\/11\/Robert-Carrady-en-su-discurso.png\" alt=\"\" class=\"wp-image-489063\" srcset=\"https:\/\/diariodominicano.com\/wp-content\/uploads\/2023\/11\/Robert-Carrady-en-su-discurso.png 741w, https:\/\/diariodominicano.com\/wp-content\/uploads\/2023\/11\/Robert-Carrady-en-su-discurso-300x162.png 300w\" sizes=\"auto, (max-width: 741px) 100vw, 741px\" \/><figcaption> Robert Carrady en una instant\u00e1nea que refleja su alegr\u00eda en el curso de la ceremonia. <\/figcaption><\/figure>\n\n\n\n<p>El Paseo del Cine Donwtonw, idea creada por generado por el principal ejecutivo de Carribbean Cinemas, Robert Carrady en 2016, cuando se conclu\u00eda la construcci\u00f3n del Donwtown Center. Donwtonw Center como plaza fue inaugurada el 24 de noviembre del 2016.<\/p>\n\n\n\n<p>Robert Carrady dijo en de consagraci\u00f3n de carreras de cine: <em>\u201cAhora nos reunimos nuevamente con gratitud y admiraci\u00f3n para rendir homenaje a aquellas estrellas cuyo arte ha iluminado nuestras pantallas de <\/em><em>cine,<\/em><em> dejando una marca imborrable en nuestra memoria cinematogr\u00e1fica, as\u00ed como en el coraz\u00f3n del p\u00fablico que disfruta la experiencia de una buena pel\u00edcula<\/em>\u201d, manifest\u00f3.<\/p>\n\n\n\n<p>Los jurados fueron los delegados de: Ministerio de Cultura, Direcci\u00f3n General de Cine (DGCINE), Pro-dominicana, la Academia de Periodistas de Artes y Espect\u00e1culos (ADOPAE), Asociaci\u00f3n Dominicana de Prensa y Cr\u00edtica Cinematogr\u00e1fica (ADOPRESCI), Asociaci\u00f3n de Cronistas de arte de Rep\u00fablica Dominicana (ACROARTE) y un delegado de la Plaza Downtown.<\/p>\n\n\n\n<p><strong>Los ingresados anteriores<\/strong><\/p>\n\n\n\n<p>Tienen sus estrellas en el paseo del cine de Donwntown: \u00a0(2016): Luisito Mart\u00ed (p\u00f3stumo), Raymond Pozo, Miguel C\u00e9spedes y Manny P\u00e9rez, (2017): Mar\u00eda Montes (p\u00f3stumo), Cheddy Garc\u00eda, Archie L\u00f3pez y Agliberto Mel\u00e9ndez\u00a0 y (2018): Fernando B\u00e1ez (p\u00f3stumo), Nashla Bogaert y Frank Perozo.<\/p>\n\n\n\n<p>Jose Rafael Paula Sosa<a target=\"_blank\" href=\"mailto:joserafael.sosa@gmail.com\" rel=\"noreferrer noopener\">joserafael.sosa@gmail.com<\/a><\/p>\n","protected":false},"excerpt":{"rendered":"<p>Todos los reconocidos en el Paseo del Cine Downtown junto a los ejecutivos de Caribbean Cinemas. Homenajeados: Manolo Ozuna y Judith Rodr\u00edguez; Leticia Tonos y Laura Amelia Guzm\u00e1n, e In memoria a Pericles Mej\u00eda (EPD. Cada uno tiene sus estrellas en el espacio en el cual la ciudad de Santo Domingo Jos\u00e9 Rafael Sosa &nbsp; [&hellip;]<\/p>\n","protected":false},"author":28,"featured_media":489057,"comment_status":"closed","ping_status":"","sticky":true,"template":"","format":"standard","meta":{"footnotes":""},"categories":[36,25,27,32],"tags":[],"class_list":["post-489056","post","type-post","status-publish","format-standard","has-post-thumbnail","hentry","category-hombresmujeresycosas","category-gente","category-portada","category-turismo"],"_links":{"self":[{"href":"https:\/\/diariodominicano.com\/index.php?rest_route=\/wp\/v2\/posts\/489056","targetHints":{"allow":["GET"]}}],"collection":[{"href":"https:\/\/diariodominicano.com\/index.php?rest_route=\/wp\/v2\/posts"}],"about":[{"href":"https:\/\/diariodominicano.com\/index.php?rest_route=\/wp\/v2\/types\/post"}],"author":[{"embeddable":true,"href":"https:\/\/diariodominicano.com\/index.php?rest_route=\/wp\/v2\/users\/28"}],"replies":[{"embeddable":true,"href":"https:\/\/diariodominicano.com\/index.php?rest_route=%2Fwp%2Fv2%2Fcomments&post=489056"}],"version-history":[{"count":7,"href":"https:\/\/diariodominicano.com\/index.php?rest_route=\/wp\/v2\/posts\/489056\/revisions"}],"predecessor-version":[{"id":489068,"href":"https:\/\/diariodominicano.com\/index.php?rest_route=\/wp\/v2\/posts\/489056\/revisions\/489068"}],"wp:featuredmedia":[{"embeddable":true,"href":"https:\/\/diariodominicano.com\/index.php?rest_route=\/wp\/v2\/media\/489057"}],"wp:attachment":[{"href":"https:\/\/diariodominicano.com\/index.php?rest_route=%2Fwp%2Fv2%2Fmedia&parent=489056"}],"wp:term":[{"taxonomy":"category","embeddable":true,"href":"https:\/\/diariodominicano.com\/index.php?rest_route=%2Fwp%2Fv2%2Fcategories&post=489056"},{"taxonomy":"post_tag","embeddable":true,"href":"https:\/\/diariodominicano.com\/index.php?rest_route=%2Fwp%2Fv2%2Ftags&post=489056"}],"curies":[{"name":"wp","href":"https:\/\/api.w.org\/{rel}","templated":true}]}}