{"id":48895,"date":"2020-10-10T18:07:05","date_gmt":"2020-10-10T18:07:05","guid":{"rendered":"http:\/\/diariodominicano.ddns.net\/?p=48895"},"modified":"2020-10-10T18:07:05","modified_gmt":"2020-10-10T18:07:05","slug":"asoclupsa-celebra-dia-nacional-de-los-clubes","status":"publish","type":"post","link":"https:\/\/diariodominicano.com\/?p=48895","title":{"rendered":"ASOCLUPSA celebra D\u00eda Nacional de los Clubes"},"content":{"rendered":"<p><body><\/p>\n<p><img decoding=\"async\" src=\"img3\/asoclusa1010.jpg\" \/>  <\/p>\n<p><strong>Diariodominicano.com<\/strong><\/p>\n<p><strong>ASOCLUPSA celebra D\u00eda Nacional de los Clubes<\/strong><\/p>\n<p><strong> <\/strong><\/p>\n<p><strong>SANTIAGO, Rep\u00fablica Dominicana 06-10-2020).-<\/strong> La Asociaci\u00f3n de Clubes de la Provincia de Santiago (ASOCLUPSA), celebr\u00f3 del D\u00eda Nacional de los Clubes, con una ceremonia y ofrenda floral ante la estatua del padre de la patria, Juan Pablo Duarte, en la avenida que lleva su nombre.<\/p>\n<\/p>\n<p>En el discurso central de la actividad, el presidente de esa entidad, se\u00f1or, Miguel Espinal, hizo historia de la fundaci\u00f3n de clubes deportivos y sociales en la Rep\u00fablica Dominicana, actividad que result\u00f3 tr\u00e1gica para la juventud de la \u00e9poca.<\/p>\n<\/p>\n<p>Record\u00f3 los asesinatos de los j\u00f3venes luchadores en favor de sus barriadas, as\u00ed como los apresados injustamente en el gobierno del doctor Joaqu\u00edn Balaguer, ampliando sobre el particular.<\/p>\n<\/p>\n<p>Llam\u00f3 a la dirigencia clubil a retornar a los festivales deportivos, art\u00edsticos y sociales, a los c\u00edrculos de estudios en los barrios para as\u00ed ganar la batalla a los vicios, para defender a las familias de los momentos tr\u00e1gicos, para honrar nuestra bandera y los honores patrios.<\/p>\n<\/p>\n<p>\u00abHoy, los clubes barriales subsisten precariamente, pero confiamos en que las actuales autoridades nos ayuden a traer un cambio sustancial para lograr que los j\u00f3venes retornen a estas organizaciones y se alejen de los vicios\u00bb, dijo Espinal entre otras cosas importantes.<\/p>\n<\/p>\n<p>Para iniciar la actividad los presentes cantaron el Himno Nacional, a seguida se realiz\u00f3 la ofrenda floral ante el busto del padre de la patria, Juan Pablo Duarte.<\/p>\n<\/p>\n<\/p>\n<p>PIE DE FOTOS:<\/p>\n<\/p>\n<\/p>\n<p>SANTIAGO, RD.- Ofrenda floral ante el busto de Juan Pablo Duarte realizada por ASOCLUPSA<\/p>\n<\/p>\n<p>2 archivos adjuntos<\/p>\n<h6> 2020-10-10 18:07:05 <\/h6>\n<p><!--\n<link rel=\"stylesheet\" href=\"css\/bootstrap.min.css\">\n\n\n<ul class=\"pagination\">\n\t    \n\t\n\n<li >\n\t<a href='?page_no=158'>Previous<\/a>\n\t<\/li>\n\n\n       \n    \n\n<li><a href='?page_no=1'>1<\/a><\/li>\n\n\n\n<li><a href='?page_no=2'>2<\/a><\/li>\n\n\n\n<li><a>...<\/a><\/li>\n\n\n\n<li><a href='?page_no=157'>157<\/a><\/li>\n\n\n\n<li><a href='?page_no=158'>158<\/a><\/li>\n\n\n\n<li class='active'><a>159<\/a><\/li>\n\n\n\n<li><a href='?page_no=160'>160<\/a><\/li>\n\n\n\n<li><a href='?page_no=161'>161<\/a><\/li>\n\n\n\n<li><a>...<\/a><\/li>\n\n\n\n<li><a href='?page_no=22911'>22911<\/a><\/li>\n\n\n\n<li><a href='?page_no=22912'>22912<\/a><\/li>\n\n    \n\t\n\n<li >\n\t<a href='?page_no=160'>Next<\/a>\n\t<\/li>\n\n\n    \n\n<li><a href='?page_no=22912'>Last &rsaquo;&rsaquo;<\/a><\/li>\n\n<\/ul>\n\n\n--><br \/>\n<\/body><\/p>\n","protected":false},"excerpt":{"rendered":"<p>Diariodominicano.com ASOCLUPSA celebra D\u00eda Nacional de los Clubes SANTIAGO, Rep\u00fablica Dominicana 06-10-2020).- La Asociaci\u00f3n de Clubes de la Provincia de Santiago (ASOCLUPSA), celebr\u00f3 del D\u00eda Nacional de los Clubes, con una ceremonia y ofrenda floral ante la estatua del padre de la patria, Juan Pablo Duarte, en la avenida que lleva su nombre. En el [&hellip;]<\/p>\n","protected":false},"author":3,"featured_media":0,"comment_status":"open","ping_status":"open","sticky":false,"template":"","format":"standard","meta":{"footnotes":""},"categories":[21],"tags":[],"class_list":["post-48895","post","type-post","status-publish","format-standard","hentry","category-cultura"],"_links":{"self":[{"href":"https:\/\/diariodominicano.com\/index.php?rest_route=\/wp\/v2\/posts\/48895","targetHints":{"allow":["GET"]}}],"collection":[{"href":"https:\/\/diariodominicano.com\/index.php?rest_route=\/wp\/v2\/posts"}],"about":[{"href":"https:\/\/diariodominicano.com\/index.php?rest_route=\/wp\/v2\/types\/post"}],"author":[{"embeddable":true,"href":"https:\/\/diariodominicano.com\/index.php?rest_route=\/wp\/v2\/users\/3"}],"replies":[{"embeddable":true,"href":"https:\/\/diariodominicano.com\/index.php?rest_route=%2Fwp%2Fv2%2Fcomments&post=48895"}],"version-history":[{"count":0,"href":"https:\/\/diariodominicano.com\/index.php?rest_route=\/wp\/v2\/posts\/48895\/revisions"}],"wp:attachment":[{"href":"https:\/\/diariodominicano.com\/index.php?rest_route=%2Fwp%2Fv2%2Fmedia&parent=48895"}],"wp:term":[{"taxonomy":"category","embeddable":true,"href":"https:\/\/diariodominicano.com\/index.php?rest_route=%2Fwp%2Fv2%2Fcategories&post=48895"},{"taxonomy":"post_tag","embeddable":true,"href":"https:\/\/diariodominicano.com\/index.php?rest_route=%2Fwp%2Fv2%2Ftags&post=48895"}],"curies":[{"name":"wp","href":"https:\/\/api.w.org\/{rel}","templated":true}]}}