{"id":488800,"date":"2023-11-14T21:47:25","date_gmt":"2023-11-15T01:47:25","guid":{"rendered":"https:\/\/diariodominicano.com\/?p=488800"},"modified":"2023-11-14T21:48:15","modified_gmt":"2023-11-15T01:48:15","slug":"jce-otorga-plazo-hasta-este-viernes-para-correcciones-o-reparos-de-pactos-registrados-por-organizaciones-politicas","status":"publish","type":"post","link":"https:\/\/diariodominicano.com\/?p=488800","title":{"rendered":"JCE otorga plazo hasta este viernes para correcciones o reparos de pactos registrados por organizaciones pol\u00edticas"},"content":{"rendered":"\n<p>diariodominicano.com<\/p>\n\n\n\n<p>Extiende hasta el 24 de noviembre el registro de las candidaturas municipales en Juntas Electorales<\/p>\n\n\n\n<p>Santo Domingo, R. D.,  14 de noviembre, 2023.\u2013 La Junta Central Electoral (JCE) realiz\u00f3 este martes una audiencia p\u00fablica con las organizaciones pol\u00edticas, con el objetivo de conocer sobre las alianzas, fusiones y coaliciones para las elecciones municipales del 18 de febrero de 2024, como manda la Ley 20-23, Org\u00e1nica de R\u00e9gimen Electoral.<\/p>\n\n\n\n<p>La audiencia estuvo encabezada por el presidente de la JCE, Rom\u00e1n Andr\u00e9s J\u00e1quez Liranzo; los miembros titulares, Dolores Fern\u00e1ndez y Samir Chami Isa, y los suplentes Prado L\u00f3pez y Anibelca Rosario, en representaci\u00f3n de Rafael Vallejo Santelisis y Patricia Lorenzo, respectivamente, quienes se encuentran fuera del pa\u00eds en labores propias de sus funciones. Asistidos por el secretario general, Sonne Beltr\u00e9 Ram\u00edrez.<\/p>\n\n\n\n<p>En las conclusiones de la audiencia p\u00fablica y en virtud del art\u00edculo 20 numeral 13 de la Ley 20-23, Org\u00e1nica de R\u00e9gimen Electoral, se otorg\u00f3 un plazo hasta el viernes 17 de noviembre a las 8:00 de la noche para que las organizaciones pol\u00edticas puedan hacer enmiendas, reparos o correcciones con relaci\u00f3n a los pactos, fusiones y coaliciones presentadas.<\/p>\n\n\n\n<p>Adem\u00e1s, el Pleno dispuso extender el plazo para el registro de candidaturas municipales que vence este 20 de noviembre, y que se realiza en cada Junta Electoral, hasta el viernes 24 de noviembre a las 12:00 de la medianoche.<\/p>\n\n\n\n<p>Con relaci\u00f3n a la solicitud para depositar candidaturas municipales concernientes a las alianzas que personifican o no, la JCE se reserv\u00f3 la decisi\u00f3n para ser remitida oportunamente.<\/p>\n\n\n\n<p>El Pleno orden\u00f3 a la Secretaria General la entrega inmediata a las organizaciones pol\u00edticas de la matriz de la estructura de las alianzas, fusiones y coaliciones registradas.<\/p>\n\n\n\n<p>Durante el desarrollo de la audiencia p\u00fablica, tras los representantes agotar un turno, varias organizaciones pol\u00edticas felicitaron al equipo de Inform\u00e1tica por la disposici\u00f3n de una plataforma para el registro en l\u00ednea de las alianzas, fusiones y coaliciones, destacando la disponibilidad de los servidores de este departamento, cuando se necesitaba alguna orientaci\u00f3n y solucionar cualquier inquietud.<\/p>\n\n\n\n<p>El plazo para el dep\u00f3sito de las alianzas, fusiones y coaliciones, venci\u00f3 ayer lunes 12 de noviembre a las 12:00 de la medianoche, el cual fue prorrogado por el \u00f3rgano electoral, a petici\u00f3n de los partidos, movimientos y organizaciones pol\u00edticas, ya que el pasado 10 de noviembre no hab\u00edan culminado con el proceso.<\/p>\n\n\n\n<p>Partidos que hicieron uso de la palabra<\/p>\n\n\n\n<p>Hicieron uso de la palabra los representantes del Partido Revolucionario Moderno (PRM), del Partido de la Liberaci\u00f3n Dominicana (PLD), Fuerza del Pueblo, Partido Revolucionario Dominicano (PRD), Partido Reformista Social Cristiano (PRSC), Alianza Pa\u00eds, Bloque Institucional Socialdem\u00f3crata (BIS), Partido Humanista Dominicano,&nbsp;&nbsp;Partido C\u00edvico Renovador, Partido Revolucionario Social Dem\u00f3crata (PRSD), Partico Democr\u00e1tico Alternativo MODA, Frente Amplio (FA), Alianza por la Democracia, Pa\u00eds Posible, Partido Liberal Reformista (PLR), Partido Popular Cristiano, Partido Quisqueyano Dem\u00f3crata Cristiano (PQDC), Uni\u00f3n Dem\u00f3crata Cristiana (UDC), Partido de Acci\u00f3n Liberal (PAL), Fuerza Nacional Progresista (FNP), Partido Revolucionario Independiente (PRI), Partido Verde Dominicano, Patria para Todos, Opci\u00f3n Democr\u00e1tica, Partido Socialista Cristiano, Partido Dem\u00f3crata Institucional (PDI), Primero la Gente, Justicia Social y el Movimiento Comunitario Nosotros Pa\u00b4 Cuando.<\/p>\n\n\n\n<p>Direcci\u00f3n de Comunicaciones<\/p>\n\n\n\n<p>14 de noviembre de 2023<\/p>\n\n\n\n<p><\/p>\n","protected":false},"excerpt":{"rendered":"<p>diariodominicano.com Extiende hasta el 24 de noviembre el registro de las candidaturas municipales en Juntas Electorales Santo Domingo, R. D., 14 de noviembre, 2023.\u2013 La Junta Central Electoral (JCE) realiz\u00f3 este martes una audiencia p\u00fablica con las organizaciones pol\u00edticas, con el objetivo de conocer sobre las alianzas, fusiones y coaliciones para las elecciones municipales del [&hellip;]<\/p>\n","protected":false},"author":5,"featured_media":458873,"comment_status":"closed","ping_status":"","sticky":true,"template":"","format":"standard","meta":{"footnotes":""},"categories":[20,22,27],"tags":[],"class_list":["post-488800","post","type-post","status-publish","format-standard","has-post-thumbnail","hentry","category-dominicana-hoy","category-politica","category-portada"],"_links":{"self":[{"href":"https:\/\/diariodominicano.com\/index.php?rest_route=\/wp\/v2\/posts\/488800","targetHints":{"allow":["GET"]}}],"collection":[{"href":"https:\/\/diariodominicano.com\/index.php?rest_route=\/wp\/v2\/posts"}],"about":[{"href":"https:\/\/diariodominicano.com\/index.php?rest_route=\/wp\/v2\/types\/post"}],"author":[{"embeddable":true,"href":"https:\/\/diariodominicano.com\/index.php?rest_route=\/wp\/v2\/users\/5"}],"replies":[{"embeddable":true,"href":"https:\/\/diariodominicano.com\/index.php?rest_route=%2Fwp%2Fv2%2Fcomments&post=488800"}],"version-history":[{"count":3,"href":"https:\/\/diariodominicano.com\/index.php?rest_route=\/wp\/v2\/posts\/488800\/revisions"}],"predecessor-version":[{"id":488803,"href":"https:\/\/diariodominicano.com\/index.php?rest_route=\/wp\/v2\/posts\/488800\/revisions\/488803"}],"wp:featuredmedia":[{"embeddable":true,"href":"https:\/\/diariodominicano.com\/index.php?rest_route=\/wp\/v2\/media\/458873"}],"wp:attachment":[{"href":"https:\/\/diariodominicano.com\/index.php?rest_route=%2Fwp%2Fv2%2Fmedia&parent=488800"}],"wp:term":[{"taxonomy":"category","embeddable":true,"href":"https:\/\/diariodominicano.com\/index.php?rest_route=%2Fwp%2Fv2%2Fcategories&post=488800"},{"taxonomy":"post_tag","embeddable":true,"href":"https:\/\/diariodominicano.com\/index.php?rest_route=%2Fwp%2Fv2%2Ftags&post=488800"}],"curies":[{"name":"wp","href":"https:\/\/api.w.org\/{rel}","templated":true}]}}