{"id":48873,"date":"2020-10-12T11:03:37","date_gmt":"2020-10-12T11:03:37","guid":{"rendered":"http:\/\/diariodominicano.ddns.net\/?p=48873"},"modified":"2020-10-12T11:03:37","modified_gmt":"2020-10-12T11:03:37","slug":"inauguran-mausoleo-para-honrar-a-colon","status":"publish","type":"post","link":"https:\/\/diariodominicano.com\/?p=48873","title":{"rendered":"Inauguran mausoleo para honrar a Col\u00f3n"},"content":{"rendered":"<p><body><\/p>\n<p><img decoding=\"async\" src=\"img3\/Ulises-Lilis-Heureaux-3.jpg\" \/>  <\/p>\n<p><strong>Diariodominicano.com<\/strong><\/p>\n<p><strong>Inauguran en la Catedral mausoleo para honrar a Crist\u00f3bal Col\u00f3n <\/strong><\/p>\n<p><strong>SANTO DOMINGO, RD, el  12 de octubre del a\u00f1o 1898,<\/strong> fue inaugurado en la Catedral de Santo Domingo, un mausoleo para colocar los restos de  de Crist\u00f3bal Col\u00f3n.<\/p>\n<\/p>\n<p><strong>    La obra cont\u00f3 con el apoyo del dictador Ulises -Lil\u00eds-  Heureaux y el Arzobispo de Santo Domingo, Monse\u00f1or Fernando Arturo de Meri\u00f1o.<\/strong><\/p>\n<\/p>\n<p>De igual modo,  el  12 de octubre de 1912, el Presidente Eladio Victoria estableci\u00f3 por decreto que el d\u00eda 12 de octubre de cada a\u00f1o se celebre como fiesta oficial y que la fecha sea declarada como \u00abEl D\u00eda de Col\u00f3n\u00bb.<\/p>\n<\/p>\n<p>    La medida del gobernante estaba dirigida a honrar la memoria de Col\u00f3n, por haber descubierto el Continente Americano.<\/p>\n<\/p>\n<p>     El  12 de octubre  de 1936, el dictador Rafael Le\u00f3nidas Trujillo Molina dirigi\u00f3 un mensaje a los presidentes de Am\u00e9rica para que no pereciera la idea de erigir un faro en honor a Col\u00f3n en la Rep\u00fablica Dominicana.<\/p>\n<\/p>\n<p>    Al comentar la decisi\u00f3n de Trujillo, el historiador Ram\u00f3n Marrero Aristy afirma que cuando el dictador expres\u00f3 su discurso \u00abEl proyecto de erigir en las costas aleda\u00f1as a la Capital de la Rep\u00fablica Dominicana un Faro Monumental en homenaje al insigne descubridor del Nuevo Mundo, languidec\u00eda en los archivos de las conferencias internacionales y en los escritorios de los estadistas llamados a imprimirle impulso. El tributo de Am\u00e9rica a las glorias del insigne navegante hab\u00eda adquirido forma en la Conferencia Internacional Americana celebrada en la Habana en el a\u00f1o 1928, y ratificada por la Conferencia de Montevideo de 1933\u00bb.<\/p>\n<\/p>\n<p>    <strong>El dictador Trujillo calific\u00f3 como noble la idea de construir un Faro a Col\u00f3n en la ciudad de Santo Domingo.<\/strong><\/p>\n<p><strong>     En su mensaje de est\u00edmulo a las naciones de Am\u00e9rica expres\u00f3:<\/strong><\/p>\n<\/p>\n<p>    \u00abLa humanidad debe a la memoria del insigne Almirante un tributo de veneraci\u00f3n m\u00e1s alto y comprensivo de cuantos, de un modo restringido y local, le han rendido diversos pueblos de la tierra.  Esta concepci\u00f3n acerca del homenaje definitivo a la grandeza del m\u00e1s insigne de los descubridores, con expresi\u00f3n de eternidad en virtud del blanco m\u00e1rmol, aliado de la historia, adoptar\u00e1 la forma de un Faro Gigantesco, seg\u00fan el proyecto original del arquitecto  J. L. Gleave, vencedor en el concurso  internacional de Arquitectura, celebrado con tan hermoso fin, y del que es s\u00edmbolo la cruz de Jesucristo plantada por Col\u00f3n en la primera tierra descubierta\u00bb.<\/p>\n<\/p>\n<p>    Seg\u00fan Trujillo, la construcci\u00f3n del Faro ser\u00eda una manera de acatar la \u00faltima voluntad del Almirante Col\u00f3n, con el traslado de sus restos a la Catedral Primada de Am\u00e9rica, en cuyo sagrado recinto reposaban en el momento que habl\u00f3 el dictador.<\/p>\n<\/p>\n<p><strong>     Trujillo resalt\u00f3 que Crist\u00f3bal Col\u00f3n siempre quiso que sus restos reposaran para  en la ciudad de Santo Domingo.<\/strong><\/p>\n<\/p>\n<p>     Dijo que el d\u00eda 12 de octubre de 1936, es una fecha propicia \u00abPara fijar el esp\u00edritu de fraternidad panamericana en la necesidad de plasmar en la piedra  este designio com\u00fan de nuestros pueblos\u00bb.<\/p>\n<\/p>\n<p>    El historiador Marrero Aristy, anota que el mismo d\u00eda 12 de octubre de 1936, se uni\u00f3 a las ceremonias conmemorativas el Gobierno de Estados Unidos, con un discurso que pronunci\u00f3 en Washington el Secretario de Estado, Cordell Hull.<\/p>\n<\/p>\n<p>     Refiere que el Presidente Franklin Delano Roosevelt, consider\u00f3 que el proyecto del Faro a Col\u00f3n merec\u00eda un apoyo m\u00e1s eficiente por parte de su patria, y design\u00f3 un Comit\u00e9 Ejecutivo que lo patrocinara, presidido por Nicholas Murray Butler, Presidente de la Universidad de Columbia y la instituci\u00f3n Carnegie para la Paz Universal.<\/p>\n<\/p>\n<h6> 2020-10-12 11:03:37 <\/h6>\n<p><!--\n<link rel=\"stylesheet\" href=\"css\/bootstrap.min.css\">\n\n\n<ul class=\"pagination\">\n\t    \n\t\n\n<li >\n\t<a href='?page_no=156'>Previous<\/a>\n\t<\/li>\n\n\n       \n    \n\n<li><a href='?page_no=1'>1<\/a><\/li>\n\n\n\n<li><a href='?page_no=2'>2<\/a><\/li>\n\n\n\n<li><a>...<\/a><\/li>\n\n\n\n<li><a href='?page_no=155'>155<\/a><\/li>\n\n\n\n<li><a href='?page_no=156'>156<\/a><\/li>\n\n\n\n<li class='active'><a>157<\/a><\/li>\n\n\n\n<li><a href='?page_no=158'>158<\/a><\/li>\n\n\n\n<li><a href='?page_no=159'>159<\/a><\/li>\n\n\n\n<li><a>...<\/a><\/li>\n\n\n\n<li><a href='?page_no=22911'>22911<\/a><\/li>\n\n\n\n<li><a href='?page_no=22912'>22912<\/a><\/li>\n\n    \n\t\n\n<li >\n\t<a href='?page_no=158'>Next<\/a>\n\t<\/li>\n\n\n    \n\n<li><a href='?page_no=22912'>Last &rsaquo;&rsaquo;<\/a><\/li>\n\n<\/ul>\n\n\n--><br \/>\n<\/body><\/p>\n","protected":false},"excerpt":{"rendered":"<p>Diariodominicano.com Inauguran en la Catedral mausoleo para honrar a Crist\u00f3bal Col\u00f3n SANTO DOMINGO, RD, el 12 de octubre del a\u00f1o 1898, fue inaugurado en la Catedral de Santo Domingo, un mausoleo para colocar los restos de de Crist\u00f3bal Col\u00f3n. La obra cont\u00f3 con el apoyo del dictador Ulises -Lil\u00eds- Heureaux y el Arzobispo de Santo [&hellip;]<\/p>\n","protected":false},"author":3,"featured_media":0,"comment_status":"open","ping_status":"open","sticky":false,"template":"","format":"standard","meta":{"footnotes":""},"categories":[21],"tags":[],"class_list":["post-48873","post","type-post","status-publish","format-standard","hentry","category-cultura"],"_links":{"self":[{"href":"https:\/\/diariodominicano.com\/index.php?rest_route=\/wp\/v2\/posts\/48873","targetHints":{"allow":["GET"]}}],"collection":[{"href":"https:\/\/diariodominicano.com\/index.php?rest_route=\/wp\/v2\/posts"}],"about":[{"href":"https:\/\/diariodominicano.com\/index.php?rest_route=\/wp\/v2\/types\/post"}],"author":[{"embeddable":true,"href":"https:\/\/diariodominicano.com\/index.php?rest_route=\/wp\/v2\/users\/3"}],"replies":[{"embeddable":true,"href":"https:\/\/diariodominicano.com\/index.php?rest_route=%2Fwp%2Fv2%2Fcomments&post=48873"}],"version-history":[{"count":0,"href":"https:\/\/diariodominicano.com\/index.php?rest_route=\/wp\/v2\/posts\/48873\/revisions"}],"wp:attachment":[{"href":"https:\/\/diariodominicano.com\/index.php?rest_route=%2Fwp%2Fv2%2Fmedia&parent=48873"}],"wp:term":[{"taxonomy":"category","embeddable":true,"href":"https:\/\/diariodominicano.com\/index.php?rest_route=%2Fwp%2Fv2%2Fcategories&post=48873"},{"taxonomy":"post_tag","embeddable":true,"href":"https:\/\/diariodominicano.com\/index.php?rest_route=%2Fwp%2Fv2%2Ftags&post=48873"}],"curies":[{"name":"wp","href":"https:\/\/api.w.org\/{rel}","templated":true}]}}