{"id":48862,"date":"2020-10-12T11:12:46","date_gmt":"2020-10-12T11:12:46","guid":{"rendered":"http:\/\/diariodominicano.ddns.net\/?p=48862"},"modified":"2020-10-12T11:12:46","modified_gmt":"2020-10-12T11:12:46","slug":"nace-amin-abel-hasbun-2","status":"publish","type":"post","link":"https:\/\/diariodominicano.com\/?p=48862","title":{"rendered":"Nace Am\u00edn Abel Hasbun"},"content":{"rendered":"<p><body><\/p>\n<p><img decoding=\"async\" src=\"img3\/Amin-Abel-Hasbum-1.jpg\" \/>  <\/p>\n<p><strong>Diariodominicano.com<\/strong><\/p>\n<p><strong>Nace Am\u00edn Abel Hasbun<\/strong><\/p>\n<p><strong>Am\u00edn fue asesinado por agentes de la Polic\u00eda el 24 de septiembre de 1970, luego de ser arrestado en un allanamiento a su residencia.<\/strong><\/p>\n<p><strong>Por H\u00e9ctor Tineo Nolasco<\/strong><\/p>\n<p><strong>Diariodominicano.com<\/strong><\/p>\n<p><strong>SANTO DOMINGO, RD, el 12 de octubre de 1942,<\/strong> naci\u00f3 en Santo Domingo, Am\u00edn Abel Hasbun, quien se destac\u00f3 como l\u00edder estudiantil y del Movimiento Popular Dominicano. <\/p>\n<\/p>\n<p>     Fue asesinado por agentes de la Polic\u00eda el 24 de septiembre de 1970, luego de ser arrestado en un allanamiento a su residencia.<\/p>\n<\/p>\n<p>         Am\u00edn Abel Hasbum hab\u00eda  nacido en la ciudad de Santo Domingo el 12 de octubre 1941.<\/p>\n<\/p>\n<p>    Fue muerto en la escalera de su residencia en la  calle Francisco Henr\u00edquez y Carvajal n\u00famero 283, cuando  era conducido por agentes policiales que allanaron la casa. <\/p>\n<\/p>\n<p>   La esposa de Am\u00edn Abel Hasbum, Mirna Santos, dijo que su c\u00f3nyuge fue ultimado por el cabo de la Polic\u00eda Luis Herm\u00f3genes  L\u00f3pez Acosta. <\/p>\n<\/p>\n<p>El agente  le dispar\u00f3 en el momento  en que  el ayudante del Fiscal del Distrito, doctor Tucidides Mart\u00ednez Howley,  se encontraba fuera, lo que provoc\u00f3 un movimiento de protesta en el Pa\u00eds.<\/p>\n<\/p>\n<p>    Am\u00edn Abel Hasbum de  joven se destac\u00f3 por su lucha en el movimiento estudiantil y la izquierda. Por sus actividades pol\u00edticas era objeto de persecuci\u00f3n de parte de agentes de los organismos de seguridad del Gobierno del Presidente Joaqu\u00edn Balaguer.<\/p>\n<\/p>\n<p>      En 1964, fue electo secretario general de la Federaci\u00f3n de Estudiantes Dominicanos (FED) y se gradu\u00f3 Magna Cum Laude de ingenier\u00eda civil.<\/p>\n<\/p>\n<p>    En marzo de 1970, Am\u00edn Abel Hasbum  fue acusado junto <\/p>\n<p>a varios miembros del MPD, incluidos Rafael ?Fafa- Taveras y  Otto Morales, de participar en secuestro del agregado militar de Estados Unidos, el Coronel Donald Jersey Crowly.<\/p>\n<\/p>\n<p>Narciso Isa Conde, al recordar  en \u00abAm\u00edn Abel o la ternura del acero\u00bb,<\/p>\n<p>sus d\u00edas con el dirigente  de izquierda, destaca su dedicaci\u00f3n a los estudios y la amistad de ni\u00f1o.<\/p>\n<\/p>\n<p>\u00abEntre ese legado est\u00e1 su libro \u00abAMERICA LATINA BUSCA SU CAMINO\u00bb (466 aniversario de la UASD, Editora Universitaria), que las nuevas generaciones deben estudiar y debatir, siempre en relaci\u00f3n con el presente que les ha tocado vivir y con el futuro que debemos construir; siempre examinando a profundidad los cambios acaecidos.                           <\/p>\n<\/p>\n<p>\u00abDentro de su obra escrita hay reflexiones que nos convocan al debate sobre lo acontecido y sobre el porvenir: sobretodo porque se inscriben dentro de las primeros esfuerzos y las primeras herej\u00edas revolucionarias dirigidas a romper dogmas y seguid\u00edsimos. <\/p>\n<\/p>\n<p><strong>\u00abAquilatemos, por ejemplo, el valor de estas tres singulares expresiones contenidas en ese texto:<\/strong><\/p>\n<\/p>\n<p><strong>\t\u00abAhora, despu\u00e9s de 12 A\u00f1os de amargas <\/strong>y gloriosas experiencias nos damos cuenta que hacer una revoluci\u00f3n no es una cosa tan f\u00e1cil como parec\u00eda al principio; que no basta con levantar el foco guerrillero para triunfar, sino que las guerras revolucionarias tienen sus leyes espec\u00edficas que corresponden a la realidad socioecon\u00f3mica y pol\u00edtica de cada pa\u00eds; que aprenderse de memoria las obras de los cl\u00e1sicos marxistas y las historias de las revoluciones cubana, rusa o china no dan la l\u00ednea pol\u00edtica concreta a aplicar en nuestros pa\u00edses y que hasta el pensamiento de Mao Tse Tung -que es el marxismo leninismo de nuestra \u00e9poca y que es una gu\u00eda correcta- particularmente para los pa\u00edses coloniales y semi-coloniales tiene que ser interpretado a la luz de nuestra realidad concreta.\u00bb (P\u00e1g. 61)<\/p>\n<\/p>\n<p><strong>\t\u00abEn estos problemas <\/strong>estrat\u00e9gicos el pensamiento marxista latinoamericano ha estado dominado por la l\u00ednea tradicional. La revoluci\u00f3n cubana le hizo una cr\u00edtica practica ?es decir, con los hechos- pero no pudo determinar las causas que los produjeron, con lo cual su cr\u00edtica se qued\u00f3 en el marco del idealismo que los llevo al desprecio  de la pol\u00edtica y a los te\u00f3ricos.\u00bb (P\u00e1g. 74)<\/p>\n<\/p>\n<p><strong>\t\u00abLas tradiciones hist\u00f3ricas<\/strong>, pol\u00edticas, culturales, etc no despertaron ning\u00fan inter\u00e9s en los te\u00f3ricos marxistas tradicionales de Latinoam\u00e9rica. Antes bien las despreciaron por que llevaban las acciones  y  los hechos de un movimiento dirigido por la burgues\u00eda. \u00ab(P\u00e1g.79)<\/p>\n<\/p>\n<p>\u00abEn estas l\u00edneas se siente el trascendente y valioso esfuerzo por rebelarse contra el euro-centrismo presente en la impronta marxista-dogm\u00e1tica de esos tiempos.<\/p>\n<\/p>\n<p>\u00abEse desaf\u00edo, trillado con fuerza en las \u00faltimas d\u00e9cadas por el renacer y desarrollo del marxismo latino-caribe\u00f1o, sigue presente con nuevas exigencias.<\/p>\n<\/p>\n<p>\u00abSe trata de asumir el acervo cient\u00edfico universal conectado a nuestra historia, a nuestras culturas, a nuestras formaciones sociales y a su evoluci\u00f3n, a las caracter\u00edsticas de las imposiciones pol\u00edticas, a los impactos de la colonizaci\u00f3n, el neocolonialismo y la recolonizaci\u00f3n neoliberal sobre nuestras sociedades y sobre las elaboraciones ideol\u00f3gicas de diversos signos.<\/p>\n<\/p>\n<p>\u00abSe trata de crear teor\u00eda propia y pol\u00edticas propias sobre y frente a un capitalismo, un sistema pol\u00edtico-institucional y una clase dominante-gobernante muy concretos\/as, inmersos\/as en la dependencia, condicionados\/as por arritmias hist\u00f3ricas y por las superposiciones de modos de producci\u00f3n y fuertes lastres de formaciones y culturas pol\u00edticas injertadas, e impactado en el presente de la peor manera  por la neo-liberalizaci\u00f3n y globalizaci\u00f3n del capital. (Narciso Isa Conde, Am\u00edn Abel o la ternura del acero) <\/p>\n<\/p>\n<p>Santo Domingo 24-09- 2011, 23-09-2014.<\/p>\n<\/p>\n<h6> 2020-10-12 11:12:46 <\/h6>\n<p><!--\n<link rel=\"stylesheet\" href=\"css\/bootstrap.min.css\">\n\n\n<ul class=\"pagination\">\n\t    \n\t\n\n<li >\n\t<a href='?page_no=155'>Previous<\/a>\n\t<\/li>\n\n\n       \n    \n\n<li><a href='?page_no=1'>1<\/a><\/li>\n\n\n\n<li><a href='?page_no=2'>2<\/a><\/li>\n\n\n\n<li><a>...<\/a><\/li>\n\n\n\n<li><a href='?page_no=154'>154<\/a><\/li>\n\n\n\n<li><a href='?page_no=155'>155<\/a><\/li>\n\n\n\n<li class='active'><a>156<\/a><\/li>\n\n\n\n<li><a href='?page_no=157'>157<\/a><\/li>\n\n\n\n<li><a href='?page_no=158'>158<\/a><\/li>\n\n\n\n<li><a>...<\/a><\/li>\n\n\n\n<li><a href='?page_no=22911'>22911<\/a><\/li>\n\n\n\n<li><a href='?page_no=22912'>22912<\/a><\/li>\n\n    \n\t\n\n<li >\n\t<a href='?page_no=157'>Next<\/a>\n\t<\/li>\n\n\n    \n\n<li><a href='?page_no=22912'>Last &rsaquo;&rsaquo;<\/a><\/li>\n\n<\/ul>\n\n\n--><br \/>\n<\/body><\/p>\n","protected":false},"excerpt":{"rendered":"<p>Diariodominicano.com Nace Am\u00edn Abel Hasbun Am\u00edn fue asesinado por agentes de la Polic\u00eda el 24 de septiembre de 1970, luego de ser arrestado en un allanamiento a su residencia. Por H\u00e9ctor Tineo Nolasco Diariodominicano.com SANTO DOMINGO, RD, el 12 de octubre de 1942, naci\u00f3 en Santo Domingo, Am\u00edn Abel Hasbun, quien se destac\u00f3 como l\u00edder [&hellip;]<\/p>\n","protected":false},"author":3,"featured_media":0,"comment_status":"open","ping_status":"open","sticky":false,"template":"","format":"standard","meta":{"footnotes":""},"categories":[21],"tags":[],"class_list":["post-48862","post","type-post","status-publish","format-standard","hentry","category-cultura"],"_links":{"self":[{"href":"https:\/\/diariodominicano.com\/index.php?rest_route=\/wp\/v2\/posts\/48862","targetHints":{"allow":["GET"]}}],"collection":[{"href":"https:\/\/diariodominicano.com\/index.php?rest_route=\/wp\/v2\/posts"}],"about":[{"href":"https:\/\/diariodominicano.com\/index.php?rest_route=\/wp\/v2\/types\/post"}],"author":[{"embeddable":true,"href":"https:\/\/diariodominicano.com\/index.php?rest_route=\/wp\/v2\/users\/3"}],"replies":[{"embeddable":true,"href":"https:\/\/diariodominicano.com\/index.php?rest_route=%2Fwp%2Fv2%2Fcomments&post=48862"}],"version-history":[{"count":0,"href":"https:\/\/diariodominicano.com\/index.php?rest_route=\/wp\/v2\/posts\/48862\/revisions"}],"wp:attachment":[{"href":"https:\/\/diariodominicano.com\/index.php?rest_route=%2Fwp%2Fv2%2Fmedia&parent=48862"}],"wp:term":[{"taxonomy":"category","embeddable":true,"href":"https:\/\/diariodominicano.com\/index.php?rest_route=%2Fwp%2Fv2%2Fcategories&post=48862"},{"taxonomy":"post_tag","embeddable":true,"href":"https:\/\/diariodominicano.com\/index.php?rest_route=%2Fwp%2Fv2%2Ftags&post=48862"}],"curies":[{"name":"wp","href":"https:\/\/api.w.org\/{rel}","templated":true}]}}