{"id":48851,"date":"2020-10-12T12:12:22","date_gmt":"2020-10-12T12:12:22","guid":{"rendered":"http:\/\/diariodominicano.ddns.net\/?p=48851"},"modified":"2020-10-12T12:12:22","modified_gmt":"2020-10-12T12:12:22","slug":"centro-cultural-borges-de-argentina-cumple-25-anos-de-vida","status":"publish","type":"post","link":"https:\/\/diariodominicano.com\/?p=48851","title":{"rendered":"Centro Cultural Borges de Argentina cumple 25 a\u00f1os de vida"},"content":{"rendered":"<p><body><\/p>\n<p><img decoding=\"async\" src=\"img3\/centro-borges12-10-20.jpg\" \/>  <\/p>\n<p><span class=\"text1noticias\">diariodominicano.com<\/span><\/p>\n<p><span class=\"text1noticias\"> <\/span><\/p>\n<p><span class=\"text1noticias\">Buenos Aires, 12 oct (Prensa Latina) Devenido uno de los espacios culturales m\u00e1s prol\u00edficos de Buenos Aires, el Centro Borges se alista hoy para festejar el venidero 18 de octubre sus 25 a\u00f1os de vida con un exquisito programa que abarcar\u00e1 dos exposiciones.<\/span><\/p>\n<p><span class=\"text1noticias\"> <\/span><\/p>\n<p><span class=\"text1noticias\">Sus organizadores tienen programado celebrar el onom\u00e1stico del CCB (Centro Cultural Borges), como se le conoce, primero con una muestra titulada Boris Lurie, Memoria, retrospectiva del artista estadounidense, con el apoyo del Museo Jud\u00edo de Buenos Aires.<\/span><\/p>\n<p><span class=\"text1noticias\"> <\/span><\/p>\n<p><span class=\"text1noticias\">&#8216;Lurie, quien nos dej\u00f3 un gran legado y ante la diversidad jam\u00e1s baj\u00f3 los brazos, nos alent\u00f3 a seguir adelante bajo toda circunstancia, para difundir los valores por los que luch\u00f3 y debemos luchar: no al olvido, no al consumismo, no a la discriminaci\u00f3n, no al capitalismo, no al no conocer la verdad, no al arte para unos pocos&#8217;, apunta la convocatoria.<\/span><\/p>\n<p><span class=\"text1noticias\"> <\/span><\/p>\n<p><span class=\"text1noticias\">Fundador del movimiento de vanguardia NO! Art, en que participaron artistas como Rocco Armento, Isser Aronovichi, Allan D\u00b4Argangello,o Michael Stuart, la exposici\u00f3n de Lurie ser\u00e1 una de dos que exhibir\u00e1 la instituci\u00f3n como parte del programa de aniversario.<\/span><\/p>\n<p><span class=\"text1noticias\"> <\/span><\/p>\n<p><span class=\"text1noticias\">La otra lleva por t\u00edtulo Ramuntcho Matta, y cuenta con coproducci\u00f3n del artista multidisplinario franc\u00e9s, quien exhibir\u00e1 la exposici\u00f3n de dibujos La Ventana Interior, con la participaci\u00f3n especial de destacados artistas argentinos.<\/span><\/p>\n<p><span class=\"text1noticias\"> <\/span><\/p>\n<p><span class=\"text1noticias\">Hijo del pintor Roberto Matta, Ramuntcho, quien trabaj\u00f3 en colaboraci\u00f3n con creadores como Brion Gysin y Laurie Anderson, es m\u00fasico, poeta, dise\u00f1ador de sonidos y dibujante. Fund\u00f3 y dirige el Centro Cultural Lizieres, en las afueras de Par\u00eds.<\/span><\/p>\n<p><span class=\"text1noticias\"> <\/span><\/p>\n<p><span class=\"text1noticias\">Asentado en la conocida Galer\u00eda Pac\u00edfico, el Centro Borges naci\u00f3 el 18 de octubre de 1995 y desde entonces se ha convertido en uno de los varios templos dedicados al arte en la capital argentina.<\/span><\/p>\n<p><span class=\"text1noticias\"> <\/span><\/p>\n<p><span class=\"text1noticias\">El lugar fue concebido como un centro multidisciplinario marcado por la contemporaneidad, un espacio donde conviven las artes visuales, la m\u00fasica, la danza, las artes esc\u00e9nicas, y talleres de distintas disciplinas.<\/span><\/p>\n<p><span class=\"text1noticias\"> <\/span><\/p>\n<p><span class=\"text1noticias\">Por su galer\u00eda han pasado exposiciones de Henri Toulouse, Andy Warhol, Antoni Tapies, Pier Paolo Pasolini, pero tambi\u00e9n de un amplio grupo de artistas argentinos entre los que sobresalen Antonio Berni, R\u00f3mulo Maccio, Antonio Segu\u00ed o Julio Le Parc.<\/span><\/p>\n<p><span class=\"text1noticias\"> <\/span><\/p>\n<p><span class=\"text1noticias\">Desde su inauguraci\u00f3n, el Borges tambi\u00e9n ha abierto las puertas a la m\u00fasica y el arte en sus diversas manifestaciones con conciertos de la Camerata Bariloche, ha sido subsede del Festival Internacional de Guitarras y el Festival Internacional de Piano Blanco y Negro, por citar varios ejemplos<\/span>.<\/p>\n<\/p>\n<p>tgj\/may<\/p>\n<h6> 2020-10-12 12:12:22 <\/h6>\n<p><!--\n<link rel=\"stylesheet\" href=\"css\/bootstrap.min.css\">\n\n\n<ul class=\"pagination\">\n\t    \n\t\n\n<li >\n\t<a href='?page_no=154'>Previous<\/a>\n\t<\/li>\n\n\n       \n    \n\n<li><a href='?page_no=1'>1<\/a><\/li>\n\n\n\n<li><a href='?page_no=2'>2<\/a><\/li>\n\n\n\n<li><a>...<\/a><\/li>\n\n\n\n<li><a href='?page_no=153'>153<\/a><\/li>\n\n\n\n<li><a href='?page_no=154'>154<\/a><\/li>\n\n\n\n<li class='active'><a>155<\/a><\/li>\n\n\n\n<li><a href='?page_no=156'>156<\/a><\/li>\n\n\n\n<li><a href='?page_no=157'>157<\/a><\/li>\n\n\n\n<li><a>...<\/a><\/li>\n\n\n\n<li><a href='?page_no=22911'>22911<\/a><\/li>\n\n\n\n<li><a href='?page_no=22912'>22912<\/a><\/li>\n\n    \n\t\n\n<li >\n\t<a href='?page_no=156'>Next<\/a>\n\t<\/li>\n\n\n    \n\n<li><a href='?page_no=22912'>Last &rsaquo;&rsaquo;<\/a><\/li>\n\n<\/ul>\n\n\n--><br \/>\n<\/body><\/p>\n","protected":false},"excerpt":{"rendered":"<p>diariodominicano.com Buenos Aires, 12 oct (Prensa Latina) Devenido uno de los espacios culturales m\u00e1s prol\u00edficos de Buenos Aires, el Centro Borges se alista hoy para festejar el venidero 18 de octubre sus 25 a\u00f1os de vida con un exquisito programa que abarcar\u00e1 dos exposiciones. Sus organizadores tienen programado celebrar el onom\u00e1stico del CCB (Centro Cultural [&hellip;]<\/p>\n","protected":false},"author":3,"featured_media":0,"comment_status":"open","ping_status":"open","sticky":false,"template":"","format":"standard","meta":{"footnotes":""},"categories":[21],"tags":[],"class_list":["post-48851","post","type-post","status-publish","format-standard","hentry","category-cultura"],"_links":{"self":[{"href":"https:\/\/diariodominicano.com\/index.php?rest_route=\/wp\/v2\/posts\/48851","targetHints":{"allow":["GET"]}}],"collection":[{"href":"https:\/\/diariodominicano.com\/index.php?rest_route=\/wp\/v2\/posts"}],"about":[{"href":"https:\/\/diariodominicano.com\/index.php?rest_route=\/wp\/v2\/types\/post"}],"author":[{"embeddable":true,"href":"https:\/\/diariodominicano.com\/index.php?rest_route=\/wp\/v2\/users\/3"}],"replies":[{"embeddable":true,"href":"https:\/\/diariodominicano.com\/index.php?rest_route=%2Fwp%2Fv2%2Fcomments&post=48851"}],"version-history":[{"count":0,"href":"https:\/\/diariodominicano.com\/index.php?rest_route=\/wp\/v2\/posts\/48851\/revisions"}],"wp:attachment":[{"href":"https:\/\/diariodominicano.com\/index.php?rest_route=%2Fwp%2Fv2%2Fmedia&parent=48851"}],"wp:term":[{"taxonomy":"category","embeddable":true,"href":"https:\/\/diariodominicano.com\/index.php?rest_route=%2Fwp%2Fv2%2Fcategories&post=48851"},{"taxonomy":"post_tag","embeddable":true,"href":"https:\/\/diariodominicano.com\/index.php?rest_route=%2Fwp%2Fv2%2Ftags&post=48851"}],"curies":[{"name":"wp","href":"https:\/\/api.w.org\/{rel}","templated":true}]}}