{"id":48840,"date":"2020-10-12T23:50:25","date_gmt":"2020-10-12T23:50:25","guid":{"rendered":"http:\/\/diariodominicano.ddns.net\/?p=48840"},"modified":"2020-10-12T23:50:25","modified_gmt":"2020-10-12T23:50:25","slug":"primera-dama-participa-en-concierto-que-abre-las-puertas-del-teatro-nacional","status":"publish","type":"post","link":"https:\/\/diariodominicano.com\/?p=48840","title":{"rendered":"Primera Dama participa en concierto que abre las puertas del Teatro Nacional"},"content":{"rendered":"<p><body><\/p>\n<p><img decoding=\"async\" src=\"img3\/IMG-20201012-WA0051.jpg\" \/><br \/><img decoding=\"async\" src=\"img3\/IMG-20201012-WA0053.jpg\" \/><br \/><img decoding=\"async\" src=\"img3\/IMG-20201012-WA0059.jpg\" \/>  <\/p>\n<p><strong>Diariodominicano.com<\/strong><\/p>\n<p><strong>Primera Dama participa en concierto que abre las puertas del Teatro Nacional<\/strong><\/p>\n<p><strong>Santo Domingo, RD, 12 de octubre de 2020.-<\/strong> La Primera Dama de la Rep\u00fablica, Raquel Arbaje, valor\u00f3 este lunes como positiva la reapertura del Teatro Nacional, tras 7 meses cerrado, como resultado de la pandemia por COVID-19.<\/p>\n<\/p>\n<p>Al participar en el concierto ofecido por la violinista Aysha Syed, Raquel Arbaje, precis\u00f3 sobre la importancia de las bellas artes, en el desarrollo integral de los seres humanos.<\/p>\n<\/p>\n<p>\u00abEl teatro tiene una magia especial. Es capaz de hacernos vivir las m\u00e1s hermosas emociones\u00bb, destac\u00f3 Arbaje.<\/p>\n<\/p>\n<p>La Primera Dama, Raquel Arbaje, acudi\u00f3 al teatro, atendiendo a la invitaci\u00f3n de la ministra de Cultura, Carmen Heredia, quien en su intervenci\u00f3n, antes de la interpretaci\u00f3n de Syed, valor\u00f3 que se est\u00e9n reanudando las actividades culturales en el pa\u00eds, siguiendo los protocolos sanitarios establecidos por las autoridades de salud, por lo que solo se ocup\u00f3 el 25% de sala y el uso de gel antibacterial y de mascarilla, fue obligatorio <\/p>\n<\/p>\n<p>Antes de iniciar el concierto, Raquel Arbaje, comparti\u00f3 con la destacada violinista con quien habl\u00f3 de la posibilidad de realizar un concierto ben\u00e9fico, junto a la Orquesta Sinf\u00f3nica Nacional.<\/p>\n<\/p>\n<p>Durante el concierto, la Primera Dama y los asistentes al teatro, disfrutaron de piezas como \u00abLas 4 estaciones de Vivaldi\u00bb,  as\u00ed como \u00abLa campanella\u00bb de Paganini.<\/p>\n<\/p>\n<p>Adem\u00e1s, las actrices Lilliana D\u00edaz y Lidia Ariza, declamaron distintos poemas que permitieron a los presentes disfrutar una hermosa velada.<\/p>\n<h6> 2020-10-12 23:50:25 <\/h6>\n<p><!--\n<link rel=\"stylesheet\" href=\"css\/bootstrap.min.css\">\n\n\n<ul class=\"pagination\">\n\t    \n\t\n\n<li >\n\t<a href='?page_no=153'>Previous<\/a>\n\t<\/li>\n\n\n       \n    \n\n<li><a href='?page_no=1'>1<\/a><\/li>\n\n\n\n<li><a href='?page_no=2'>2<\/a><\/li>\n\n\n\n<li><a>...<\/a><\/li>\n\n\n\n<li><a href='?page_no=152'>152<\/a><\/li>\n\n\n\n<li><a href='?page_no=153'>153<\/a><\/li>\n\n\n\n<li class='active'><a>154<\/a><\/li>\n\n\n\n<li><a href='?page_no=155'>155<\/a><\/li>\n\n\n\n<li><a href='?page_no=156'>156<\/a><\/li>\n\n\n\n<li><a>...<\/a><\/li>\n\n\n\n<li><a href='?page_no=22911'>22911<\/a><\/li>\n\n\n\n<li><a href='?page_no=22912'>22912<\/a><\/li>\n\n    \n\t\n\n<li >\n\t<a href='?page_no=155'>Next<\/a>\n\t<\/li>\n\n\n    \n\n<li><a href='?page_no=22912'>Last &rsaquo;&rsaquo;<\/a><\/li>\n\n<\/ul>\n\n\n--><br \/>\n<\/body><\/p>\n","protected":false},"excerpt":{"rendered":"<p>Diariodominicano.com Primera Dama participa en concierto que abre las puertas del Teatro Nacional Santo Domingo, RD, 12 de octubre de 2020.- La Primera Dama de la Rep\u00fablica, Raquel Arbaje, valor\u00f3 este lunes como positiva la reapertura del Teatro Nacional, tras 7 meses cerrado, como resultado de la pandemia por COVID-19. Al participar en el concierto [&hellip;]<\/p>\n","protected":false},"author":3,"featured_media":0,"comment_status":"open","ping_status":"open","sticky":false,"template":"","format":"standard","meta":{"footnotes":""},"categories":[21],"tags":[],"class_list":["post-48840","post","type-post","status-publish","format-standard","hentry","category-cultura"],"_links":{"self":[{"href":"https:\/\/diariodominicano.com\/index.php?rest_route=\/wp\/v2\/posts\/48840","targetHints":{"allow":["GET"]}}],"collection":[{"href":"https:\/\/diariodominicano.com\/index.php?rest_route=\/wp\/v2\/posts"}],"about":[{"href":"https:\/\/diariodominicano.com\/index.php?rest_route=\/wp\/v2\/types\/post"}],"author":[{"embeddable":true,"href":"https:\/\/diariodominicano.com\/index.php?rest_route=\/wp\/v2\/users\/3"}],"replies":[{"embeddable":true,"href":"https:\/\/diariodominicano.com\/index.php?rest_route=%2Fwp%2Fv2%2Fcomments&post=48840"}],"version-history":[{"count":0,"href":"https:\/\/diariodominicano.com\/index.php?rest_route=\/wp\/v2\/posts\/48840\/revisions"}],"wp:attachment":[{"href":"https:\/\/diariodominicano.com\/index.php?rest_route=%2Fwp%2Fv2%2Fmedia&parent=48840"}],"wp:term":[{"taxonomy":"category","embeddable":true,"href":"https:\/\/diariodominicano.com\/index.php?rest_route=%2Fwp%2Fv2%2Fcategories&post=48840"},{"taxonomy":"post_tag","embeddable":true,"href":"https:\/\/diariodominicano.com\/index.php?rest_route=%2Fwp%2Fv2%2Ftags&post=48840"}],"curies":[{"name":"wp","href":"https:\/\/api.w.org\/{rel}","templated":true}]}}