{"id":48829,"date":"2020-10-13T01:27:03","date_gmt":"2020-10-13T01:27:03","guid":{"rendered":"http:\/\/diariodominicano.ddns.net\/?p=48829"},"modified":"2020-10-13T01:27:03","modified_gmt":"2020-10-13T01:27:03","slug":"disturbios-marcha-multicolor-y-polleras-cholas-en-protestas-del-12-de-octubre-en-latinoamerica","status":"publish","type":"post","link":"https:\/\/diariodominicano.com\/?p=48829","title":{"rendered":"Disturbios, marcha multicolor y polleras \u00abcholas\u00bb en protestas del 12 de octubre en Latinoam\u00e9rica"},"content":{"rendered":"<p><body><\/p>\n<p><img decoding=\"async\" src=\"img3\/a60a7e72de2b60c03f29a46d287371df8c38a43b.jpg\" \/><br \/><img decoding=\"async\" src=\"img3\/4e84c1b1814f1474e96d4378cf64e0fcbf1d9d24.jpg\" \/><br \/><img decoding=\"async\" src=\"img3\/06d187aa37c09f39d2105dfa45d8b8d3f2b1c0bf.jpg\" \/>  <\/p>\n<p>Disturbios, marcha multicolor y polleras \u00abcholas\u00bb en protestas del 12 de octubre en Latinoam\u00e9rica<\/p>\n<\/p>\n<p>AFP \/ Martin BERNETTI<\/p>\n<p>Un ind\u00edgena mapuche toca una pandereta mientras pasa por delante de un anuncio incendiado por manifestantes que se enfrentan a la polic\u00eda antidisturbios durante una protesta en el marco del D\u00eda de la Raza, en el centro de Santiago, el 12 de octubre de 2020.<\/p>\n<p>Ind\u00edgenas de Chile y Colombia exigieron el lunes la reivindicaci\u00f3n de su derecho ancestral sobre la tierra y el fin de la violencia, mientras mujeres bolivianas tomaron por asalto una estatua de Isabela la Cat\u00f3lica para vestirla de \u00abchola\u00bb y protestar contra c\u00e1nones de belleza y comportamiento europeos supuestamente impuestos.<\/p>\n<\/p>\n<p>Los ind\u00edgenas de diferentes puntos de Sudam\u00e9rica protestaron en el d\u00eda que se conmemora la llegada de los espa\u00f1oles a Am\u00e9rica en 1492.<\/p>\n<\/p>\n<p>En Santiago, cientos de personas se unieron a la resistencia del pueblo Mapuche, en una manifestaci\u00f3n que deriv\u00f3 en enfrentamientos con la polic\u00eda y dej\u00f3 14 personas detenidas.<\/p>\n<\/p>\n<p>Con ropas e instrumentos musicales tradicionales decenas de representantes ind\u00edgenas marcharon hacia Plaza Italia, epicentro de las protestas por mejoras sociales y pol\u00edticas que han sacudidos desde el a\u00f1o pasado a la capital chilena.<\/p>\n<\/p>\n<p>\u00abEl 12 de octubre es una fecha nefasta para los pueblos, para las primeras naciones de Am\u00e9rica, puesto que comienza el genocidio, la explotaci\u00f3n, el despojo, la esclavitud\u00bb, dijo a radio Cooperativa Jorge Huenchull\u00e1n, werk\u00e9n (portavoz) de la Comunidad Mapuche Aut\u00f3noma de Temucuicui, ubicada en la regi\u00f3n de La Araucan\u00eda (sur).<\/p>\n<\/p>\n<p>AFP \/ Martin BERNETTI<\/p>\n<p>Los ind\u00edgenas mapuches bailan y tocan m\u00fasica durante una protesta en el marco del D\u00eda de la Raza, en el centro de Santiago, el 12 de octubre de 2020.<\/p>\n<p>Los ind\u00edgenas llenaron de color la primavera austral, que recibi\u00f3 la protesta con un sol radiante. Sin embargo se ensombreci\u00f3 por disturbios iniciados por encapuchados que incendiaron paraderos del transporte p\u00fablico, destruyeron se\u00f1ales y lanzaron piedras a las fuerzas antidisturbios, que respondieron con gases lacrim\u00f3genos y carros lanza-agua.<\/p>\n<\/p>\n<p>Los mapuches, la mayor etnia chilena, mantiene un conflicto con el Estado por la demanda de tierras en el sur del pa\u00eds que consideran propias por derecho ancestral y que las autoridades entregaron a privados, principalmente empresas madereras.<\/p>\n<\/p>\n<p>&#8211; La sistematicidad de masacres &#8211;<\/p>\n<\/p>\n<p>Igual que los pueblos originarios chilenos, en Colombia los ind\u00edgenas tambi\u00e9n libran una batalla hist\u00f3rica por la tierra.<\/p>\n<\/p>\n<p>AFP \/ Luis ROBAYO<\/p>\n<p>Ind\u00edgenas colombianos que participan en una \u00abMinga\u00bb (reuni\u00f3n ind\u00edgena) llegan a la ciudad de Cali con la expectativa de reunirse con el Presidente.<\/p>\n<p>Vestidos de verde y rojo, as\u00ed como con tapabocas y bastones de mando, miles de ind\u00edgenas colombianos se desplazaron en buses y a pie desde diferentes regiones hasta el municipio de Cali, en el Valle del Cauca, para exigir que terminen las masacres en sus territorios, donde hay grandes extensiones de plant\u00edos de coca.<\/p>\n<\/p>\n<p>\u00abEl principal objetivo por el cual nosotros marchamos hoy es la sistematicidad de masacres que se est\u00e1n presentando en nuestros territorios sin importarle al gobierno lo que nos sucede\u00bb, dijo a la AFP Franky Reinosa, guardia ind\u00edgena del Consejo Regional Ind\u00edgena de Caldas (oeste).<\/p>\n<\/p>\n<p>Seg\u00fan la Organizaci\u00f3n Nacional Ind\u00edgena de Colombia, al menos 167 ind\u00edgenas han sido asesinados desde que agosto de 2018.<\/p>\n<\/p>\n<p>AFP \/ Luis ROBAYO<\/p>\n<p>Un ind\u00edgena colombiano participante en una \u00abMinga\u00bb (encuentro ind\u00edgena) camina por la carretera panamericana mientras llega junto a otros a la ciudad de Cali con la expectativa de encontrarse con el presidente Iv\u00e1n Duque, el 12 de octubre de 2020.<\/p>\n<p>Los manifestantes se reunieron con una delegaci\u00f3n encabezada por el ministerio del Interior, sin llegar a un consenso.<\/p>\n<\/p>\n<p>Tras el encuentro, el consejero mayor del Consejo Regional Ind\u00edgena del Cauca, Ferley Quintero, advirti\u00f3 que la respuesta del gobierno \u00abno fue satisfactoria\u00bb.<\/p>\n<\/p>\n<p>\u00abNos levantamos de la mesa, pero no renunciamos al di\u00e1logo\u00bb, agreg\u00f3.<\/p>\n<\/p>\n<p>Por su parte, Presidencia indic\u00f3 en un comunicado que seguir\u00e1 \u00abbuscando establecer rutas de trabajo para atender inquietudes\u00bb de los manifestantes, que incluyen a campesinos y afrodescendientes.<\/p>\n<\/p>\n<p>&#8211; La mujer de pollera &#8211;<\/p>\n<\/p>\n<p>En Bolivia, las protestas por el d\u00eda de la raza corrieron por cuenta de las mujeres que vistieron como una \u00abchola\u00bb a la estatua de la reina Isabel la Cat\u00f3lica, que financi\u00f3 la expedici\u00f3n de Crist\u00f3bal Col\u00f3n en 1492.<\/p>\n<\/p>\n<p>Las activistas colocaron un sombrero t\u00edpico sobre la cabeza de la reina de Castilla y un colorido \u00abaguayo\u00bb, manta de lana tradicional con la que las mujeres andinas o \u00abcholas\u00bb cargan a sus beb\u00e9s en la espalda.<\/p>\n<\/p>\n<p>\u00abLo que se quer\u00eda demostrar al ponerle pollera a Isabel es demostrar que nuestro \u00edcono como mujer es la mujer de pollera. Reconocer [tambi\u00e9n] que la colonizaci\u00f3n ha sido un genocidio, que no hab\u00eda que descubrir Am\u00e9rica, que Am\u00e9rica ya ten\u00eda sociedades conformadas\u00bb, dijo a la AFP Diana, una activista de 18 a\u00f1os que prefiri\u00f3 no dar su apellido.<\/p>\n<\/p>\n<p>AFP \/ LUIS GANDARILLAS<\/p>\n<p>Estatua de Isabel I, Reina de Castilla, con una falda tradicional ind\u00edgena andina, colocada por activistas, durante el D\u00eda de la Hispanidad en La Paz, el 12 de octubre de 2020.<\/p>\n<p>Las manifestantes colocaron un cartel que dec\u00eda \u00abPlaza Chola Globalizada\u00bb para protestar la supuesta imposici\u00f3n de \u00abest\u00e1ndares de belleza europeos\u00bb, explic\u00f3 Diana.<\/p>\n<\/p>\n<p>\u00abNos dicen birlochas, indias, cholas, putas. Ahora estaba pasando un se\u00f1or (por la plaza) que nos dec\u00eda &#8216;ratas de la sociedad&#8217;. Pues estas ratas estamos luchando por un futuro mejor\u00bb, dijo de su lado Katy, de 18 a\u00f1os.<\/p>\n<\/p>\n<p>&#8211; Reivindicar espacios p\u00fablicos &#8211;<\/p>\n<\/p>\n<p>El Venezuela, el presidente venezolano, Nicol\u00e1s Maduro, reemplaz\u00f3 el nombre de la principal autopista de Caracas, bautizada Francisco Fajardo en honor a un colonizador descendiente de espa\u00f1oles nacido en territorio de la actual Venezuela, por el de un cacique ind\u00edgena.<\/p>\n<\/p>\n<p>\u00abHe decidido (&#8230;) iniciar de manera progresiva, gradual, organizada y disciplinada un proceso para descolonizar y para reivindicar todos los espacios p\u00fablicos que llevan nombres de colonizadores, de conquistadores y de genocidas, y a partir de hoy\u00bb la autopista Francisco Fajardo, que conecta de extremo a extremo a la capital venezolana, se llamar\u00e1 \u00abGran Cacique Guaicaipuro\u00bb, anunci\u00f3 Maduro.<\/p>\n<h6> 2020-10-13 01:27:03 <\/h6>\n<p><!--\n<link rel=\"stylesheet\" href=\"css\/bootstrap.min.css\">\n\n\n<ul class=\"pagination\">\n\t    \n\t\n\n<li >\n\t<a href='?page_no=152'>Previous<\/a>\n\t<\/li>\n\n\n       \n    \n\n<li><a href='?page_no=1'>1<\/a><\/li>\n\n\n\n<li><a href='?page_no=2'>2<\/a><\/li>\n\n\n\n<li><a>...<\/a><\/li>\n\n\n\n<li><a href='?page_no=151'>151<\/a><\/li>\n\n\n\n<li><a href='?page_no=152'>152<\/a><\/li>\n\n\n\n<li class='active'><a>153<\/a><\/li>\n\n\n\n<li><a href='?page_no=154'>154<\/a><\/li>\n\n\n\n<li><a href='?page_no=155'>155<\/a><\/li>\n\n\n\n<li><a>...<\/a><\/li>\n\n\n\n<li><a href='?page_no=22911'>22911<\/a><\/li>\n\n\n\n<li><a href='?page_no=22912'>22912<\/a><\/li>\n\n    \n\t\n\n<li >\n\t<a href='?page_no=154'>Next<\/a>\n\t<\/li>\n\n\n    \n\n<li><a href='?page_no=22912'>Last &rsaquo;&rsaquo;<\/a><\/li>\n\n<\/ul>\n\n\n--><br \/>\n<\/body><\/p>\n","protected":false},"excerpt":{"rendered":"<p>Disturbios, marcha multicolor y polleras \u00abcholas\u00bb en protestas del 12 de octubre en Latinoam\u00e9rica AFP \/ Martin BERNETTI Un ind\u00edgena mapuche toca una pandereta mientras pasa por delante de un anuncio incendiado por manifestantes que se enfrentan a la polic\u00eda antidisturbios durante una protesta en el marco del D\u00eda de la Raza, en el centro [&hellip;]<\/p>\n","protected":false},"author":3,"featured_media":0,"comment_status":"open","ping_status":"open","sticky":false,"template":"","format":"standard","meta":{"footnotes":""},"categories":[21],"tags":[],"class_list":["post-48829","post","type-post","status-publish","format-standard","hentry","category-cultura"],"_links":{"self":[{"href":"https:\/\/diariodominicano.com\/index.php?rest_route=\/wp\/v2\/posts\/48829","targetHints":{"allow":["GET"]}}],"collection":[{"href":"https:\/\/diariodominicano.com\/index.php?rest_route=\/wp\/v2\/posts"}],"about":[{"href":"https:\/\/diariodominicano.com\/index.php?rest_route=\/wp\/v2\/types\/post"}],"author":[{"embeddable":true,"href":"https:\/\/diariodominicano.com\/index.php?rest_route=\/wp\/v2\/users\/3"}],"replies":[{"embeddable":true,"href":"https:\/\/diariodominicano.com\/index.php?rest_route=%2Fwp%2Fv2%2Fcomments&post=48829"}],"version-history":[{"count":0,"href":"https:\/\/diariodominicano.com\/index.php?rest_route=\/wp\/v2\/posts\/48829\/revisions"}],"wp:attachment":[{"href":"https:\/\/diariodominicano.com\/index.php?rest_route=%2Fwp%2Fv2%2Fmedia&parent=48829"}],"wp:term":[{"taxonomy":"category","embeddable":true,"href":"https:\/\/diariodominicano.com\/index.php?rest_route=%2Fwp%2Fv2%2Fcategories&post=48829"},{"taxonomy":"post_tag","embeddable":true,"href":"https:\/\/diariodominicano.com\/index.php?rest_route=%2Fwp%2Fv2%2Ftags&post=48829"}],"curies":[{"name":"wp","href":"https:\/\/api.w.org\/{rel}","templated":true}]}}