{"id":488121,"date":"2023-11-12T23:37:53","date_gmt":"2023-11-13T03:37:53","guid":{"rendered":"https:\/\/diariodominicano.com\/?p=488121"},"modified":"2023-11-12T23:37:53","modified_gmt":"2023-11-13T03:37:53","slug":"semana-internacional-del-cafe-2023-en-belo-horizonte-brasil","status":"publish","type":"post","link":"https:\/\/diariodominicano.com\/?p=488121","title":{"rendered":"Semana Internacional del Caf\u00e9 2023 en Belo Horizonte, Brasil"},"content":{"rendered":"\n<p><em>spanish.news.cn<\/em>|<em>&nbsp;2023-11-13 10:03:47<\/em>|<\/p>\n\n\n\n<p>BELO HORIZONTE, 10 noviembre, 2023 (Xinhua) &#8212; Imagen del 9 de noviembre de 2023 de un barista preparando caf\u00e9 en la SIC (Semana Internacional del Caf\u00e9) 2023, en Belo Horizonte, Brasil. El evento de tres d\u00edas, con actividades como conferencias, cursos y concursos, atrae a m\u00e1s de 20 mil participantes de m\u00e1s de 40 pa\u00edses y regiones. (Xinhua\/Wang Tiancong)<\/p>\n\n\n\n<figure class=\"wp-block-image\"><img decoding=\"async\" src=\"https:\/\/spanish.xinhuanet.com\/20231113\/32ebb8a3c5544b00b3e5fec46ba59669\/2023111332ebb8a3c5544b00b3e5fec46ba59669_20231111f4eca30be7e342f48a85d92d6d562c1c.jpg\" alt=\"\"\/><\/figure>\n\n\n\n<p>BELO HORIZONTE, 10 noviembre, 2023 (Xinhua) &#8212; Imagen del 9 de noviembre de 2023 de visitantes observando granos de caf\u00e9 tostados en la SIC (Semana Internacional del Caf\u00e9) 2023, en Belo Horizonte, Brasil. El evento de tres d\u00edas, con actividades como conferencias, cursos y concursos, atrae a m\u00e1s de 20 mil participantes de m\u00e1s de 40 pa\u00edses y regiones. (Xinhua\/Wang Tiancong)<\/p>\n\n\n\n<figure class=\"wp-block-image\"><img decoding=\"async\" src=\"https:\/\/spanish.xinhuanet.com\/20231113\/32ebb8a3c5544b00b3e5fec46ba59669\/2023111332ebb8a3c5544b00b3e5fec46ba59669_2023111170cac8bc1e994ad29bc5f4cbae108586.jpg\" alt=\"\"\/><\/figure>\n\n\n\n<p>BELO HORIZONTE, 10 noviembre, 2023 (Xinhua) &#8212; Imagen del 9 de noviembre de 2023 de un visitante tomando fotograf\u00edas de tazas de caf\u00e9 en la SIC (Semana Internacional del Caf\u00e9) 2023, en Belo Horizonte, Brasil. El evento de tres d\u00edas, con actividades como conferencias, cursos y concursos, atrae a m\u00e1s de 20 mil participantes de m\u00e1s de 40 pa\u00edses y regiones. (Xinhua\/Wang Tiancong)<\/p>\n\n\n\n<figure class=\"wp-block-image\"><img decoding=\"async\" src=\"https:\/\/spanish.xinhuanet.com\/20231113\/32ebb8a3c5544b00b3e5fec46ba59669\/2023111332ebb8a3c5544b00b3e5fec46ba59669_202311119ee77e98640043af80012bda2d3094ba.jpg\" alt=\"\"\/><\/figure>\n\n\n\n<p>BELO HORIZONTE, 10 noviembre, 2023 (Xinhua) &#8212; Imagen del 9 de noviembre de 2023 de jueces degustando caf\u00e9 durante una competencia en la SIC (Semana Internacional del Caf\u00e9) 2023, en Belo Horizonte, Brasil. El evento de tres d\u00edas, con actividades como conferencias, cursos y concursos, atrae a m\u00e1s de 20 mil participantes de m\u00e1s de 40 pa\u00edses y regiones. (Xinhua\/Wang Tiancong)<\/p>\n\n\n\n<figure class=\"wp-block-image\"><img decoding=\"async\" src=\"https:\/\/spanish.xinhuanet.com\/20231113\/32ebb8a3c5544b00b3e5fec46ba59669\/2023111332ebb8a3c5544b00b3e5fec46ba59669_202311112f7e2a05cc3a4bc4acd10b6b9e501a86.jpg\" alt=\"\"\/><\/figure>\n\n\n\n<p>BELO HORIZONTE, 10 noviembre, 2023 (Xinhua) &#8212; Imagen del 9 de noviembre de 2023 de visitantes degustando caf\u00e9 en la SIC (Semana Internacional del Caf\u00e9) 2023, en Belo Horizonte, Brasil. El evento de tres d\u00edas, con actividades como conferencias, cursos y concursos, atrae a m\u00e1s de 20 mil participantes de m\u00e1s de 40 pa\u00edses y regiones. (Xinhua\/Wang Tiancong)<\/p>\n","protected":false},"excerpt":{"rendered":"<p>spanish.news.cn|&nbsp;2023-11-13 10:03:47| BELO HORIZONTE, 10 noviembre, 2023 (Xinhua) &#8212; Imagen del 9 de noviembre de 2023 de un barista preparando caf\u00e9 en la SIC (Semana Internacional del Caf\u00e9) 2023, en Belo Horizonte, Brasil. El evento de tres d\u00edas, con actividades como conferencias, cursos y concursos, atrae a m\u00e1s de 20 mil participantes de m\u00e1s de [&hellip;]<\/p>\n","protected":false},"author":28,"featured_media":488122,"comment_status":"closed","ping_status":"","sticky":false,"template":"","format":"standard","meta":{"footnotes":""},"categories":[36,25,32],"tags":[],"class_list":["post-488121","post","type-post","status-publish","format-standard","has-post-thumbnail","hentry","category-hombresmujeresycosas","category-gente","category-turismo"],"_links":{"self":[{"href":"https:\/\/diariodominicano.com\/index.php?rest_route=\/wp\/v2\/posts\/488121","targetHints":{"allow":["GET"]}}],"collection":[{"href":"https:\/\/diariodominicano.com\/index.php?rest_route=\/wp\/v2\/posts"}],"about":[{"href":"https:\/\/diariodominicano.com\/index.php?rest_route=\/wp\/v2\/types\/post"}],"author":[{"embeddable":true,"href":"https:\/\/diariodominicano.com\/index.php?rest_route=\/wp\/v2\/users\/28"}],"replies":[{"embeddable":true,"href":"https:\/\/diariodominicano.com\/index.php?rest_route=%2Fwp%2Fv2%2Fcomments&post=488121"}],"version-history":[{"count":1,"href":"https:\/\/diariodominicano.com\/index.php?rest_route=\/wp\/v2\/posts\/488121\/revisions"}],"predecessor-version":[{"id":488123,"href":"https:\/\/diariodominicano.com\/index.php?rest_route=\/wp\/v2\/posts\/488121\/revisions\/488123"}],"wp:featuredmedia":[{"embeddable":true,"href":"https:\/\/diariodominicano.com\/index.php?rest_route=\/wp\/v2\/media\/488122"}],"wp:attachment":[{"href":"https:\/\/diariodominicano.com\/index.php?rest_route=%2Fwp%2Fv2%2Fmedia&parent=488121"}],"wp:term":[{"taxonomy":"category","embeddable":true,"href":"https:\/\/diariodominicano.com\/index.php?rest_route=%2Fwp%2Fv2%2Fcategories&post=488121"},{"taxonomy":"post_tag","embeddable":true,"href":"https:\/\/diariodominicano.com\/index.php?rest_route=%2Fwp%2Fv2%2Ftags&post=488121"}],"curies":[{"name":"wp","href":"https:\/\/api.w.org\/{rel}","templated":true}]}}