{"id":48807,"date":"2020-10-13T12:39:48","date_gmt":"2020-10-13T12:39:48","guid":{"rendered":"http:\/\/diariodominicano.ddns.net\/?p=48807"},"modified":"2020-10-13T12:39:48","modified_gmt":"2020-10-13T12:39:48","slug":"el-dia-que-radio-caribe-acuso-a-monsenor-hugo-eduardo-polanco-brito-de-conspirar-contra-el-dictador-trujillo","status":"publish","type":"post","link":"https:\/\/diariodominicano.com\/?p=48807","title":{"rendered":"El d\u00eda que Radio Caribe acus\u00f3 a monse\u00f1or Hugo Eduardo Polanco Brito de conspirar contra el dictador Trujillo"},"content":{"rendered":"<p><body><\/p>\n<p><img decoding=\"async\" src=\"img3\/polanco brito00ar.jpg\" \/>  <\/p>\n<p><strong>Diariodominicano.com<\/strong><\/p>\n<p><strong>Radio Caribe contra la Iglesia Cat\u00f3lica<\/strong><\/p>\n<p><strong>Radio Caribe acusa a monse\u00f1or Hugo Eduardo Polanco Brito  de conspirar contra Trujillo<\/strong><\/p>\n<p><strong>La estaci\u00f3n que era controlada por el Jefe del Servicio de Inteligencia Militar (SIM),  Jhonny Abes Garc\u00eda, hab\u00eda desatado una campa\u00f1a contra monse\u00f1or Panal, obispo de la Di\u00f3cesis de La Vega.<\/strong><\/p>\n<p><strong>Por H\u00e9ctor Tineo Nolasco<\/strong><\/p>\n<p><strong>Diariodominicano.com<\/strong><\/p>\n<\/p>\n<p><strong>SANTO DOMINGO, el 13 de octubre de 1960,<\/strong> Radio Caribe, la emisora vocera de la dictadura de Trujillo, acus\u00f3 al obispo de Santiago, monse\u00f1or Hugo Eduardo Polanco Brito de conspirar contra el r\u00e9gimen trujillista.<\/p>\n<\/p>\n<p>     Los ataques de Radio Caribe contra el prelado se sumaron a una campa\u00f1a que desarrollaba la emisora contra la Iglesia Cat\u00f3lica.<\/p>\n<\/p>\n<p>    La estaci\u00f3n que era controlada por el Jefe del Servicio de Inteligencia Militar (SIM),  Jhonny Abes Garc\u00eda, hab\u00eda desatado una campa\u00f1a contra monse\u00f1or Panal, obispo de la Di\u00f3cesis de La Vega.<\/p>\n<\/p>\n<p>El SIM fue el  principal organismo de represi\u00f3n de la dictadura Trujillista. <\/p>\n<\/p>\n<p><strong>Las agresiones contra personalidades de la Iglesia Cat\u00f3lica  provoc\u00f3 el rechazo  de la poblaci\u00f3n aunque no pod\u00eda expresarlo p\u00fablicamente.<\/strong><\/p>\n<p>El dictador Trujillo Molina fue ultimado la noche del 30 de mayo de 19<strong>61.<\/strong><\/p>\n<\/p>\n<p>En el ataque que termin\u00f3 con la vida del dictador Trujillo,  participaron  Antonio De la Maza,  Juan Tom\u00e1s D\u00edaz, Antonio Imbert Barrera, Modesto D\u00edaz, Pedro Livio Cede\u00f1o, Salvador Estrella Sahdal\u00e1, Roberto Pastoriza,  Hu\u00e1scar Tejeda,  y el teniente Amado Garc\u00eda, que pertenec\u00eda a la Guardia Presidencial.<\/p>\n<\/p>\n<p>    En el plan contra Trujillo, tambi\u00e9n participaron Luis AmiamaTi\u00f3 y Luis Manuel ?Tunti- C\u00e1ceres,  pero la noche del atentado  no estuvieron presentes  porque cumpl\u00edan otras actividades.  <\/p>\n<\/p>\n<p>    El dictador Trujillo muri\u00f3 en el lugar  donde hoy est\u00e1 el monumento a los H\u00e9roes del 30 de  Mayo, en la autopista 30 de Mayo, en la zona sur del Distrito Nacional.<\/p>\n<\/p>\n<p>      Los conjurados levantaron el cad\u00e1ver  y lo llevaron  a  la residencia de Juan Tom\u00e1s D\u00edaz, en la calle C\u00e9sar Nicol\u00e1s Penson, en el sector Gazcue de la ciudad de Santo Domingo, donde  la madrugada  del 31 de Mayo   lo tomaron  agentes del Servicio de Inteligencia Militar (SIM.<\/p>\n<\/p>\n<\/p>\n<\/p>\n<\/p>\n<h6> 2020-10-13 12:39:48 <\/h6>\n<p><!--\n<link rel=\"stylesheet\" href=\"css\/bootstrap.min.css\">\n\n\n<ul class=\"pagination\">\n\t    \n\t\n\n<li >\n\t<a href='?page_no=150'>Previous<\/a>\n\t<\/li>\n\n\n       \n    \n\n<li><a href='?page_no=1'>1<\/a><\/li>\n\n\n\n<li><a href='?page_no=2'>2<\/a><\/li>\n\n\n\n<li><a>...<\/a><\/li>\n\n\n\n<li><a href='?page_no=149'>149<\/a><\/li>\n\n\n\n<li><a href='?page_no=150'>150<\/a><\/li>\n\n\n\n<li class='active'><a>151<\/a><\/li>\n\n\n\n<li><a href='?page_no=152'>152<\/a><\/li>\n\n\n\n<li><a href='?page_no=153'>153<\/a><\/li>\n\n\n\n<li><a>...<\/a><\/li>\n\n\n\n<li><a href='?page_no=22911'>22911<\/a><\/li>\n\n\n\n<li><a href='?page_no=22912'>22912<\/a><\/li>\n\n    \n\t\n\n<li >\n\t<a href='?page_no=152'>Next<\/a>\n\t<\/li>\n\n\n    \n\n<li><a href='?page_no=22912'>Last &rsaquo;&rsaquo;<\/a><\/li>\n\n<\/ul>\n\n\n--><br \/>\n<\/body><\/p>\n","protected":false},"excerpt":{"rendered":"<p>Diariodominicano.com Radio Caribe contra la Iglesia Cat\u00f3lica Radio Caribe acusa a monse\u00f1or Hugo Eduardo Polanco Brito de conspirar contra Trujillo La estaci\u00f3n que era controlada por el Jefe del Servicio de Inteligencia Militar (SIM), Jhonny Abes Garc\u00eda, hab\u00eda desatado una campa\u00f1a contra monse\u00f1or Panal, obispo de la Di\u00f3cesis de La Vega. Por H\u00e9ctor Tineo Nolasco [&hellip;]<\/p>\n","protected":false},"author":3,"featured_media":0,"comment_status":"open","ping_status":"open","sticky":false,"template":"","format":"standard","meta":{"footnotes":""},"categories":[21],"tags":[],"class_list":["post-48807","post","type-post","status-publish","format-standard","hentry","category-cultura"],"_links":{"self":[{"href":"https:\/\/diariodominicano.com\/index.php?rest_route=\/wp\/v2\/posts\/48807","targetHints":{"allow":["GET"]}}],"collection":[{"href":"https:\/\/diariodominicano.com\/index.php?rest_route=\/wp\/v2\/posts"}],"about":[{"href":"https:\/\/diariodominicano.com\/index.php?rest_route=\/wp\/v2\/types\/post"}],"author":[{"embeddable":true,"href":"https:\/\/diariodominicano.com\/index.php?rest_route=\/wp\/v2\/users\/3"}],"replies":[{"embeddable":true,"href":"https:\/\/diariodominicano.com\/index.php?rest_route=%2Fwp%2Fv2%2Fcomments&post=48807"}],"version-history":[{"count":0,"href":"https:\/\/diariodominicano.com\/index.php?rest_route=\/wp\/v2\/posts\/48807\/revisions"}],"wp:attachment":[{"href":"https:\/\/diariodominicano.com\/index.php?rest_route=%2Fwp%2Fv2%2Fmedia&parent=48807"}],"wp:term":[{"taxonomy":"category","embeddable":true,"href":"https:\/\/diariodominicano.com\/index.php?rest_route=%2Fwp%2Fv2%2Fcategories&post=48807"},{"taxonomy":"post_tag","embeddable":true,"href":"https:\/\/diariodominicano.com\/index.php?rest_route=%2Fwp%2Fv2%2Ftags&post=48807"}],"curies":[{"name":"wp","href":"https:\/\/api.w.org\/{rel}","templated":true}]}}