{"id":48795,"date":"2020-11-25T22:44:28","date_gmt":"2020-11-25T22:44:28","guid":{"rendered":"http:\/\/diariodominicano.ddns.net\/?p=48795"},"modified":"2020-11-25T22:44:28","modified_gmt":"2020-11-25T22:44:28","slug":"abinader-llama-a-mantener-viva-en-la-memoria-nacional-a-las-hermanas-mirabal","status":"publish","type":"post","link":"https:\/\/diariodominicano.com\/?p=48795","title":{"rendered":"Abinader llama a mantener viva en la memoria nacional a las Hermanas Mirabal"},"content":{"rendered":"<p><body><\/p>\n<p><img decoding=\"async\" src=\"img3\/PteSan Jose de conuco25-11-20.jpeg\" \/>  <\/p>\n<p>diariodominicano.com<\/p>\n<\/p>\n<p>San Jos\u00e9 de Conuco, provincia Hermanas Mirabal, R. D., 25 de noviembre, 2020.- Para honrar la memoria, los grandes aportes a la democracia y a la eliminaci\u00f3n de la violencia contra las mujeres, el presidente Luis Abinader asisti\u00f3 este mi\u00e9rcoles al acto de conmemoraci\u00f3n del 60 aniversario del asesinato de las hermanas Mirabal, realizado en la Casa Museo, en San Jos\u00e9 de Conuco, Salcedo. <\/p>\n<\/p>\n<p>Abinader, acompa\u00f1ado de la primera dama Raquel Arbaje y de la vicepresidenta Raquel Pe\u00f1a, recorri\u00f3 las instalaciones del museo y firm\u00f3 el libro de visitantes distinguidos. Adem\u00e1s, en un acto solemne, depositaron una ofrenda floral en el jard\u00edn del museo. <\/p>\n<\/p>\n<p>\u00abTodo el pa\u00eds debe agradecer que junto a Do\u00f1a Ded\u00e9, que en paz descanse, se han encargado de que se mantenga viva en la memoria nacional e internacional el inmenso sacrificio que signific\u00f3 el asesinato de Patria, Minerva y Mar\u00eda Teresa Mirabal por su lucha pol\u00edtica por nuestra libertad\u00bb, dijo el mandatario. <\/p>\n<\/p>\n<p>Manolo Tav\u00e1rez Mirabal, presidente de la Fundaci\u00f3n Hermanas Mirabal, y Minou Tav\u00e1rez Mirabal, hijos de los l\u00edderes de la resistencia Manolo Tav\u00e1rez Justo y Minerva, figuraron entre los anfitriones del homenaje. <\/p>\n<\/p>\n<p>Igualmente, entre los familiares participaron Nelson Enrique Gonz\u00e1lez y Noris Mercedes Gonz\u00e1lez, hijos de Patria, y Jaime David Fern\u00e1ndez Mirabal, hijo de Ded\u00e9. <\/p>\n<\/p>\n<p>El presidente aprovech\u00f3 el escenario para ratificar su compromiso con la democracia, el respeto a la dignidad humana, a los derechos, a la libre determinaci\u00f3n y a la libertad. <\/p>\n<\/p>\n<p>Signific\u00f3 tambi\u00e9n que este Gobierno est\u00e1 comprometido con la preservaci\u00f3n de la memoria hist\u00f3rica del pueblo dominicano, con la conciencia de la necesidad de honrar la memoria de sus h\u00e9roes y de sostener los fundamentos de la convivencia humana, vinculados al libre ejercicio de los derechos civiles y pol\u00edticos. <\/p>\n<\/p>\n<p>\u00abVisualizo a las hermanas y pienso en mis hijas, tan j\u00f3venes y llenas de vida, y mi deseo de protegerlas y que est\u00e9n seguras, y eso me hace dimensionar lo que vivi\u00f3 la familia Mirabal Reyes\u00bb, expres\u00f3 el presidente.<\/p>\n<\/p>\n<p>El mandatario en un gesto de empat\u00eda familiar, de respeto y admiraci\u00f3n por el sacrifico de las Mirabal, estuvo acompa\u00f1ado en el acto por su hija Graciela Abinader Arbaje. <\/p>\n<\/p>\n<p>Reconoci\u00f3 la valent\u00eda de sus actos y salud\u00f3 la decisi\u00f3n de que todos los pa\u00edses del mundo, en el marco de las Naciones Unidas, decidieron escoger esta fecha para conmemorar el D\u00eda Internacional de la Eliminaci\u00f3n de la Violencia Contra la Mujer, el cual adquiri\u00f3 una simbolog\u00eda universal.<\/p>\n<\/p>\n<p>Ratific\u00f3 su empe\u00f1o en que, como jefe de Gobierno, hechos de esta naturaleza no se repitan jam\u00e1s. <\/p>\n<\/p>\n<p>\u00abTrabajemos en la construcci\u00f3n de un pa\u00eds y un mundo en que nunca m\u00e1s sea necesario ofrendar nuestras vidas por la libertad. Y en donde trabajemos en unidad de prop\u00f3sitos para lograr la transformaci\u00f3n cultural necesaria, para que la violencia hacia las mujeres deje de naturalizarse y justificarse\u00bb, exhort\u00f3. <\/p>\n<\/p>\n<p>Aprovech\u00f3 la ocasi\u00f3n para agradecer profundamente a Rufino de la Cruz, por su responsabilidad, solidaridad y decisi\u00f3n de acompa\u00f1ar a Las Mariposas y hacer de su chofer ese d\u00eda, al tiempo que resalt\u00f3 su desprendimiento y amor por la patria.<\/p>\n<\/p>\n<p>Orden al M\u00e9rito de Duarte, S\u00e1nchez y Mella<\/p>\n<\/p>\n<p>Honrando la memoria hist\u00f3rica y reconociendo el sacrificio de las hermanas Mirabal, el presidente Abinader entreg\u00f3 de manera p\u00f3stuma la \u00ab\u00d3rden al M\u00e9rito de Duarte, S\u00e1nchez y Mella\u00bb a Patria, Minerva y Mar\u00eda Teresa Mirabal. <\/p>\n<\/p>\n<p>Se trata de un alto reconocimiento que eleva el jefe de Estado a dominicanos y dominicanas por sus aportes. <\/p>\n<\/p>\n<p>D\u00eda Internacional de la No Violencia Contra la Mujer <\/p>\n<\/p>\n<p>El 25 de noviembre fue declarado por las Naciones Unidas como el D\u00eda Internacional de la Eliminaci\u00f3n de la Violencia contra la Mujer, en memoria de las hermanas Patria, Minerva y Mar\u00eda Teresa Mirabal.<\/p>\n<\/p>\n<p>Las hermanas fueron asesinadas durante la dictadura de Rafael Le\u00f3nidas Trujillo, el 25 de noviembre de 1960, cuando regresaban de Puerto Plata a Salcedo, donde fueron a ver a sus esposos encarcelados por el r\u00e9gimen. Tambi\u00e9n fue asesinado su vecino Rufino de la Cruz, quien conduc\u00eda el veh\u00edculo. <\/p>\n<\/p>\n<p>Mensaje de Bachelet <\/p>\n<\/p>\n<p>Michelle Bachelet, alta comisionada de las Naciones Unidas para los Derechos Humanos y ex presidenta de Chile, envi\u00f3 un mensaje virtual a prop\u00f3sito de esta conmemoraci\u00f3n.<\/p>\n<\/p>\n<p>\u00abEl ejemplo de las muchachas (Hermanas Mirabal), no es s\u00f3lo inspirador, sino que nos recuerda la valent\u00eda y el coraje que se requiere para poner fin a la violencia contra la mujer\u00bb, dijo. <\/p>\n<\/p>\n<p>Llam\u00f3 a aprovechar esta oportunidad que ofrece la pandemia de la COVID-19, para construir una sociedad mejor, que respete los derechos humanos junto a todas y todos.<\/p>\n<\/p>\n<p>El acto fue llevado a cabo en el jard\u00edn donde descansan los restos de las hermanas Mirabal y de Manolo Tav\u00e1rez Justo, donde Abinader como forma de honrar a Do\u00f1a Ded\u00e9, expres\u00f3: \u00abEllas est\u00e1n siempre vivas en su jard\u00edn\u00bb.<\/p>\n<\/p>\n<p>Participaron en la ceremonia los ministros Administrativo de la Presidencia, Jos\u00e9 Ignacio Paliza; de la Mujer, Mayra Jim\u00e9nez; Educaci\u00f3n Superior, Franklin Garc\u00eda Ferm\u00edn; Industria y Comercio, V\u00edctor -Ito- Bison\u00f3 y de Medio Ambiente, Orlando Jorge Mera. Tambi\u00e9n estuvo presente el director Impuestos Internos, Luis Valdez.<\/p>\n<\/p>\n<p>Entre las autoridades locales asistentes se encuentran el senador de la provincia Hermanas Mirabal, Bautista Rojas G\u00f3mez; la gobernadora, Lissette Nicasio y la alcaldesa del municipio Salcedo, Mercedes Ortiz. <\/p>\n<\/p>\n<p>Fuente: Presidencia de la Rep\u00fablica Dominicana<\/p>\n<p>Noticias<\/p>\n<h6> 2020-11-25 22:44:28 <\/h6>\n<p><!--\n<link rel=\"stylesheet\" href=\"css\/bootstrap.min.css\">\n\n\n<ul class=\"pagination\">\n\t    \n\t\n\n<li >\n\t<a href='?page_no=14'>Previous<\/a>\n\t<\/li>\n\n\n       \n    \n\n<li><a href='?page_no=1'>1<\/a><\/li>\n\n\n\n<li><a href='?page_no=2'>2<\/a><\/li>\n\n\n\n<li><a>...<\/a><\/li>\n\n\n\n<li><a href='?page_no=13'>13<\/a><\/li>\n\n\n\n<li><a href='?page_no=14'>14<\/a><\/li>\n\n\n\n<li class='active'><a>15<\/a><\/li>\n\n\n\n<li><a href='?page_no=16'>16<\/a><\/li>\n\n\n\n<li><a href='?page_no=17'>17<\/a><\/li>\n\n\n\n<li><a>...<\/a><\/li>\n\n\n\n<li><a href='?page_no=22911'>22911<\/a><\/li>\n\n\n\n<li><a href='?page_no=22912'>22912<\/a><\/li>\n\n    \n\t\n\n<li >\n\t<a href='?page_no=16'>Next<\/a>\n\t<\/li>\n\n\n    \n\n<li><a href='?page_no=22912'>Last &rsaquo;&rsaquo;<\/a><\/li>\n\n<\/ul>\n\n\n--><br \/>\n<\/body><\/p>\n","protected":false},"excerpt":{"rendered":"<p>diariodominicano.com San Jos\u00e9 de Conuco, provincia Hermanas Mirabal, R. D., 25 de noviembre, 2020.- Para honrar la memoria, los grandes aportes a la democracia y a la eliminaci\u00f3n de la violencia contra las mujeres, el presidente Luis Abinader asisti\u00f3 este mi\u00e9rcoles al acto de conmemoraci\u00f3n del 60 aniversario del asesinato de las hermanas Mirabal, realizado [&hellip;]<\/p>\n","protected":false},"author":3,"featured_media":0,"comment_status":"open","ping_status":"open","sticky":false,"template":"","format":"standard","meta":{"footnotes":""},"categories":[21],"tags":[],"class_list":["post-48795","post","type-post","status-publish","format-standard","hentry","category-cultura"],"_links":{"self":[{"href":"https:\/\/diariodominicano.com\/index.php?rest_route=\/wp\/v2\/posts\/48795","targetHints":{"allow":["GET"]}}],"collection":[{"href":"https:\/\/diariodominicano.com\/index.php?rest_route=\/wp\/v2\/posts"}],"about":[{"href":"https:\/\/diariodominicano.com\/index.php?rest_route=\/wp\/v2\/types\/post"}],"author":[{"embeddable":true,"href":"https:\/\/diariodominicano.com\/index.php?rest_route=\/wp\/v2\/users\/3"}],"replies":[{"embeddable":true,"href":"https:\/\/diariodominicano.com\/index.php?rest_route=%2Fwp%2Fv2%2Fcomments&post=48795"}],"version-history":[{"count":0,"href":"https:\/\/diariodominicano.com\/index.php?rest_route=\/wp\/v2\/posts\/48795\/revisions"}],"wp:attachment":[{"href":"https:\/\/diariodominicano.com\/index.php?rest_route=%2Fwp%2Fv2%2Fmedia&parent=48795"}],"wp:term":[{"taxonomy":"category","embeddable":true,"href":"https:\/\/diariodominicano.com\/index.php?rest_route=%2Fwp%2Fv2%2Fcategories&post=48795"},{"taxonomy":"post_tag","embeddable":true,"href":"https:\/\/diariodominicano.com\/index.php?rest_route=%2Fwp%2Fv2%2Ftags&post=48795"}],"curies":[{"name":"wp","href":"https:\/\/api.w.org\/{rel}","templated":true}]}}