{"id":48784,"date":"2020-10-13T19:19:11","date_gmt":"2020-10-13T19:19:11","guid":{"rendered":"http:\/\/diariodominicano.ddns.net\/?p=48784"},"modified":"2020-10-13T19:19:11","modified_gmt":"2020-10-13T19:19:11","slug":"el-dia-que-samana-fue-devastada-por-un-incendio","status":"publish","type":"post","link":"https:\/\/diariodominicano.com\/?p=48784","title":{"rendered":"El d\u00eda que Saman\u00e1 fue devastada por un incendio"},"content":{"rendered":"<p><body><\/p>\n<p><strong>Incendio afecta a  Saman\u00e1<\/strong><\/p>\n<p><strong>Diariodominicano.com<\/strong><\/p>\n<p><strong>El d\u00eda que Saman\u00e1 fue devastada por un incendio <\/strong><\/p>\n<p><strong>Una cr\u00f3nica  da cuenta de que las llamas destruyeron casi todas las viviendas.<\/strong><\/p>\n<p><strong>Por HTN<\/strong><\/p>\n<p><strong>Diariodominicano.com<\/strong><\/p>\n<\/p>\n<p><strong>   SAMANA, el 14 de octubre de 1946, u<\/strong>n incendio devast\u00f3 a la ciudad Santa B\u00e1rbara de Saman\u00e1.<\/p>\n<\/p>\n<p>Una cr\u00f3nica  da cuenta de que las llamas destruyeron casi todas las viviendas.<\/p>\n<\/p>\n<p>En la \u00e9poca casi todas las casas  de Saman\u00e1 eran construcciones de madera y zinc.<\/p>\n<\/p>\n<p>Saman\u00e1,  fue fundada  el 4 de Junio de 1867 como Distrito tur\u00edstico. Su  nombre se origina en el Cacicazgo Saman\u00e1, la identidad ind\u00edgena de la regi\u00f3n. Tiene una superficie de 853,74 Km. cuadrados y una poblaci\u00f3n de m\u00e1s de  95.000 personas. <\/p>\n<\/p>\n<p>La ciudad Santa   Barbara Saman\u00e1, es la capital de la provincia Saman\u00e1. Est\u00e1   limitada al Norte y Este por  el Oce\u00e1no Atl\u00e1ntico, al Sur por la Bah\u00eda de Saman\u00e1 y la provincia Monte Plata y al Oeste por las provincias  Duarte y Mar\u00eda Trinidad S\u00e1nchez.<\/p>\n<\/p>\n<p>Saman\u00e1, es uno de los principales polos tur\u00edsticos de Rep\u00fablica Dominicana.<\/p>\n<\/p>\n<\/p>\n<\/p>\n<h6> 2020-10-13 19:19:11 <\/h6>\n<p><!--\n<link rel=\"stylesheet\" href=\"css\/bootstrap.min.css\">\n\n\n<ul class=\"pagination\">\n\t    \n\t\n\n<li >\n\t<a href='?page_no=148'>Previous<\/a>\n\t<\/li>\n\n\n       \n    \n\n<li><a href='?page_no=1'>1<\/a><\/li>\n\n\n\n<li><a href='?page_no=2'>2<\/a><\/li>\n\n\n\n<li><a>...<\/a><\/li>\n\n\n\n<li><a href='?page_no=147'>147<\/a><\/li>\n\n\n\n<li><a href='?page_no=148'>148<\/a><\/li>\n\n\n\n<li class='active'><a>149<\/a><\/li>\n\n\n\n<li><a href='?page_no=150'>150<\/a><\/li>\n\n\n\n<li><a href='?page_no=151'>151<\/a><\/li>\n\n\n\n<li><a>...<\/a><\/li>\n\n\n\n<li><a href='?page_no=22911'>22911<\/a><\/li>\n\n\n\n<li><a href='?page_no=22912'>22912<\/a><\/li>\n\n    \n\t\n\n<li >\n\t<a href='?page_no=150'>Next<\/a>\n\t<\/li>\n\n\n    \n\n<li><a href='?page_no=22912'>Last &rsaquo;&rsaquo;<\/a><\/li>\n\n<\/ul>\n\n\n--><br \/>\n<\/body><\/p>\n","protected":false},"excerpt":{"rendered":"<p>Incendio afecta a Saman\u00e1 Diariodominicano.com El d\u00eda que Saman\u00e1 fue devastada por un incendio Una cr\u00f3nica da cuenta de que las llamas destruyeron casi todas las viviendas. Por HTN Diariodominicano.com SAMANA, el 14 de octubre de 1946, un incendio devast\u00f3 a la ciudad Santa B\u00e1rbara de Saman\u00e1. Una cr\u00f3nica da cuenta de que las llamas [&hellip;]<\/p>\n","protected":false},"author":3,"featured_media":0,"comment_status":"open","ping_status":"open","sticky":false,"template":"","format":"standard","meta":{"footnotes":""},"categories":[21],"tags":[],"class_list":["post-48784","post","type-post","status-publish","format-standard","hentry","category-cultura"],"_links":{"self":[{"href":"https:\/\/diariodominicano.com\/index.php?rest_route=\/wp\/v2\/posts\/48784","targetHints":{"allow":["GET"]}}],"collection":[{"href":"https:\/\/diariodominicano.com\/index.php?rest_route=\/wp\/v2\/posts"}],"about":[{"href":"https:\/\/diariodominicano.com\/index.php?rest_route=\/wp\/v2\/types\/post"}],"author":[{"embeddable":true,"href":"https:\/\/diariodominicano.com\/index.php?rest_route=\/wp\/v2\/users\/3"}],"replies":[{"embeddable":true,"href":"https:\/\/diariodominicano.com\/index.php?rest_route=%2Fwp%2Fv2%2Fcomments&post=48784"}],"version-history":[{"count":0,"href":"https:\/\/diariodominicano.com\/index.php?rest_route=\/wp\/v2\/posts\/48784\/revisions"}],"wp:attachment":[{"href":"https:\/\/diariodominicano.com\/index.php?rest_route=%2Fwp%2Fv2%2Fmedia&parent=48784"}],"wp:term":[{"taxonomy":"category","embeddable":true,"href":"https:\/\/diariodominicano.com\/index.php?rest_route=%2Fwp%2Fv2%2Fcategories&post=48784"},{"taxonomy":"post_tag","embeddable":true,"href":"https:\/\/diariodominicano.com\/index.php?rest_route=%2Fwp%2Fv2%2Ftags&post=48784"}],"curies":[{"name":"wp","href":"https:\/\/api.w.org\/{rel}","templated":true}]}}