{"id":487827,"date":"2023-11-11T01:34:01","date_gmt":"2023-11-11T05:34:01","guid":{"rendered":"https:\/\/diariodominicano.com\/?p=487827"},"modified":"2023-11-11T01:46:12","modified_gmt":"2023-11-11T05:46:12","slug":"primer-periodo-del-gobierno-de-trujillo","status":"publish","type":"post","link":"https:\/\/diariodominicano.com\/?p=487827","title":{"rendered":"PRIMER PER\u00cdODO DEL GOBIERNO DE TRUJILLO"},"content":{"rendered":"\n<p>POR TE\u00d3FILO LAPPOT ROBLES<\/p>\n\n\n\n<p>Conforme avanzaba el calendario del primer per\u00edodo del gobierno de Rafael L. Trujillo el pueblo dominicano iba padeciendo m\u00e1s hechos ominosos (encarcelamientos, torturas, muerte, exilio, robos, extorsiones, etc.) que iban dibujando la que ser\u00eda una de las tiran\u00edas m\u00e1s crueles de Am\u00e9rica Latina.<\/p>\n\n\n\n<p>Trujillo ten\u00eda un vivo inter\u00e9s en demostrar desde el principio de su terrible administraci\u00f3n gubernamental de lo que era capaz de hacer para mantener aterrorizado al pueblo. Por eso increment\u00f3 las tumbas, las celdas carcelarias y las desapariciones.<\/p>\n\n\n\n<p>Como dicho gobernante no ten\u00eda &nbsp;lo que en filosof\u00eda se conoce como dilemas morales ni problemas casu\u00edsticos hizo que el 26 de mayo de 1933 el sumiso Congreso Nacional que le serv\u00eda de mampara para aparentar un ambiente de legalidad lo declarara como \u201cgeneral\u00edsimo de los Ej\u00e9rcitos Nacionales\u201d.<\/p>\n\n\n\n<p>Ya antes, el 9 de noviembre de 1932, ese mismo cuerpo legislativo, integrado en su mayor parte por forofos de Trujillo, reunido en la ciudad de Santiago de los Caballeros, lo hab\u00eda proclamado como&nbsp; \u201cBenefactor de la Patria\u201d, para lo cual se us\u00f3 una sarta de mentiras.<\/p>\n\n\n\n<p>Se puede decir, sin posibilidad de equivocaci\u00f3n, que dicho gobernante se adelant\u00f3 con varios a\u00f1os de por medio a lo que en Alemania fue, el 9 de noviembre de 1938, la noche de los cristales rotos, cuando los nazis cometieron cr\u00edmenes a mansalva contra los jud\u00edos.<\/p>\n\n\n\n<p>En el primer tramo del largo r\u00e9gimen de opresi\u00f3n que presidi\u00f3 se puso en pr\u00e1ctica lo que luego se ha venido aplicando hasta el presente en diversos lugares del mundo, el llamado \u201clawfare\u201d, que no es otra cosa que una guerra jur\u00eddica, mediante la cual se hace un uso indebido de los tribunales de justicia&nbsp; para llevar a cabo persecuciones pol\u00edticas bajo el disfraz de expedientes por supuestos hechos il\u00edcitos de responsabilidad especialmente penal.<\/p>\n\n\n\n<figure class=\"wp-block-image size-large is-resized\"><img loading=\"lazy\" decoding=\"async\" src=\"https:\/\/diariodominicano.com\/wp-content\/uploads\/2022\/04\/Juan_Bosch_1963-768x1024.jpg\" alt=\"\" class=\"wp-image-349207\" width=\"616\" height=\"821\" srcset=\"https:\/\/diariodominicano.com\/wp-content\/uploads\/2022\/04\/Juan_Bosch_1963-768x1024.jpg 768w, https:\/\/diariodominicano.com\/wp-content\/uploads\/2022\/04\/Juan_Bosch_1963-225x300.jpg 225w, https:\/\/diariodominicano.com\/wp-content\/uploads\/2022\/04\/Juan_Bosch_1963.jpg 791w\" sizes=\"auto, (max-width: 616px) 100vw, 616px\" \/><figcaption>De regering bood de president van Dominicaanse Republiek lunch aan in Hotel de Witte Brug te Den Haag \n*14 februari 1963<\/figcaption><\/figure>\n\n\n\n<p>Antes de Trujillo agotar su nefasta primera jefatura suprema del pa\u00eds fueron apresados, torturados o sufrieron los rigores del exilio&nbsp; personajes como Juan Bosch, Arturo Pellerano (director del peri\u00f3dico List\u00edn Diario), Ram\u00f3n Vila Piola, Angel Miol\u00e1n, Juan Isidro Jim\u00e9nez Grull\u00f3n y muchos m\u00e1s.<\/p>\n\n\n\n<figure class=\"wp-block-image size-large\"><img loading=\"lazy\" decoding=\"async\" width=\"1024\" height=\"681\" src=\"https:\/\/diariodominicano.com\/wp-content\/uploads\/2023\/02\/Angel-Miolan-1024x681.jpg\" alt=\"\" class=\"wp-image-417972\" srcset=\"https:\/\/diariodominicano.com\/wp-content\/uploads\/2023\/02\/Angel-Miolan-1024x681.jpg 1024w, https:\/\/diariodominicano.com\/wp-content\/uploads\/2023\/02\/Angel-Miolan-300x200.jpg 300w, https:\/\/diariodominicano.com\/wp-content\/uploads\/2023\/02\/Angel-Miolan-768x511.jpg 768w, https:\/\/diariodominicano.com\/wp-content\/uploads\/2023\/02\/Angel-Miolan-816x543.jpg 816w, https:\/\/diariodominicano.com\/wp-content\/uploads\/2023\/02\/Angel-Miolan.jpg 1200w\" sizes=\"auto, (max-width: 1024px) 100vw, 1024px\" \/><figcaption>\u00c1ngel Miol\u00e1n<\/figcaption><\/figure>\n\n\n\n<p>Pero tambi\u00e9n es importante decir que en esa misma etapa de su&nbsp; dicho primer mandato Trujillo increment\u00f3 la persecuci\u00f3n contra personajes calificados como \u201cdesafectos\u201d, una palabreja de moda entonces.<\/p>\n\n\n\n<p>&nbsp;As\u00ed fueron a parar con sus huesos a las c\u00e1rceles del r\u00e9gimen trujillista, entre otros, los famosos m\u00e9dicos Ram\u00f3n de Lara, F\u00e9lix Raymond y Miguel A. Pardo y los abogados Bienvenido Garc\u00eda Gautier, Abigail Delmonte y Ram\u00f3n Valdez Pimentel.<\/p>\n\n\n\n<p>Frente a varios de ellos Trujillo, rodeado de decenas de oficiales del Ej\u00e9rcito, en una escena propia del teatro del absurdo, como si se tratara de una pasaje extra\u00eddo de una obra de los novelistas Samuel Beckett, Franz Kafka o Nikol\u00e1i G\u00f3gol, en una elevada expresi\u00f3n del surrealismo caribe\u00f1o, les dijo que hab\u00eda ido a conocer \u201ca los asesinos que me quieren matar\u201d.<\/p>\n\n\n\n<p>&nbsp;Luis F. Mej\u00eda, que hizo un formidable recuento de las tropel\u00edas de los s\u00e1trapas Lil\u00eds y Trujillo, describe que con un bast\u00f3n en la mano y \u201cun se\u00f1o iracundo en el rostro\u201d, alias Chapita les espet\u00f3, dentro de un edificio militar y rodeados de soltados: \u201c\u00a1S\u00e1lganme ahora! A m\u00ed me sobra lo que a ustedes les falta\u2026En seguida le fue pegando por la cara con el bast\u00f3n, dici\u00e9ndoles toda clase de insultos\u201d. (De Lil\u00eds a Trujillo. Talleres Gr\u00e1ficos Manuel Pareja, Barcelona, 1976.P.312. Luis F. Mej\u00eda).<\/p>\n\n\n\n<p>Trujillo comenz\u00f3 gobernando con el criterio que hab\u00edan tenido otros gobernantes sanguinarios de aqu\u00ed, de all\u00e1 y de acull\u00e1 en el sentido de que para ellos \u201cla patria es un potrero\u201d, prescindiendo de las normas democr\u00e1ticas y ejerciendo la violencia de una y mil maneras.<\/p>\n\n\n\n<p>En su primera presidencia se puso en pr\u00e1ctica en el pa\u00eds aquello que en una ocasi\u00f3n exclam\u00f3 el diplom\u00e1tico y pol\u00edtico franc\u00e9s Francois-Ren\u00e9, mejor conocido como el vizconde de Chateaubriand, cuando observ\u00f3 al obispo y pol\u00edtico Charles Maurice de Talleyrand descansando su humanidad sobre el brazo derecho del c\u00e9lebre Joseph Fouch\u00e9, mejor conocido como El Duque de Otranto: \u201cVeo la viva imagen del crimen sosteniendo al vicio\u201d. Sobran lo ejemplos para sostener lo dicho.<\/p>\n\n\n\n<p>Antes de completar su primer gobierno Trujillo orden\u00f3 matar, entre much\u00edsimos otros, a figuras tan relevantes como el general Alberto Larancuent Ram\u00edrez, un bravo romanense, a quien \u201ccosieron a balazos\u201d la noche del 27 de septiembre de 1930. Muri\u00f3 al d\u00eda siguiente; el general Cipriano Bencosme, el general Desiderio Arias; el general Jos\u00e9 Brache, quien hab\u00eda sido ministro de Hacienda y Comercio, de Guerra y Marina, de Interior y Polic\u00eda, etc. Su &nbsp;asesino fue un mat\u00f3n al servicio del r\u00e9gimen apodado El Aru\u00f1ao, a quien luego le aplicaron la ley de fuga y lo mataron no por el asesinato de Brache sino porque hiri\u00f3 a una dama casada con un ciudadano estadounidense.<\/p>\n\n\n\n<p>Cuando el dictador cubano Gerardo Machado se vio obligado a renunciar en el 1933 varios de sus m\u00e1s feroces sicarios fueron contratados por Trujillo para que se dedicaran aqu\u00ed a lo mismo que hac\u00edan en Cuba.<\/p>\n\n\n\n<p>Esos maleantes a sueldo se mov\u00edan principalmente en las ciudades de Santo Domingo y Santiago. Cometieron decenas de cr\u00edmenes.<\/p>\n\n\n\n<p>Los primeros cuatro a\u00f1os del gobierno de Trujillo fueron una especie de laboratorio para refinar las t\u00e9cnicas que se emplear\u00edan en las siguientes d\u00e9cadas para envilecer al pueblo dominicano.<\/p>\n\n\n\n<p>Vale se\u00f1alar que miles de dominicanos tuvieron que sufrir por muchos lustros un amargo exilio interno, que les priv\u00f3 del goce de muchas cosas que son cotidianas al ser humano. Basta mencionar al respecto dos casos:<\/p>\n\n\n\n<figure class=\"wp-block-image size-large\"><img loading=\"lazy\" decoding=\"async\" width=\"1024\" height=\"526\" src=\"https:\/\/diariodominicano.com\/wp-content\/uploads\/2021\/05\/Americo-Lugo-Ejemplo-De-Integridad-I-1024x526.jpg\" alt=\"\" class=\"wp-image-274359\" srcset=\"https:\/\/diariodominicano.com\/wp-content\/uploads\/2021\/05\/Americo-Lugo-Ejemplo-De-Integridad-I-1024x526.jpg 1024w, https:\/\/diariodominicano.com\/wp-content\/uploads\/2021\/05\/Americo-Lugo-Ejemplo-De-Integridad-I-300x154.jpg 300w, https:\/\/diariodominicano.com\/wp-content\/uploads\/2021\/05\/Americo-Lugo-Ejemplo-De-Integridad-I-768x395.jpg 768w, https:\/\/diariodominicano.com\/wp-content\/uploads\/2021\/05\/Americo-Lugo-Ejemplo-De-Integridad-I-1536x789.jpg 1536w, https:\/\/diariodominicano.com\/wp-content\/uploads\/2021\/05\/Americo-Lugo-Ejemplo-De-Integridad-I-2048x1052.jpg 2048w, https:\/\/diariodominicano.com\/wp-content\/uploads\/2021\/05\/Americo-Lugo-Ejemplo-De-Integridad-I-816x419.jpg 816w\" sizes=\"auto, (max-width: 1024px) 100vw, 1024px\" \/><figcaption>Am\u00e9rico Lugo <\/figcaption><\/figure>\n\n\n\n<p>Am\u00e9rico Lugo y Osvaldo Emigdio Garrido Puello, popularmente conocido como Bad\u00edn, quien a los 8 d\u00edas de juramentarse Trujillo como presidente de la Rep\u00fablica decidi\u00f3 cerrar su&nbsp; peri\u00f3dico El Cable, editado en la ciudad de San Juan de la Maguana.<\/p>\n\n\n\n<p>Don Bad\u00edn, intuyendo las desgracias que traer\u00eda el advenimiento de Trujillo al poder escribi\u00f3 el 7 de junio de 1930 que el pa\u00eds viv\u00eda un \u201cmomento irregular\u00edsimo\u201d. (En el camino de la historia, Impresora Arte y Cine.1977.Pp122-127.E.O. Garrido Puello).<\/p>\n\n\n\n<p>Aunque es pertinente decir que como estructura sem\u00e1ntica fue en el 1958 cuando la expresi\u00f3n \u201cexilio interno\u201d fue acu\u00f1ada por el periodista espa\u00f1ol Miguel Salabert, en un art\u00edculo publicado en el semanario franc\u00e9s&nbsp; L\u00b9 Expres.<\/p>\n\n\n\n<p>Es de rigor decir que durante la primera etapa de su mando supremo Trujillo impidi\u00f3 que&nbsp; particulares tomaran iniciativas para crear industrias, lo que dio pie para que se haya considerado que su \u201csu tiran\u00eda no tiene ejemplo en la historia americana, tan pr\u00f3diga en tirano.\u201d<\/p>\n\n\n\n<p>En sus memorias Virgilio \u00c1lvarez Pina (primero horacista y luego trujillista) dej\u00f3 escrito que: \u201cDesde los inicios de su gobierno, y a\u00fan antes de asumir el mando, Trujillo pensaba que el poder pol\u00edtico deb\u00eda venir acompa\u00f1ado por el poder econ\u00f3mico\u2026 Cuando asume la direcci\u00f3n del Estado, comienza a idear una serie de productivos negocios\u2026\u201d (La Era de Trujillo. Editora Corripio. Primera edici\u00f3n 2008.P.47. Virgilio \u00c1lvarez Pina.)<\/p>\n\n\n\n<p>Como complemento informativo a lo anterior debo se\u00f1alar que los registros hist\u00f3ricos de las actividades, en el aspecto econ\u00f3mico, del primer gobierno de Trujillo (1930-1934) demuestran la certeza de un breve texto del historiador Frank Moya Pons inserto en la obra titulada \u201cEl gran cambio\u201d:<\/p>\n\n\n\n<p>\u00a0\u201cLa gran industria era todav\u00eda una aventura en la que muy pocos pod\u00eda invertir, pues la formaci\u00f3n de grandes capitales estaba concentrada en Trujillo y sus asociados.\u201d (El gran cambio. Impresora Elcograf S.p.a., 2014.P.278. Frank Moya Pons.<\/p>\n\n\n\n<p>teofilo lappot<a rel=\"noreferrer noopener\" target=\"_blank\" href=\"mailto:teofilolappot@gmail.com\">teofilolappot@gmail.com<\/a><\/p>\n","protected":false},"excerpt":{"rendered":"<p>POR TE\u00d3FILO LAPPOT ROBLES Conforme avanzaba el calendario del primer per\u00edodo del gobierno de Rafael L. Trujillo el pueblo dominicano iba padeciendo m\u00e1s hechos ominosos (encarcelamientos, torturas, muerte, exilio, robos, extorsiones, etc.) que iban dibujando la que ser\u00eda una de las tiran\u00edas m\u00e1s crueles de Am\u00e9rica Latina. Trujillo ten\u00eda un vivo inter\u00e9s en demostrar desde [&hellip;]<\/p>\n","protected":false},"author":28,"featured_media":386927,"comment_status":"closed","ping_status":"","sticky":true,"template":"","format":"standard","meta":{"footnotes":""},"categories":[21,36,26,27],"tags":[],"class_list":["post-487827","post","type-post","status-publish","format-standard","has-post-thumbnail","hentry","category-cultura","category-hombresmujeresycosas","category-efemerides","category-portada"],"_links":{"self":[{"href":"https:\/\/diariodominicano.com\/index.php?rest_route=\/wp\/v2\/posts\/487827","targetHints":{"allow":["GET"]}}],"collection":[{"href":"https:\/\/diariodominicano.com\/index.php?rest_route=\/wp\/v2\/posts"}],"about":[{"href":"https:\/\/diariodominicano.com\/index.php?rest_route=\/wp\/v2\/types\/post"}],"author":[{"embeddable":true,"href":"https:\/\/diariodominicano.com\/index.php?rest_route=\/wp\/v2\/users\/28"}],"replies":[{"embeddable":true,"href":"https:\/\/diariodominicano.com\/index.php?rest_route=%2Fwp%2Fv2%2Fcomments&post=487827"}],"version-history":[{"count":5,"href":"https:\/\/diariodominicano.com\/index.php?rest_route=\/wp\/v2\/posts\/487827\/revisions"}],"predecessor-version":[{"id":487832,"href":"https:\/\/diariodominicano.com\/index.php?rest_route=\/wp\/v2\/posts\/487827\/revisions\/487832"}],"wp:featuredmedia":[{"embeddable":true,"href":"https:\/\/diariodominicano.com\/index.php?rest_route=\/wp\/v2\/media\/386927"}],"wp:attachment":[{"href":"https:\/\/diariodominicano.com\/index.php?rest_route=%2Fwp%2Fv2%2Fmedia&parent=487827"}],"wp:term":[{"taxonomy":"category","embeddable":true,"href":"https:\/\/diariodominicano.com\/index.php?rest_route=%2Fwp%2Fv2%2Fcategories&post=487827"},{"taxonomy":"post_tag","embeddable":true,"href":"https:\/\/diariodominicano.com\/index.php?rest_route=%2Fwp%2Fv2%2Ftags&post=487827"}],"curies":[{"name":"wp","href":"https:\/\/api.w.org\/{rel}","templated":true}]}}