{"id":487781,"date":"2023-11-10T23:26:28","date_gmt":"2023-11-11T03:26:28","guid":{"rendered":"https:\/\/diariodominicano.com\/?p=487781"},"modified":"2023-11-10T23:26:28","modified_gmt":"2023-11-11T03:26:28","slug":"unphu-reconoce-como-profesor-honorario-a-santiago-munoz-machado","status":"publish","type":"post","link":"https:\/\/diariodominicano.com\/?p=487781","title":{"rendered":"UNPHU, reconoce como profesor honorario a Santiago Mu\u00f1oz Machado"},"content":{"rendered":"\n<p> El  Arq. Miguel Fiallo Calder\u00f3n, rector UNPHU y el Dr. Santiago Mu\u00f1oz Machado <\/p>\n\n\n\n<p>La Universidad Nacional Pedro Henr\u00edquez Ure\u00f1a (UNPHU), reconoci\u00f3 con el t\u00edtulo de Profesor Honorario al reconocido jurista y acad\u00e9mico Dr. Santiago Mu\u00f1oz Machado, actual presidente de la Asociaci\u00f3n de Academias de la Lengua Espa\u00f1ola (RAE). Este reconocimiento es un testimonio de su destacada trayectoria y valiosas contribuciones al campo del derecho.<\/p>\n\n\n\n<figure class=\"wp-block-image size-large\"><img loading=\"lazy\" decoding=\"async\" width=\"683\" height=\"1024\" src=\"https:\/\/diariodominicano.com\/wp-content\/uploads\/2023\/11\/2.-Dr.-Santiago-Munoz-Machado-actual-presidente-de-la-Asociacion-de-Academias-de-la-Lengua-Espanola-RAE-683x1024.jpg\" alt=\"\" class=\"wp-image-487784\" srcset=\"https:\/\/diariodominicano.com\/wp-content\/uploads\/2023\/11\/2.-Dr.-Santiago-Munoz-Machado-actual-presidente-de-la-Asociacion-de-Academias-de-la-Lengua-Espanola-RAE-683x1024.jpg 683w, https:\/\/diariodominicano.com\/wp-content\/uploads\/2023\/11\/2.-Dr.-Santiago-Munoz-Machado-actual-presidente-de-la-Asociacion-de-Academias-de-la-Lengua-Espanola-RAE-200x300.jpg 200w, https:\/\/diariodominicano.com\/wp-content\/uploads\/2023\/11\/2.-Dr.-Santiago-Munoz-Machado-actual-presidente-de-la-Asociacion-de-Academias-de-la-Lengua-Espanola-RAE-768x1152.jpg 768w, https:\/\/diariodominicano.com\/wp-content\/uploads\/2023\/11\/2.-Dr.-Santiago-Munoz-Machado-actual-presidente-de-la-Asociacion-de-Academias-de-la-Lengua-Espanola-RAE-1024x1536.jpg 1024w, https:\/\/diariodominicano.com\/wp-content\/uploads\/2023\/11\/2.-Dr.-Santiago-Munoz-Machado-actual-presidente-de-la-Asociacion-de-Academias-de-la-Lengua-Espanola-RAE-1366x2048.jpg 1366w, https:\/\/diariodominicano.com\/wp-content\/uploads\/2023\/11\/2.-Dr.-Santiago-Munoz-Machado-actual-presidente-de-la-Asociacion-de-Academias-de-la-Lengua-Espanola-RAE-816x1224.jpg 816w, https:\/\/diariodominicano.com\/wp-content\/uploads\/2023\/11\/2.-Dr.-Santiago-Munoz-Machado-actual-presidente-de-la-Asociacion-de-Academias-de-la-Lengua-Espanola-RAE-scaled.jpg 1707w\" sizes=\"auto, (max-width: 683px) 100vw, 683px\" \/><figcaption> Dr. Santiago Mu\u00f1oz Machado, actual presidente de la Asociaci\u00f3n de Academias de la Lengua Espa\u00f1ola (RAE). <\/figcaption><\/figure>\n\n\n\n<p>La distinci\u00f3n como Profesor Honorario de la UNPHU, es un homenaje a su destacado compromiso con la excelencia acad\u00e9mica y su labor en la promoci\u00f3n y defensa del estado de derecho. Este es el reconocimiento m\u00e1s alto que otorga la Universidad a aquellos profesionales excepcionales que han dejado una huella significativa en su campo. Es un honor poder contar en la instituci\u00f3n con la presencia y sabidur\u00eda de Santiago Mu\u00f1oz Machado.<\/p>\n\n\n\n<p>En su discurso el Dr. Francisco Ortega Polanco, decano de la Facultad de Ciencias Jur\u00eddicas y Pol\u00edticas, expres\u00f3: \u201cEste reconocimiento es una muestra del respeto del pueblo dominicano, expresado en la Universidad que enaltece el nombre de don Pedro Henr\u00edquez Ure\u00f1a, una intenci\u00f3n de alegrar su paso por Santo Domingo y arrimar su tea a la fragua del entendimiento, un enlace con su vida y su mundo, con la C\u00f3rdoba lejana; continuo: \u201cUna muestra esplendente de una cosmovisi\u00f3n humanista y que nos relaciona en alguna medida con el pensamiento manifiesto de don Santiago en su extensa y substanciosa bibliograf\u00eda \u201d.<\/p>\n\n\n\n<figure class=\"wp-block-image size-large is-resized\"><img loading=\"lazy\" decoding=\"async\" src=\"https:\/\/diariodominicano.com\/wp-content\/uploads\/2023\/11\/3.-Lcda.-Patricia-Matos-Arq.-Miguel-Fiallo-Calderon-rector-UNPHU-Dr.-Santiago-Munoz-Machado-y-el-Dr.-Jose-Francisco-Ortega-1024x683.jpg\" alt=\"\" class=\"wp-image-487782\" width=\"602\" height=\"401\" srcset=\"https:\/\/diariodominicano.com\/wp-content\/uploads\/2023\/11\/3.-Lcda.-Patricia-Matos-Arq.-Miguel-Fiallo-Calderon-rector-UNPHU-Dr.-Santiago-Munoz-Machado-y-el-Dr.-Jose-Francisco-Ortega-1024x683.jpg 1024w, https:\/\/diariodominicano.com\/wp-content\/uploads\/2023\/11\/3.-Lcda.-Patricia-Matos-Arq.-Miguel-Fiallo-Calderon-rector-UNPHU-Dr.-Santiago-Munoz-Machado-y-el-Dr.-Jose-Francisco-Ortega-300x200.jpg 300w, https:\/\/diariodominicano.com\/wp-content\/uploads\/2023\/11\/3.-Lcda.-Patricia-Matos-Arq.-Miguel-Fiallo-Calderon-rector-UNPHU-Dr.-Santiago-Munoz-Machado-y-el-Dr.-Jose-Francisco-Ortega-768x512.jpg 768w, https:\/\/diariodominicano.com\/wp-content\/uploads\/2023\/11\/3.-Lcda.-Patricia-Matos-Arq.-Miguel-Fiallo-Calderon-rector-UNPHU-Dr.-Santiago-Munoz-Machado-y-el-Dr.-Jose-Francisco-Ortega-1536x1024.jpg 1536w, https:\/\/diariodominicano.com\/wp-content\/uploads\/2023\/11\/3.-Lcda.-Patricia-Matos-Arq.-Miguel-Fiallo-Calderon-rector-UNPHU-Dr.-Santiago-Munoz-Machado-y-el-Dr.-Jose-Francisco-Ortega-2048x1365.jpg 2048w, https:\/\/diariodominicano.com\/wp-content\/uploads\/2023\/11\/3.-Lcda.-Patricia-Matos-Arq.-Miguel-Fiallo-Calderon-rector-UNPHU-Dr.-Santiago-Munoz-Machado-y-el-Dr.-Jose-Francisco-Ortega-816x544.jpg 816w\" sizes=\"auto, (max-width: 602px) 100vw, 602px\" \/><figcaption>Licenciada  Patricia Matos, Arq. Miguel Fiallo Calder\u00f3n, rector UNPHU, Dr. Santiago Mu\u00f1oz Machado y el Dr. Jos\u00e9 Francisco Ortega <\/figcaption><\/figure>\n\n\n\n<p>El pergamino fue entregado de manos del Arq. Miguel Fiallo Calder\u00f3n, rector UNPHU al Dr.&nbsp; Santiago Mu\u00f1oz Machado, quien dijo sentirse muy honrado y privilegiado al recibir un reconocimiento como ese de la universidad.<\/p>\n\n\n\n<p>Las palabras de bienvenida del evento estuvieron a cargo del decano de la Facultad de Ciencias Jur\u00eddicas y Pol\u00edticas, Dr. Francisco Ortega Polanco; la lectura de la Resoluci\u00f3n del Consejo Acad\u00e9mico, por la vicerrectora Acad\u00e9mica, Lcda. Patricia Matos y la lectura de la semblanza del Dr.&nbsp; Mu\u00f1oz Machado, por la directora de la Escuela de Derecho, Lcda. Patricia P\u00e9rez.<\/p>\n\n\n\n<p>La ceremonia de entrega del t\u00edtulo a Santiago Mu\u00f1oz Machado, se llev\u00f3 a cabo el 10 de noviembre de 2023, en el Sal\u00f3n de Conferencias de la universidad.<\/p>\n\n\n\n<p><strong>Sobre Santiago Mu\u00f1oz Machado<\/strong><\/p>\n\n\n\n<p>Mu\u00f1oz Machado, nacido en Espa\u00f1a, es conocido internacionalmente por su amplio conocimiento y experiencia en derecho constitucional y administrativo. Ha sido profesor en varias universidades prestigiosas y ha ocupado cargos relevantes en instituciones acad\u00e9micas y judiciales. Durante su carrera, Mu\u00f1oz Machado ha publicado numerosos libros y art\u00edculos que han enriquecido la literatura jur\u00eddica. Sus investigaciones y an\u00e1lisis rigurosos han contribuido significativamente al avance de la teor\u00eda y la pr\u00e1ctica del derecho, en Espa\u00f1a y en el \u00e1mbito internacional<\/p>\n","protected":false},"excerpt":{"rendered":"<p>El Arq. Miguel Fiallo Calder\u00f3n, rector UNPHU y el Dr. Santiago Mu\u00f1oz Machado La Universidad Nacional Pedro Henr\u00edquez Ure\u00f1a (UNPHU), reconoci\u00f3 con el t\u00edtulo de Profesor Honorario al reconocido jurista y acad\u00e9mico Dr. Santiago Mu\u00f1oz Machado, actual presidente de la Asociaci\u00f3n de Academias de la Lengua Espa\u00f1ola (RAE). Este reconocimiento es un testimonio de su [&hellip;]<\/p>\n","protected":false},"author":28,"featured_media":487783,"comment_status":"closed","ping_status":"","sticky":true,"template":"","format":"standard","meta":{"footnotes":""},"categories":[36,25,27,32],"tags":[],"class_list":["post-487781","post","type-post","status-publish","format-standard","has-post-thumbnail","hentry","category-hombresmujeresycosas","category-gente","category-portada","category-turismo"],"_links":{"self":[{"href":"https:\/\/diariodominicano.com\/index.php?rest_route=\/wp\/v2\/posts\/487781","targetHints":{"allow":["GET"]}}],"collection":[{"href":"https:\/\/diariodominicano.com\/index.php?rest_route=\/wp\/v2\/posts"}],"about":[{"href":"https:\/\/diariodominicano.com\/index.php?rest_route=\/wp\/v2\/types\/post"}],"author":[{"embeddable":true,"href":"https:\/\/diariodominicano.com\/index.php?rest_route=\/wp\/v2\/users\/28"}],"replies":[{"embeddable":true,"href":"https:\/\/diariodominicano.com\/index.php?rest_route=%2Fwp%2Fv2%2Fcomments&post=487781"}],"version-history":[{"count":1,"href":"https:\/\/diariodominicano.com\/index.php?rest_route=\/wp\/v2\/posts\/487781\/revisions"}],"predecessor-version":[{"id":487786,"href":"https:\/\/diariodominicano.com\/index.php?rest_route=\/wp\/v2\/posts\/487781\/revisions\/487786"}],"wp:featuredmedia":[{"embeddable":true,"href":"https:\/\/diariodominicano.com\/index.php?rest_route=\/wp\/v2\/media\/487783"}],"wp:attachment":[{"href":"https:\/\/diariodominicano.com\/index.php?rest_route=%2Fwp%2Fv2%2Fmedia&parent=487781"}],"wp:term":[{"taxonomy":"category","embeddable":true,"href":"https:\/\/diariodominicano.com\/index.php?rest_route=%2Fwp%2Fv2%2Fcategories&post=487781"},{"taxonomy":"post_tag","embeddable":true,"href":"https:\/\/diariodominicano.com\/index.php?rest_route=%2Fwp%2Fv2%2Ftags&post=487781"}],"curies":[{"name":"wp","href":"https:\/\/api.w.org\/{rel}","templated":true}]}}