{"id":48751,"date":"2020-10-15T08:56:35","date_gmt":"2020-10-15T08:56:35","guid":{"rendered":"http:\/\/diariodominicano.ddns.net\/?p=48751"},"modified":"2020-10-15T08:56:35","modified_gmt":"2020-10-15T08:56:35","slug":"idac-y-adompretur-acuerdan-fortalecer-colaboracion-institucional-y-afianzar-planes-de-capacitacion","status":"publish","type":"post","link":"https:\/\/diariodominicano.com\/?p=48751","title":{"rendered":"IDAC y ADOMPRETUR acuerdan fortalecer colaboraci\u00f3n institucional y afianzar planes de capacitaci\u00f3n"},"content":{"rendered":"<p><body><\/p>\n<p><span class=\"text1noticias\">diariodominicano.com<\/span><\/p>\n<p><span class=\"text1noticias\"> <\/span><\/p>\n<p><span class=\"text1noticias\">Santo Domingo, R. D., 15 de octubre, 2020.- El Instituto Dominicano de Aviaci\u00f3n Civil (IDAC) y la Asociaci\u00f3n Dominicana de Prensa Tur\u00edstica (ADOMPRETUR) acordaron fortalecer la colaboraci\u00f3n institucional entre las dos entidades y  poner en marcha un programa de capacitaci\u00f3n en temas relacionados con el periodismo tur\u00edstico y el sector aeron\u00e1utico nacional e internacional.<\/span><\/p>\n<\/p>\n<p><span class=\"text1noticias\">En un encuentro encabezado por el director de IDAC, Rom\u00e1n Ernesto Caama\u00f1o V\u00e9lez; y el presidente de ADOMPRETUR, Jos\u00e9 Mar\u00eda Reyes, las partes proclamaron el inter\u00e9s com\u00fan de promover acciones de divulgaci\u00f3n y formaci\u00f3n  que contribuyan a impulsar el crecimiento tur\u00edstico sostenible, para afianzar el aporte de este sector al desarrollo econ\u00f3mico y social del pa\u00eds. <\/span><\/p>\n<p><span class=\"text1noticias\"> <\/span><\/p>\n<p><span class=\"text1noticias\">Caama\u00f1o V\u00e9lez recibi\u00f3 una comisi\u00f3n de la directiva nacional de Adompretur en el sal\u00f3n de reuniones del IDAC en Santo Domingo,  donde  intercambiaron impresiones sobre las relaciones entre  las dos instituciones  y la importancia de trabajar juntos en el fortalecimiento de la industria de mayor impacto en la generaci\u00f3n de empleos y en la dinamizaci\u00f3n de otros importantes renglones productivos.<\/span><\/p>\n<\/p>\n<p><span class=\"text1noticias\">El funcionario  se comprometi\u00f3 a darle continuidad a los acuerdos de colaboraci\u00f3n  entre Adompretur y el IDAC, al tiempo que adelant\u00f3 que tiene la actitud de reforzar el respaldo institucional a los periodistas de turismo en los proyectos de formaci\u00f3n para fortalecer sus capacidades profesionales, as\u00ed como en los eventos que desarrolla la instituci\u00f3n period\u00edstica.<\/span><\/p>\n<\/p>\n<p><span class=\"text1noticias\">\u00abEstamos en la mejor actitud de mantener y ampliar el respaldo del IDAC a la instituci\u00f3n que congrega los periodistas de turismo, auspiciar sus eventos oficiales y ayudar  en la capacitaci\u00f3n, todo con el objetivo de fomentar una relaci\u00f3n que impulse nuestro turismo\u00bb, afirm\u00f3 Caama\u00f1o V\u00e9lez, quien acogi\u00f3 tambi\u00e9n impartir un diplomado sobre aviaci\u00f3n civil.<\/span><\/p>\n<\/p>\n<p><span class=\"text1noticias\">Mientras que el presidente de Adompretur sostuvo que la prensa especializada en turismo tiene un papel fundamental, porque contribuye con sus contenidos y producciones a proyectar la marca nacional tur\u00edstica y ayuda con sus criticas a aspectos que deben ser mejorados, a que se supere el producto tur\u00edstico dominicano.<\/span><\/p>\n<\/p>\n<p><span class=\"text1noticias\">\u00abLa prensa tur\u00edstica es un activo fundamental de la industria y est\u00e1 integrada por hombres y mujeres comprometidos con el relanzamiento de la industria, profesionales que ponen los intereses del pa\u00eds por encima de todo, lo cual ponen de manifiesto con su trabajo en los medios que representan y en el respaldo que ofrece nuestra asociaci\u00f3n a todos los actores del turismo\u00bb, afirm\u00f3 Jos\u00e9 Mar\u00eda Reyes.<\/span><\/p>\n<\/p>\n<p><span class=\"text1noticias\">Reyes record\u00f3 que el IDAC ha desarrollado una trayectoria de excelentes relaciones con Adompretur, auspiciando el Premio Nacional de Periodismo Tur\u00edstico Epifanio Lantigua, el Galard\u00f3n Luis Augusto Caminero y otras actividades de apoyo a los comunicadores especializados, lo cual el director del IDAC prometi\u00f3 seguir impulsando. <\/span><\/p>\n<\/p>\n<p><span class=\"text1noticias\">La comisi\u00f3n de Adompretur estuvo integrada, adem\u00e1s, por Yenny Polanco Lovera, vicepresidenta; Jos\u00e9 Ram\u00f3n Torres, secretario general; Luis Jos\u00e9 Ch\u00e1vez, director de relaciones  institucionales, adem\u00e1s de ejecutivo del IDAC; Wendy Mora, directora de comunicaciones, y Jos\u00e9 Rafael Sosa, director de capacitaci\u00f3n. Por el IDAC, adem\u00e1s de su director, particip\u00f3 Priscila Camarena, directora de comunicaciones y relaciones p\u00fablicas de la instituci\u00f3n.<\/span><\/p>\n<\/p>\n<p><span class=\"text1noticias\">Pies de fotos:<\/span><\/p>\n<p><span class=\"text1noticias\">1)- Rom\u00e1n Ernesto Caama\u00f1o V\u00e9lez, director del IDAC, y Jos\u00e9 Mar\u00eda Reyes, presidente de Adompretur (ambos al centro con trajes); a la derecha de Caama\u00f1o V\u00e9lez, la vicepresidente de Adompretur, Yenny Polanco Lovera, y el secretario general Jos\u00e9 Ram\u00f3n Torres; mientras que a la izquierda de Reyes est\u00e1n Wendy Polanco, directora de comunicaciones de Adompretur, Priscila Camarena, directora de comunicaciones y relaciones p\u00fablicas del IDAC, y Luis Jos\u00e9 Ch\u00e1vez, director institucional de Adompretur.<\/span><\/p>\n<p><span class=\"text1noticias\"> <\/span><\/p>\n<\/p>\n<h6> 2020-10-15 08:56:35 <\/h6>\n<p><!--\n<link rel=\"stylesheet\" href=\"css\/bootstrap.min.css\">\n\n\n<ul class=\"pagination\">\n\t    \n\t\n\n<li >\n\t<a href='?page_no=145'>Previous<\/a>\n\t<\/li>\n\n\n       \n    \n\n<li><a href='?page_no=1'>1<\/a><\/li>\n\n\n\n<li><a href='?page_no=2'>2<\/a><\/li>\n\n\n\n<li><a>...<\/a><\/li>\n\n\n\n<li><a href='?page_no=144'>144<\/a><\/li>\n\n\n\n<li><a href='?page_no=145'>145<\/a><\/li>\n\n\n\n<li class='active'><a>146<\/a><\/li>\n\n\n\n<li><a href='?page_no=147'>147<\/a><\/li>\n\n\n\n<li><a href='?page_no=148'>148<\/a><\/li>\n\n\n\n<li><a>...<\/a><\/li>\n\n\n\n<li><a href='?page_no=22911'>22911<\/a><\/li>\n\n\n\n<li><a href='?page_no=22912'>22912<\/a><\/li>\n\n    \n\t\n\n<li >\n\t<a href='?page_no=147'>Next<\/a>\n\t<\/li>\n\n\n    \n\n<li><a href='?page_no=22912'>Last &rsaquo;&rsaquo;<\/a><\/li>\n\n<\/ul>\n\n\n--><br \/>\n<\/body><\/p>\n","protected":false},"excerpt":{"rendered":"<p>diariodominicano.com Santo Domingo, R. D., 15 de octubre, 2020.- El Instituto Dominicano de Aviaci\u00f3n Civil (IDAC) y la Asociaci\u00f3n Dominicana de Prensa Tur\u00edstica (ADOMPRETUR) acordaron fortalecer la colaboraci\u00f3n institucional entre las dos entidades y poner en marcha un programa de capacitaci\u00f3n en temas relacionados con el periodismo tur\u00edstico y el sector aeron\u00e1utico nacional e internacional. [&hellip;]<\/p>\n","protected":false},"author":3,"featured_media":0,"comment_status":"open","ping_status":"open","sticky":false,"template":"","format":"standard","meta":{"footnotes":""},"categories":[21],"tags":[],"class_list":["post-48751","post","type-post","status-publish","format-standard","hentry","category-cultura"],"_links":{"self":[{"href":"https:\/\/diariodominicano.com\/index.php?rest_route=\/wp\/v2\/posts\/48751","targetHints":{"allow":["GET"]}}],"collection":[{"href":"https:\/\/diariodominicano.com\/index.php?rest_route=\/wp\/v2\/posts"}],"about":[{"href":"https:\/\/diariodominicano.com\/index.php?rest_route=\/wp\/v2\/types\/post"}],"author":[{"embeddable":true,"href":"https:\/\/diariodominicano.com\/index.php?rest_route=\/wp\/v2\/users\/3"}],"replies":[{"embeddable":true,"href":"https:\/\/diariodominicano.com\/index.php?rest_route=%2Fwp%2Fv2%2Fcomments&post=48751"}],"version-history":[{"count":0,"href":"https:\/\/diariodominicano.com\/index.php?rest_route=\/wp\/v2\/posts\/48751\/revisions"}],"wp:attachment":[{"href":"https:\/\/diariodominicano.com\/index.php?rest_route=%2Fwp%2Fv2%2Fmedia&parent=48751"}],"wp:term":[{"taxonomy":"category","embeddable":true,"href":"https:\/\/diariodominicano.com\/index.php?rest_route=%2Fwp%2Fv2%2Fcategories&post=48751"},{"taxonomy":"post_tag","embeddable":true,"href":"https:\/\/diariodominicano.com\/index.php?rest_route=%2Fwp%2Fv2%2Ftags&post=48751"}],"curies":[{"name":"wp","href":"https:\/\/api.w.org\/{rel}","templated":true}]}}