{"id":48740,"date":"2020-10-15T19:24:42","date_gmt":"2020-10-15T19:24:42","guid":{"rendered":"http:\/\/diariodominicano.ddns.net\/?p=48740"},"modified":"2020-10-15T19:24:42","modified_gmt":"2020-10-15T19:24:42","slug":"ejercito-espanol-sufre-baja-en-enfrentamiento-con-miembros-del-ejercito-de-la-restauracion","status":"publish","type":"post","link":"https:\/\/diariodominicano.com\/?p=48740","title":{"rendered":"Ej\u00e9rcito espa\u00f1ol sufre baja en enfrentamiento con miembros del  Ej\u00e9rcito de la Restauraci\u00f3n"},"content":{"rendered":"<p><body><\/p>\n<p><img decoding=\"async\" src=\"img3\/La Gandara.jpg\" \/>  <\/p>\n<p><strong>Diariodominicano.com<\/strong><\/p>\n<p><strong>Los restauradores ocasionan baja al Ej\u00e9rcito espa\u00f1ol<\/strong><\/p>\n<p><strong>   El 17 de octubre los dominicanos volvieron a atacar a los anexionistas y mataron a un militar espa\u00f1ol.<\/strong><\/p>\n<p><strong>Por H\u00e9ctor Tineo Nolasco<\/strong><\/p>\n<p><strong>Diariodominicano.com<\/strong><\/p>\n<\/p>\n<p> Diariodominicano.com<\/p>\n<\/p>\n<p><strong>     SANTO DOMINGO, el  16 de octubre de 186<\/strong>3, durante la Guerra de la Restauraci\u00f3n, fuerzas del Ej\u00e9rcito de Espa\u00f1a, comandadas por el general Jos\u00e9 de la G\u00e1ndara se enfrentaron a militares restauradores  en la zona de Manoguayabo, y perdieron uno de sus jefes de las Reservas.  En el informe militar no se ofrece  la identidad del oficial espa\u00f1ol.<\/p>\n<\/p>\n<p>    El 17 de octubre los dominicanos volvieron a atacar a los anexionistas y mataron a un militar espa\u00f1ol.<\/p>\n<\/p>\n<p>    Los dominicanos tambi\u00e9n atacaron en los d\u00edas siguientes  a los espa\u00f1oles en los alrededores del r\u00edo Nigua y Yerba Buena.<\/p>\n<\/p>\n<p>   El General Jos\u00e9 de la G\u00e1ndara hab\u00eda salido de la ciudad de Santo Domingo, el d\u00eda 15 de octubre  al mando de cuatro batallones de infanter\u00eda, dos secciones de milicias y seis piezas de artiller\u00eda en ruta hacia Ban\u00ed.<\/p>\n<\/p>\n<p>    Cuando lleg\u00f3 a Bondillo fue atacado por los restauradores.<\/p>\n<\/p>\n<p><strong> <\/strong><\/p>\n<p><strong>Tras la derrota<\/strong><\/p>\n<\/p>\n<p>El Ej\u00e9rcito espa\u00f1ol afrontaba  una situaci\u00f3n  de debilitamiento a partir del 13 de septiembre de 1863, cuando termin\u00f3 derrotado  en la batalla de Santiago, la cual hab\u00eda comenzado el d\u00eda 6 se ese mes.<\/p>\n<\/p>\n<p>     Los  espa\u00f1oles que sobrevivieron a la batalla decidieron abandonar la ciudad y trasladarse a Puerto Plata, pero no depusieron  las armas como lo hab\u00eda pedido el alto mando militar de los restauradores, encabezado por el  General Gaspar Polanco, Jefe de Operaciones.<\/p>\n<\/p>\n<p>    Las tropas espa\u00f1olas  iniciaron la marcha a las 15:00 horas del 13 de septiembre. Como salieron con las armas, fueron perseguidas por los restauradores, quienes lograron ocasionarle \u00abgran cantidad de bajas\u00bb y les quitaron dos piezas de artiller\u00eda.<\/p>\n<\/p>\n<p>    Los dominicanos al mando del general Gaspar Polanco  derrotaron a los espa\u00f1oles en los combates de El Lim\u00f3n y El Carril.<\/p>\n<\/p>\n<p>    El informe militar precisa que los combates se decidieron por el empleo de las armas blancas.<\/p>\n<\/p>\n<p>    La victoria de los dominicanos en la Batalla de Santiago, que se desarroll\u00f3 durante los d\u00edas del 6 al 13 de septiembre de 1863, marc\u00f3 el principio del fin de la Anexi\u00f3n a Espa\u00f1a.<\/p>\n<\/p>\n<p>     A partir de ese acontecimiento, los restauradores procedieron a redactar el acta de Independencia, con la que declarar\u00edan  restaurada la Rep\u00fablica Dominicana.<\/p>\n<\/p>\n<p>    El d\u00eda anterior, el 12 de septiembre de 1863, los restauradores continuaron su avance contra las tropas espa\u00f1olas en el Cibao.<\/p>\n<\/p>\n<p>    Los militares espa\u00f1oles sufrieron derrotas en J\u00e1cuba, Maril\u00f3pez y la Otra Banda, en Santiago.<\/p>\n<\/p>\n<p>  Asimismo, un grupo de militares espa\u00f1oles fueron fusilados por instrucci\u00f3n  del general Gregorio Luper\u00f3n.<\/p>\n<\/p>\n<p>    Adem\u00e1s,  fracas\u00f3 un intento de mediaci\u00f3n que hizo el preb\u00edstero  Francisco de Charboneau, a petici\u00f3n del brigadier espa\u00f1ol Manuel Buceta.<\/p>\n<\/p>\n<h6> 2020-10-15 19:24:42 <\/h6>\n<p><!--\n<link rel=\"stylesheet\" href=\"css\/bootstrap.min.css\">\n\n\n<ul class=\"pagination\">\n\t    \n\t\n\n<li >\n\t<a href='?page_no=144'>Previous<\/a>\n\t<\/li>\n\n\n       \n    \n\n<li><a href='?page_no=1'>1<\/a><\/li>\n\n\n\n<li><a href='?page_no=2'>2<\/a><\/li>\n\n\n\n<li><a>...<\/a><\/li>\n\n\n\n<li><a href='?page_no=143'>143<\/a><\/li>\n\n\n\n<li><a href='?page_no=144'>144<\/a><\/li>\n\n\n\n<li class='active'><a>145<\/a><\/li>\n\n\n\n<li><a href='?page_no=146'>146<\/a><\/li>\n\n\n\n<li><a href='?page_no=147'>147<\/a><\/li>\n\n\n\n<li><a>...<\/a><\/li>\n\n\n\n<li><a href='?page_no=22911'>22911<\/a><\/li>\n\n\n\n<li><a href='?page_no=22912'>22912<\/a><\/li>\n\n    \n\t\n\n<li >\n\t<a href='?page_no=146'>Next<\/a>\n\t<\/li>\n\n\n    \n\n<li><a href='?page_no=22912'>Last &rsaquo;&rsaquo;<\/a><\/li>\n\n<\/ul>\n\n\n--><br \/>\n<\/body><\/p>\n","protected":false},"excerpt":{"rendered":"<p>Diariodominicano.com Los restauradores ocasionan baja al Ej\u00e9rcito espa\u00f1ol El 17 de octubre los dominicanos volvieron a atacar a los anexionistas y mataron a un militar espa\u00f1ol. Por H\u00e9ctor Tineo Nolasco Diariodominicano.com Diariodominicano.com SANTO DOMINGO, el 16 de octubre de 1863, durante la Guerra de la Restauraci\u00f3n, fuerzas del Ej\u00e9rcito de Espa\u00f1a, comandadas por el general [&hellip;]<\/p>\n","protected":false},"author":3,"featured_media":0,"comment_status":"open","ping_status":"open","sticky":false,"template":"","format":"standard","meta":{"footnotes":""},"categories":[21],"tags":[],"class_list":["post-48740","post","type-post","status-publish","format-standard","hentry","category-cultura"],"_links":{"self":[{"href":"https:\/\/diariodominicano.com\/index.php?rest_route=\/wp\/v2\/posts\/48740","targetHints":{"allow":["GET"]}}],"collection":[{"href":"https:\/\/diariodominicano.com\/index.php?rest_route=\/wp\/v2\/posts"}],"about":[{"href":"https:\/\/diariodominicano.com\/index.php?rest_route=\/wp\/v2\/types\/post"}],"author":[{"embeddable":true,"href":"https:\/\/diariodominicano.com\/index.php?rest_route=\/wp\/v2\/users\/3"}],"replies":[{"embeddable":true,"href":"https:\/\/diariodominicano.com\/index.php?rest_route=%2Fwp%2Fv2%2Fcomments&post=48740"}],"version-history":[{"count":0,"href":"https:\/\/diariodominicano.com\/index.php?rest_route=\/wp\/v2\/posts\/48740\/revisions"}],"wp:attachment":[{"href":"https:\/\/diariodominicano.com\/index.php?rest_route=%2Fwp%2Fv2%2Fmedia&parent=48740"}],"wp:term":[{"taxonomy":"category","embeddable":true,"href":"https:\/\/diariodominicano.com\/index.php?rest_route=%2Fwp%2Fv2%2Fcategories&post=48740"},{"taxonomy":"post_tag","embeddable":true,"href":"https:\/\/diariodominicano.com\/index.php?rest_route=%2Fwp%2Fv2%2Ftags&post=48740"}],"curies":[{"name":"wp","href":"https:\/\/api.w.org\/{rel}","templated":true}]}}