{"id":487337,"date":"2023-11-08T23:44:17","date_gmt":"2023-11-09T03:44:17","guid":{"rendered":"https:\/\/diariodominicano.com\/?p=487337"},"modified":"2023-11-08T23:45:04","modified_gmt":"2023-11-09T03:45:04","slug":"este-es-el-programa-de-la-x-feria-del-libro-de-historia-dominicana","status":"publish","type":"post","link":"https:\/\/diariodominicano.com\/?p=487337","title":{"rendered":"Este es el programa de la X Feria del Libro de Historia Dominicana"},"content":{"rendered":"\n<p> Cartel de la X Feria del Libro de Historia Dominicana, que se inicia este lunes 13 de noviembre, con la presentaci\u00f3n de libros que ofrecer\u00e1n informaci\u00f3n hist\u00f3rica in\u00e9dita sobre el diario y documentos\u00a0 Francisco Alberto Caama\u00f1o De\u00f1\u00f3\u00a0 en torno a la guerrilla de Caracolas, de la cual se han cumplido los 50 a\u00f1os. <\/p>\n\n\n\n<p>Existe una expectativa entre lectores e historiadores, para conocer el contenido de esas tres nuevas publicaciones. El evento bibliogr\u00e1fico especializado, naci\u00f3 hace once anos por la sugerencia de un asesor internacional<strong><\/strong><\/p>\n\n\n\n<p>Servicio de prensa<\/p>\n\n\n\n<p>La X Feria del Libro de Historia Dominicana del Archivo General de la Naci\u00f3n, se inicia el lunes pr\u00f3ximo, estrenando una exposici\u00f3n, a las diez de la ma\u00f1ana, titulada <strong>Francisco Alberto Caama\u00f1o, una fuerza hist\u00f3rica<\/strong>, a cargo del Departamento de Investigaci\u00f3n del AGN, como homenaje al tema de la actividad: la gesta de Caracoles que encabez\u00f3 quien fuera el comandante de abril, al frente de un grupo guerrillero<\/p>\n\n\n\n<p>El acto de inauguraci\u00f3n, a las siete de la noche de este lunes 13, servir\u00e1 para la presentaci\u00f3n del diario de <strong>Francisco Alberto Caama\u00f1o De\u00f1\u00f3<\/strong> y otros dos libros cargados de documentos vinculados e in\u00e9ditos al l\u00edder militar y guerrilleros, por lo que se supone que muchas nuevas verdades se dar\u00e1n a conocer de dar a conocer.<\/p>\n\n\n\n<p>Existe una expectativa entre lectores e historiadores, para conocer el contenido de esas tres nuevas publicaciones, de la que se sabe est\u00e1n en periodo final de impresi\u00f3n.<\/p>\n\n\n\n<figure class=\"wp-block-image size-full\"><img loading=\"lazy\" decoding=\"async\" width=\"950\" height=\"465\" src=\"https:\/\/diariodominicano.com\/wp-content\/uploads\/2023\/11\/Caamano-y-su-grupo-Guerrillero-de-Caracoles-1.jpeg\" alt=\"\" class=\"wp-image-487340\" srcset=\"https:\/\/diariodominicano.com\/wp-content\/uploads\/2023\/11\/Caamano-y-su-grupo-Guerrillero-de-Caracoles-1.jpeg 950w, https:\/\/diariodominicano.com\/wp-content\/uploads\/2023\/11\/Caamano-y-su-grupo-Guerrillero-de-Caracoles-1-300x147.jpeg 300w, https:\/\/diariodominicano.com\/wp-content\/uploads\/2023\/11\/Caamano-y-su-grupo-Guerrillero-de-Caracoles-1-768x376.jpeg 768w, https:\/\/diariodominicano.com\/wp-content\/uploads\/2023\/11\/Caamano-y-su-grupo-Guerrillero-de-Caracoles-1-816x399.jpeg 816w\" sizes=\"auto, (max-width: 950px) 100vw, 950px\" \/><\/figure>\n\n\n\n<p>A las cuatro de la tarde ese primer d\u00eda de jornadas, se pone en com\u00fan, el libro <strong>Constanza, Maim\u00f3n y Estero Hondo. La victoria de los ca\u00eddos<\/strong>, escrito por el comandante cubano Delio G\u00f3mez Ochoa, otra versi\u00f3n hist\u00f3rica largamente esperada. Ser\u00e1 presentado por el periodista, escritor y cineasta <strong>Juan Del\u00e1ncer,<\/strong> quien en su momento tambi\u00e9n escribi\u00f3 un libro, hace d\u00e9cadas, sobre la gesta patri\u00f3tica.<\/p>\n\n\n\n<p>Aclarar que hay actividades por aun por confirmar varias actividades por lo que es posible que la oferta de jornadas, sea mayor que la presentada en esta versi\u00f3n del programa.<\/p>\n\n\n\n<p>El resto del programa de la X Feria del Libro de Historia Dominicana, sigue esta agenda:<\/p>\n\n\n\n<p>Martes, 14 de octubre de 2023<\/p>\n\n\n\n<figure class=\"wp-block-table\"><table><tbody><tr><td>&nbsp;9:00 a.m.&nbsp; \u2013 9:10 a.m. &nbsp; &nbsp;<\/td><td>Transmisi\u00f3n de recorrido virtual. Proyecci\u00f3n del video. Sal\u00f3n de Conferencias. Trivia hist\u00f3rica KAHOOT, a cargo del Departamento de Hemeroteca\u2013Biblioteca. Sal\u00f3n de Conferencias. &nbsp;<\/td><\/tr><tr><td>10:00 a.m.\u2013 11:00 a.m. &nbsp; &nbsp; &nbsp; 10:00 a.m.\u2013 11:00 a.m. &nbsp; &nbsp; 11:00 a.m. \u2013 12:00 m. &nbsp; &nbsp; 12:00 m. \u2013 1:00 p.m. &nbsp; &nbsp; 1:00 p.m. \u2013 2:00 p.m. &nbsp; 2:00 p.m. &#8211; 3:00 p.m. &nbsp; &nbsp; &nbsp; &nbsp; 2:00 p.m. \u2013 4:00 p.m. &nbsp; &nbsp; &nbsp; &nbsp;<\/td><td>Panel: \u201cCaama\u00f1o, Dignidad Nacional\u00bb, a cargo de Santiago Gil, Antonio Bret\u00f3n y Santiago Portes. Sal\u00f3n de Conferencias. &nbsp; Cuenta cuentos \u201cLa moneda de Playa Caracoles\u201d, a cargo del Departamento de Hemeroteca \u2013 Biblioteca. Sal\u00f3n de clases. &nbsp; Taller \u00abLectura comprensiva para j\u00f3venes\u00bb, a cargo del Departamento de Hemeroteca\u2013Biblioteca, presentada por Elizabeth Duarte. Sal\u00f3n de conferencias. &nbsp; &nbsp; Charla \u00abC\u00f3mo cuidar mis libros\u00bb a cargo del Departamento de Hemeroteca \u2013 Biblioteca.&nbsp; Sal\u00f3n de Conferencias. &nbsp; Documental <em>Voces de la revoluci\u00f3n de abril<\/em>. A cargo del Departamento de Comunicaciones. Sal\u00f3n de Conferencias. &nbsp; &nbsp; Conferencia \u201cClaves para fomentar la lectura en j\u00f3venes y adolescentes\u201d. En coordinaci\u00f3n con el IGLOBAL. Sal\u00f3n de Conferencias. &nbsp; &nbsp; &nbsp; &nbsp; Proyecci\u00f3n del documental <em>Abril, la trinchera del honor<\/em>. Producci\u00f3n de Ren\u00e9 Fortunato. En coordinaci\u00f3n con la Cinemateca Dominicana. Sal\u00f3n de Conferencias. &nbsp; &nbsp;<\/td><\/tr><tr><td>4:00 p.m.\u2013 5:00 p.m.<\/td><td>Coloquio sobre la nueva novela hist\u00f3rica: <em>Burn The river! \u00a1Quemen el r\u00edo!<\/em>, a cargo de Emelda Ramos. Sal\u00f3n de Conferencias. &nbsp; &nbsp; &nbsp; &nbsp;<\/td><\/tr><tr><td>&nbsp; 5:00 p.m.\u2013 6:00 p.m. &nbsp;<\/td><td>&nbsp; Conferencia \u201cRecorrido biogr\u00e1fico que marcaron las actividades pol\u00edtica y militar de Caama\u00f1o mediante la cartograf\u00eda\u201d, a cargo del Departamento de Materiales Especiales, presentado por Althusser Jerez. Sal\u00f3n de Conferencias.<\/td><\/tr><tr><td>&nbsp;<\/td><td>&nbsp;<\/td><\/tr><tr><td>&nbsp;<\/td><td>&nbsp; &nbsp;<\/td><\/tr><\/tbody><\/table><\/figure>\n\n\n\n<p>Mi\u00e9rcoles, 15 de octubre de 2023<\/p>\n\n\n\n<figure class=\"wp-block-table\"><table><tbody><tr><td>&nbsp;<\/td><td>&nbsp;<\/td><\/tr><tr><td>&nbsp;9:00 a.m. \u2013 9:10 a.m. &nbsp; &nbsp;<\/td><td>Transmisi\u00f3n de recorrido virtual. Sal\u00f3n de Conferencias. &nbsp; Trivia hist\u00f3rica KAHOOT, a cargo del Departamento de Hemeroteca\u2013Biblioteca. Sal\u00f3n de Conferencias.<\/td><\/tr><tr><td>10:00 a.m.\u2013 11:00 a.m.<\/td><td>Charla \u201cProceso de eliminaci\u00f3n documental\u201d, a cargo del Departamento de Sistema Nacional de Archivos e Inspector\u00eda. Sal\u00f3n de Conferencias. &nbsp; &nbsp;<\/td><\/tr><tr><td>11:00 a.m. \u2013 12:00 m. &nbsp; &nbsp; &nbsp; 12:00 m. \u2013 1:00 p.m. &nbsp; &nbsp; &nbsp; 1:00 p.m. \u2013 2:00 p.m. &nbsp;<\/td><td><a>Encuentro con el autor, Juan Isidro Jim\u00e9nez y Orly Rodr\u00edguez, a cargo del Departamento de Biblioteca y Hemeroteca. <\/a>Sal\u00f3n de Conferencias. &nbsp; &nbsp; Presentaci\u00f3n del proyecto de digitalizaci\u00f3n de f\u00edlmicas del noticiario <em>El Mundo al D\u00eda<\/em>, a cargo del Departamento de Materiales Especiales, presentado por Vielka Roa. Sal\u00f3n de Conferencias. &nbsp; &nbsp; Documental <em>Abril de 1965. El pueblo en armas<\/em>, a cargo del Departamento de Comunicaciones. Sal\u00f3n de Conferencias. &nbsp; &nbsp;<\/td><\/tr><tr><td>2:00 p.m. \u2013 3:00 p.m.<\/td><td>Presentaci\u00f3n de los libros \u201cLa Trinitaria y sus fundadores\u201d y \u201c27 de febrero y S\u00e1nchez: 4 de Julio de 1861\u201d de autor\u00eda de Roque Zabala. &nbsp;<\/td><\/tr><tr><td>&nbsp; &nbsp; &nbsp; 4:00 p.m.\u2013 5:00 p.m. &nbsp;<\/td><td>&nbsp;<\/td><\/tr><tr><td>5:00 p.m. \u2013 6:00 p.m.<\/td><td>Conferencia \u201cEvoluci\u00f3n pol\u00edtica del pensamiento del coronel Francisco Alberto Caama\u00f1o De\u00f1\u00f3\u00bb, a cargo de Alberto Caama\u00f1o Acevedo. Sal\u00f3n de Conferencias. &nbsp; &nbsp;<\/td><\/tr><tr><td>6:00 p.m.\u2013 7:00 p.m.<\/td><td><a>Conferencia <\/a>\u201cCaama\u00f1o, nacido para el combate, para la soberan\u00eda nacional y popular\u201d, a cargo de Ram\u00f3n Rodr\u00edguez. Sal\u00f3n de Conferencias. &nbsp; &nbsp; &nbsp; &nbsp;<\/td><\/tr><tr><td>&nbsp;<\/td><td>&nbsp;<\/td><\/tr><\/tbody><\/table><\/figure>\n\n\n\n<p>Jueves, 16 de octubre de 2023<\/p>\n\n\n\n<figure class=\"wp-block-table\"><table><tbody><tr><td>&nbsp;<\/td><td>&nbsp;<\/td><\/tr><tr><td>&nbsp;9:00 a.m. \u2013 9:10 a.m. &nbsp; &nbsp; &nbsp;<\/td><td>Transmisi\u00f3n de recorrido virtual. Sal\u00f3n de Conferencias. Trivia hist\u00f3rica KAHOOT, a cargo del Departamento de Hemeroteca\u2013Biblioteca. Sal\u00f3n de Conferencias. &nbsp;<\/td><\/tr><tr><td>10:00 a.m. &#8211; 11:00 a.m. &nbsp; &nbsp;<\/td><td>Conferencia \u201cGesta de Abril y Playa Caracoles en la Rep\u00fablica Dominicana\u201d, a cargo de Bienvenida Polanco-D\u00edaz. Centro de Estudio Filol\u00f3gicos, Santiago de los Caballeros. Sal\u00f3n de Conferencias. &nbsp;<\/td><\/tr><tr><td>&nbsp; 11:00 a.m. \u2013 12:00 m. &nbsp; &nbsp; &nbsp; 12:00 m. \u2013 1:00 p.m. &nbsp; &nbsp; &nbsp; 1:00 p.m. \u2013 2:00 p.m. &nbsp; &nbsp; &nbsp; &nbsp; &nbsp; 2:00 p.m. \u2013 3:00 p.m. &nbsp; &nbsp; &nbsp; &nbsp; 3:00 p.m. \u2013 4:00 p.m. &nbsp;<\/td><td>&nbsp; Taller \u201cConservaci\u00f3n documental\u201d, a cargo del Departamento de Conservaci\u00f3n y Restauraci\u00f3n, presentado por Albania Hidalgo. Sal\u00f3n de Conferencias. &nbsp; Charla \u201cArchivo y gesti\u00f3n documental\u201d, a cargo del Departamento de Sistema Nacional de Archivos e Inspector\u00eda. Sal\u00f3n de Conferencias. &nbsp; &nbsp; Puesta en circulaci\u00f3n del <em>Bolet\u00edn del Archivo General de la Naci\u00f3n<\/em> BANG 162, BANG 163 y BANG 164, y el libro <em>Obras<\/em>, de Fran\u00e7ois Sevez, a cargo del Departamento de Investigaci\u00f3n. Sal\u00f3n de Conferencias. &nbsp; Taller \u201cManipulaci\u00f3n documental\u201d, a cargo del Departamento de Conservaci\u00f3n y Restauraci\u00f3n y Servicios T\u00e9cnicos, presentado por Rosanna Graciano. Sal\u00f3n de Conferencias. &nbsp; &nbsp; &nbsp; Presentaci\u00f3n \u201cCaama\u00f1o De\u00f1\u00f3. Playa Caracoles<em>. <\/em>Descripci\u00f3n del origen de las im\u00e1genes&nbsp;y prensa diaria\u201d, a cargo de los Departamentos Biblioteca y Hemeroteca Materiales Especiales, presentada por Indhira Taveras y Katherine Alfonso. Sal\u00f3n de Conferencias. &nbsp;<\/td><\/tr><tr><td>&nbsp;<\/td><td>&nbsp;<\/td><\/tr><tr><td>&nbsp;<\/td><td>&nbsp;<\/td><\/tr><tr><td>7:00p.m. \u2013 8:00 p.m.<\/td><td>Presentaci\u00f3n del documental \u201c<em>Caama\u00f1o. Militar a Guerrillero\u201d<\/em>. Producci\u00f3n de Ren\u00e9 Fortunato. Sal\u00f3n de Conferencias. &nbsp;<\/td><\/tr><\/tbody><\/table><\/figure>\n\n\n\n<p>Viernes, 17 de octubre de 2022<\/p>\n\n\n\n<figure class=\"wp-block-table\"><table><tbody><tr><td>&nbsp;<\/td><td>&nbsp;<\/td><\/tr><tr><td>&nbsp; 9:00 a.m. \u2013 9:10 a.m. &nbsp;<\/td><td>&nbsp; Transmisi\u00f3n de recorrido. Sal\u00f3n de Conferencias. Trivia hist\u00f3rica KAHOOT, a cargo del Departamento de Hemeroteca\u2013Biblioteca. Sal\u00f3n de Conferencias. &nbsp;<\/td><\/tr><tr><td>&nbsp; 9:00 a.m. \u2013 10:00 a.m. &nbsp; &nbsp; &nbsp; &nbsp; &nbsp; 10:00 a.m.\u2013 11:00 a.m. &nbsp; &nbsp; &nbsp; &nbsp; &nbsp; &nbsp; &nbsp; &nbsp; &nbsp; 12:00 m. \u2013 1:00 p.m. &nbsp; &nbsp; &nbsp; &nbsp; &nbsp; &nbsp; &nbsp; &nbsp; 1:00 p.m. \u2013 3:00 p.m. &nbsp; &nbsp;<\/td><td><a>&nbsp;<\/a> Cuenta cuentos \u201c14 cuentos para ti\u201d. En coordinaci\u00f3n con la Biblioteca Infantil Juvenil Rep\u00fablica Dominicana. Sal\u00f3n de Clases. &nbsp; &nbsp; &nbsp; Charla \u201cEl ahorro infantil con nuestra mascota institucional de Jenny la Ballenita\u201d, a cargo de Banreservas. Sal\u00f3n de Conferencias. &nbsp; &nbsp; &nbsp; &nbsp; Documental Gilbert<em>. H\u00e9roe de dos pueblos<\/em>. Producci\u00f3n de Euri Cabral. En coordinaci\u00f3n con la Cinemateca Dominicana. Sal\u00f3n de Conferencias. &nbsp;<\/td><\/tr><tr><td>&nbsp; 3:00 p.m.\u2013 4:00 p.m.<\/td><td>&nbsp; Conferencia \u201cExplorando la cobertura period\u00edstica del desembarco en Playa Caracoles\u201d, a cargo de Gloria Calder\u00f3n. Sal\u00f3n de Conferencias. &nbsp; &nbsp;<\/td><\/tr><tr><td>4:00 p.m.\u2013 5:00 p.m.<\/td><td>Fotonovela \u00abSue\u00f1os de Revoluci\u00f3n: Los Guerrilleros de Playa Caracoles\u00bb, a cargo de Ram\u00f3n Emilio De Jes\u00fas-Grull\u00f3n. Sal\u00f3n de Conferencias. &nbsp; &nbsp; &nbsp;<\/td><\/tr><tr><td>5:00 p.m.\u2013 6:00 p.m. &nbsp; &nbsp; &nbsp;<\/td><td>Conferencia \u201cPreparativos e inicio de la Revoluci\u00f3n de abril\u201d a cargo de Rafael Gamundi Cordero. Sal\u00f3n de Conferencias.<\/td><\/tr><tr><td>6:00p.m. \u2013 7:00 p.m. &nbsp;<\/td><td>Conferencia \u201cLa Guerra de Abril de 1965 y la transformaci\u00f3n pol\u00edtica de Caama\u00f1o\u201d, a cargo de Juan de la Cruz.&nbsp; Sal\u00f3n de Conferencias. &nbsp; &nbsp; &nbsp; &nbsp; &nbsp;<\/td><\/tr><\/tbody><\/table><\/figure>\n\n\n\n<p>Jose Rafael Paula Sosa<a rel=\"noreferrer noopener\" target=\"_blank\" href=\"mailto:joserafael.sosa@gmail.com\">joserafael.sosa@gmail.com<\/a><\/p>\n","protected":false},"excerpt":{"rendered":"<p>Cartel de la X Feria del Libro de Historia Dominicana, que se inicia este lunes 13 de noviembre, con la presentaci\u00f3n de libros que ofrecer\u00e1n informaci\u00f3n hist\u00f3rica in\u00e9dita sobre el diario y documentos\u00a0 Francisco Alberto Caama\u00f1o De\u00f1\u00f3\u00a0 en torno a la guerrilla de Caracolas, de la cual se han cumplido los 50 a\u00f1os. Existe una [&hellip;]<\/p>\n","protected":false},"author":28,"featured_media":487338,"comment_status":"closed","ping_status":"","sticky":true,"template":"","format":"standard","meta":{"footnotes":""},"categories":[21,36,26,27,32],"tags":[],"class_list":["post-487337","post","type-post","status-publish","format-standard","has-post-thumbnail","hentry","category-cultura","category-hombresmujeresycosas","category-efemerides","category-portada","category-turismo"],"_links":{"self":[{"href":"https:\/\/diariodominicano.com\/index.php?rest_route=\/wp\/v2\/posts\/487337","targetHints":{"allow":["GET"]}}],"collection":[{"href":"https:\/\/diariodominicano.com\/index.php?rest_route=\/wp\/v2\/posts"}],"about":[{"href":"https:\/\/diariodominicano.com\/index.php?rest_route=\/wp\/v2\/types\/post"}],"author":[{"embeddable":true,"href":"https:\/\/diariodominicano.com\/index.php?rest_route=\/wp\/v2\/users\/28"}],"replies":[{"embeddable":true,"href":"https:\/\/diariodominicano.com\/index.php?rest_route=%2Fwp%2Fv2%2Fcomments&post=487337"}],"version-history":[{"count":2,"href":"https:\/\/diariodominicano.com\/index.php?rest_route=\/wp\/v2\/posts\/487337\/revisions"}],"predecessor-version":[{"id":487341,"href":"https:\/\/diariodominicano.com\/index.php?rest_route=\/wp\/v2\/posts\/487337\/revisions\/487341"}],"wp:featuredmedia":[{"embeddable":true,"href":"https:\/\/diariodominicano.com\/index.php?rest_route=\/wp\/v2\/media\/487338"}],"wp:attachment":[{"href":"https:\/\/diariodominicano.com\/index.php?rest_route=%2Fwp%2Fv2%2Fmedia&parent=487337"}],"wp:term":[{"taxonomy":"category","embeddable":true,"href":"https:\/\/diariodominicano.com\/index.php?rest_route=%2Fwp%2Fv2%2Fcategories&post=487337"},{"taxonomy":"post_tag","embeddable":true,"href":"https:\/\/diariodominicano.com\/index.php?rest_route=%2Fwp%2Fv2%2Ftags&post=487337"}],"curies":[{"name":"wp","href":"https:\/\/api.w.org\/{rel}","templated":true}]}}