{"id":48729,"date":"2020-10-16T14:51:20","date_gmt":"2020-10-16T14:51:20","guid":{"rendered":"http:\/\/diariodominicano.ddns.net\/?p=48729"},"modified":"2020-10-16T14:51:20","modified_gmt":"2020-10-16T14:51:20","slug":"mescyt-desarrollara-plan-de-actualizacion-cientifica-y-tecnologica-docente-de-universidades","status":"publish","type":"post","link":"https:\/\/diariodominicano.com\/?p=48729","title":{"rendered":"MESCYT desarrollar\u00e1 plan de actualizaci\u00f3n cient\u00edfica y tecnol\u00f3gica docente de universidades"},"content":{"rendered":"<p><body><\/p>\n<p><img decoding=\"async\" src=\"img3\/GarciaFermin16-10-20.jpg\" \/><br \/><img decoding=\"async\" src=\"img3\/Mescuyt16-10-20.jpg\" \/>  <\/p>\n<p><span class=\"text1noticias\">diariodominicano.com<\/span><\/p>\n<\/p>\n<p><span class=\"text1noticias\"> Santo Domingo, R. D., 16 de octubre, 2020.- En el marco de una reuni\u00f3n con el equipo directivo de INICIA Educaci\u00f3n, el Ministro de Educaci\u00f3n Superior, Ciencia y Tecnolog\u00eda, doctor Franklin Garc\u00eda Ferm\u00edn, anunci\u00f3 que ese \u00f3rgano regulador realizar\u00e1 un diagn\u00f3stico de las demandas de carreras en los sectores p\u00fablico y privado para reforzar en las universidades la cultura de la pertinencia.<\/span><\/p>\n<p><span class=\"text1noticias\"> <\/span><\/p>\n<p><span class=\"text1noticias\">Asimismo, inform\u00f3 que se desarrollar\u00e1 un plan de actualizaci\u00f3n cient\u00edfica y tecnol\u00f3gica del personal docente de las universidades, a fin de que avancen en el dominio de las tecnolog\u00edas de la informaci\u00f3n y la comunicaci\u00f3n.<\/span><\/p>\n<p><span class=\"text1noticias\"> <\/span><\/p>\n<p><span class=\"text1noticias\">De igual modo, se ejecutar\u00e1 un plan de apoyo a la inclusi\u00f3n de los egresados de las universidades en las diversas entidades privadas y estatales.<\/span><\/p>\n<p><span class=\"text1noticias\"> <\/span><\/p>\n<p><span class=\"text1noticias\">Garc\u00eda Ferm\u00edn adelant\u00f3 que el MESCYT crear\u00e1 el Premio Nacional de Tecnolog\u00eda, para estimular la creatividad, la innovaci\u00f3n y la invenci\u00f3n.<\/span><\/p>\n<p><span class=\"text1noticias\"> <\/span><\/p>\n<p><span class=\"text1noticias\">En ese sentido, dijo que el MESCYT tiene el prop\u00f3sito de articular las pol\u00edticas de redise\u00f1o, investigaci\u00f3n y extensi\u00f3n con las necesidades y demandas de la sociedad.<\/span><\/p>\n<p><span class=\"text1noticias\"> <\/span><\/p>\n<p><span class=\"text1noticias\">\u00abHemos comenzado a fortalecer los programas doctorales haciendo hincapi\u00e9 en los que se desarrollen en universidades nacionales asociadas con instituciones universitarias de otras latitudes\u00bb, signific\u00f3.<\/span><\/p>\n<p><span class=\"text1noticias\"> <\/span><\/p>\n<p><span class=\"text1noticias\">Tambi\u00e9n, el MESCYT fortalecer\u00e1 el programa de movilidad acad\u00e9mica nacional y el dise\u00f1o curricular orientado a la investigaci\u00f3n y a la educaci\u00f3n inclusiva.<\/span><\/p>\n<p><span class=\"text1noticias\"> <\/span><\/p>\n<p><span class=\"text1noticias\">Garc\u00eda Ferm\u00edn sostuvo que el MESCYT est\u00e1 preparado para desarrollar un ambicioso programa de acciones con las cuales el Gobierno de Luis Abinader se propone crear las condiciones para cambiar el rostro de la naci\u00f3n dominicana desde la perspectiva de la educaci\u00f3n superior, cient\u00edfica y tecnol\u00f3gica.<\/span><\/p>\n<p><span class=\"text1noticias\"> <\/span><\/p>\n<p><span class=\"text1noticias\">Especific\u00f3 que es fundamental el prop\u00f3sito de elaborar un diagn\u00f3stico orientado a la construcci\u00f3n de una propuesta de redefinici\u00f3n del financiamiento de la educaci\u00f3n superior.<\/span><\/p>\n<p><span class=\"text1noticias\"> <\/span><\/p>\n<p><span class=\"text1noticias\">Asimismo, dijo que entre los objetivos que persigue el MESCYT para los pr\u00f3ximos cuatro a\u00f1os se destacan la apertura y la transparencia en el ejercicio de las funciones que la Ley 139-01 le asigna, sin que ello impida una revisi\u00f3n, adecuaci\u00f3n y actualizaci\u00f3n de ese estatuto jur\u00eddico.<\/span><\/p>\n<p><span class=\"text1noticias\"> <\/span><\/p>\n<p><span class=\"text1noticias\">El funcionario asegur\u00f3 que el MESCYT dar\u00e1 continuidad a los procesos de evaluaci\u00f3n quinquenal de las instituciones de educaci\u00f3n superior, con miras a crear una cultura de la evaluaci\u00f3n de la calidad que permita desarrollar un plan de acreditaci\u00f3n nacional e internacional de las carreras prioritarias para el desarrollo integral del pa\u00eds<\/span><\/p>\n<p><span class=\"text1noticias\"> <\/span><\/p>\n<p><span class=\"text1noticias\">Garantiz\u00f3 que se crear\u00e1n los mecanismos pertinentes para fortalecer las pol\u00edticas de publicaciones de las universidades para la consulta y el aprendizaje de los estudiantes en las diferentes \u00e1reas del saber.<\/span><\/p>\n<p><span class=\"text1noticias\"> <\/span><\/p>\n<p><span class=\"text1noticias\">Declar\u00f3 que otro objetivo de nuestro Gobierno es crear un sistema de pasant\u00edas para las careras que lo ameriten en el cual se involucrar\u00e1 a las universidades, los ministerios y las empresas productivas.<\/span><\/p>\n<p><span class=\"text1noticias\"> <\/span><\/p>\n<p><span class=\"text1noticias\">\u00abDesplegaremos los esfuerzos necesarios para fortalecer los mecanismos de desempe\u00f1o de los docentes y del personal administrativo de las universidades, con lo cual se incrementar\u00e1 de manera notoria la calidad de la educaci\u00f3n superior\u00bb, agreg\u00f3.<\/span><\/p>\n<p><span class=\"text1noticias\"> <\/span><\/p>\n<p><span class=\"text1noticias\">Indic\u00f3 que las universidades dominicanas alcanzar\u00e1n un nivel m\u00e1s alto de internacionalizaci\u00f3n y se afianzar\u00e1 la cooperaci\u00f3n nacional e internacional.<\/span><\/p>\n<p><span class=\"text1noticias\"> <\/span><\/p>\n<p><span class=\"text1noticias\">Otro objetivo importante consiste en el desarrollo de un programa de gerencia y fortalecimiento institucional que incluya la revisi\u00f3n del sistema de normas y reglamentos de acuerdo con la ley y los est\u00e1ndares internacionales.<\/span><\/p>\n<p><span class=\"text1noticias\"> <\/span><\/p>\n<p><span class=\"text1noticias\">En el encuentro estuvieron la Se\u00f1ora Amelia Vicini, socia de INICIA; Antonio Caparr\u00f3s, director general INICIA Educaci\u00f3n; Angela Espa\u00f1ol, directora del portafolio INICIA Educaci\u00f3n y directora general del Instituto 512; Fernando Barrero, vicerrector acad\u00e9mico de Barna Management Scohoo; Jos\u00e9 Armando Tav\u00e1rez, director general del TEP; Luis David Sena, director general de Edupass; Katherine Pe\u00f1a, directora general de la IEET.<\/span><\/p>\n<p><span class=\"text1noticias\"> <\/span><\/p>\n<p><span class=\"text1noticias\">Asimismo, Garc\u00eda Ferm\u00edn estuvo acompa\u00f1ado del viceministro del MESCYT, Juan Francisco Viloria y del asesor especial, Julio Altagracia.<\/span><\/p>\n<p><span class=\"text1noticias\"> <\/span><\/p>\n<p><span class=\"text1noticias\"> Fuente: Prensa MESCYT<\/span><\/p>\n<p><span class=\"text1noticias\"> federico mendez nova<\/span><\/p>\n<\/p>\n<p><span class=\"text1noticias\">Foto: El Ministro Franklin Garc\u00eda Ferm\u00edn, expuso ante el equipo directivo de INICIA Educaci\u00f3n los objetivos que tiene el MES<\/span>CYT en la presente gesti\u00f3n.<\/p>\n<h6> 2020-10-16 14:51:20 <\/h6>\n<p><!--\n<link rel=\"stylesheet\" href=\"css\/bootstrap.min.css\">\n\n\n<ul class=\"pagination\">\n\t    \n\t\n\n<li >\n\t<a href='?page_no=143'>Previous<\/a>\n\t<\/li>\n\n\n       \n    \n\n<li><a href='?page_no=1'>1<\/a><\/li>\n\n\n\n<li><a href='?page_no=2'>2<\/a><\/li>\n\n\n\n<li><a>...<\/a><\/li>\n\n\n\n<li><a href='?page_no=142'>142<\/a><\/li>\n\n\n\n<li><a href='?page_no=143'>143<\/a><\/li>\n\n\n\n<li class='active'><a>144<\/a><\/li>\n\n\n\n<li><a href='?page_no=145'>145<\/a><\/li>\n\n\n\n<li><a href='?page_no=146'>146<\/a><\/li>\n\n\n\n<li><a>...<\/a><\/li>\n\n\n\n<li><a href='?page_no=22911'>22911<\/a><\/li>\n\n\n\n<li><a href='?page_no=22912'>22912<\/a><\/li>\n\n    \n\t\n\n<li >\n\t<a href='?page_no=145'>Next<\/a>\n\t<\/li>\n\n\n    \n\n<li><a href='?page_no=22912'>Last &rsaquo;&rsaquo;<\/a><\/li>\n\n<\/ul>\n\n\n--><br \/>\n<\/body><\/p>\n","protected":false},"excerpt":{"rendered":"<p>diariodominicano.com Santo Domingo, R. D., 16 de octubre, 2020.- En el marco de una reuni\u00f3n con el equipo directivo de INICIA Educaci\u00f3n, el Ministro de Educaci\u00f3n Superior, Ciencia y Tecnolog\u00eda, doctor Franklin Garc\u00eda Ferm\u00edn, anunci\u00f3 que ese \u00f3rgano regulador realizar\u00e1 un diagn\u00f3stico de las demandas de carreras en los sectores p\u00fablico y privado para reforzar [&hellip;]<\/p>\n","protected":false},"author":3,"featured_media":0,"comment_status":"open","ping_status":"open","sticky":false,"template":"","format":"standard","meta":{"footnotes":""},"categories":[21],"tags":[],"class_list":["post-48729","post","type-post","status-publish","format-standard","hentry","category-cultura"],"_links":{"self":[{"href":"https:\/\/diariodominicano.com\/index.php?rest_route=\/wp\/v2\/posts\/48729","targetHints":{"allow":["GET"]}}],"collection":[{"href":"https:\/\/diariodominicano.com\/index.php?rest_route=\/wp\/v2\/posts"}],"about":[{"href":"https:\/\/diariodominicano.com\/index.php?rest_route=\/wp\/v2\/types\/post"}],"author":[{"embeddable":true,"href":"https:\/\/diariodominicano.com\/index.php?rest_route=\/wp\/v2\/users\/3"}],"replies":[{"embeddable":true,"href":"https:\/\/diariodominicano.com\/index.php?rest_route=%2Fwp%2Fv2%2Fcomments&post=48729"}],"version-history":[{"count":0,"href":"https:\/\/diariodominicano.com\/index.php?rest_route=\/wp\/v2\/posts\/48729\/revisions"}],"wp:attachment":[{"href":"https:\/\/diariodominicano.com\/index.php?rest_route=%2Fwp%2Fv2%2Fmedia&parent=48729"}],"wp:term":[{"taxonomy":"category","embeddable":true,"href":"https:\/\/diariodominicano.com\/index.php?rest_route=%2Fwp%2Fv2%2Fcategories&post=48729"},{"taxonomy":"post_tag","embeddable":true,"href":"https:\/\/diariodominicano.com\/index.php?rest_route=%2Fwp%2Fv2%2Ftags&post=48729"}],"curies":[{"name":"wp","href":"https:\/\/api.w.org\/{rel}","templated":true}]}}