{"id":48718,"date":"2020-10-16T20:00:12","date_gmt":"2020-10-16T20:00:12","guid":{"rendered":"http:\/\/diariodominicano.ddns.net\/?p=48718"},"modified":"2020-10-16T20:00:12","modified_gmt":"2020-10-16T20:00:12","slug":"comisionado-dominicano-de-cultura-reune-a-folcloristas-gestores-culturales-y-artesanos-en-un-cafe-por-la-cultura","status":"publish","type":"post","link":"https:\/\/diariodominicano.com\/?p=48718","title":{"rendered":"Comisionado Dominicano de Cultura re\u00fane a folcloristas, gestores culturales y artesanos en Un Caf\u00e9 por la Cultura"},"content":{"rendered":"<p><body><\/p>\n<p><img decoding=\"async\" src=\"img3\/rossi0003.jpg\" \/><br \/><img decoding=\"async\" src=\"img3\/rossi001.jpg\" \/><br \/><img decoding=\"async\" src=\"img3\/rossi4.jpg\" \/>  <\/p>\n<p><strong>Diariodominicano.com<\/strong><\/p>\n<p><strong>Comisionado Dominicano de Cultura re\u00fane a folcloristas, gestores culturales y artesanos en Un Caf\u00e9 por la Cultura  <\/strong><\/p>\n<p><strong>Nueva York.-<\/strong> El Comisionado Dominicano de Cultura en los Estados Unidos realiz\u00f3 un encuentro con folcloristas, gestores culturales y artesanos dominicanos  radicados en Estados Unidos, en el marco del segundo \u00abCaf\u00e9 por la Cultura.\u00bb<\/p>\n<\/p>\n<p>Al encabezar el encuentro, la comisionada dominicana de  cultura, Lourdes Batista-Jakab, dijo a los artistas presentes que \u00aben la unidad est\u00e1 la fuerza y cuando nos unimos ganamos todos\u00bb, al tiempo de invitarlos a trabajar  la unidad y la solidaridad.<\/p>\n<\/p>\n<p>\u00abDonde hay un dominicano, ah\u00ed est\u00e1 la cultura, porque la cultura es el pueblo mismo\u00bb, asegur\u00f3 la comisionada ante un p\u00fablico complacido por el hecho de haber sido tomado en cuenta por la entidad que representa el arte y  la cultura dominicana en los Estados Unidos.<\/p>\n<\/p>\n<p>La mayor\u00eda  de los artistas, gestores culturales y folcloristas,  entregaron  sus propuestas al comisionado, entre las m\u00e1s destacadas se puede citar:  trabajar con la cultura tradicional e identidad dominicana y  reconocer a los n\u00facleos culturales independientes que promueven el carnaval dominicano en los desfiles dominicanos de Nueva York.<\/p>\n<\/p>\n<p>Comisionado Dominicano de Cultura<\/p>\n<p>info@codocul.com<\/p>\n<h6> 2020-10-16 20:00:12 <\/h6>\n<p><!--\n<link rel=\"stylesheet\" href=\"css\/bootstrap.min.css\">\n\n\n<ul class=\"pagination\">\n\t    \n\t\n\n<li >\n\t<a href='?page_no=142'>Previous<\/a>\n\t<\/li>\n\n\n       \n    \n\n<li><a href='?page_no=1'>1<\/a><\/li>\n\n\n\n<li><a href='?page_no=2'>2<\/a><\/li>\n\n\n\n<li><a>...<\/a><\/li>\n\n\n\n<li><a href='?page_no=141'>141<\/a><\/li>\n\n\n\n<li><a href='?page_no=142'>142<\/a><\/li>\n\n\n\n<li class='active'><a>143<\/a><\/li>\n\n\n\n<li><a href='?page_no=144'>144<\/a><\/li>\n\n\n\n<li><a href='?page_no=145'>145<\/a><\/li>\n\n\n\n<li><a>...<\/a><\/li>\n\n\n\n<li><a href='?page_no=22911'>22911<\/a><\/li>\n\n\n\n<li><a href='?page_no=22912'>22912<\/a><\/li>\n\n    \n\t\n\n<li >\n\t<a href='?page_no=144'>Next<\/a>\n\t<\/li>\n\n\n    \n\n<li><a href='?page_no=22912'>Last &rsaquo;&rsaquo;<\/a><\/li>\n\n<\/ul>\n\n\n--><br \/>\n<\/body><\/p>\n","protected":false},"excerpt":{"rendered":"<p>Diariodominicano.com Comisionado Dominicano de Cultura re\u00fane a folcloristas, gestores culturales y artesanos en Un Caf\u00e9 por la Cultura Nueva York.- El Comisionado Dominicano de Cultura en los Estados Unidos realiz\u00f3 un encuentro con folcloristas, gestores culturales y artesanos dominicanos radicados en Estados Unidos, en el marco del segundo \u00abCaf\u00e9 por la Cultura.\u00bb Al encabezar el [&hellip;]<\/p>\n","protected":false},"author":3,"featured_media":0,"comment_status":"open","ping_status":"open","sticky":false,"template":"","format":"standard","meta":{"footnotes":""},"categories":[21],"tags":[],"class_list":["post-48718","post","type-post","status-publish","format-standard","hentry","category-cultura"],"_links":{"self":[{"href":"https:\/\/diariodominicano.com\/index.php?rest_route=\/wp\/v2\/posts\/48718","targetHints":{"allow":["GET"]}}],"collection":[{"href":"https:\/\/diariodominicano.com\/index.php?rest_route=\/wp\/v2\/posts"}],"about":[{"href":"https:\/\/diariodominicano.com\/index.php?rest_route=\/wp\/v2\/types\/post"}],"author":[{"embeddable":true,"href":"https:\/\/diariodominicano.com\/index.php?rest_route=\/wp\/v2\/users\/3"}],"replies":[{"embeddable":true,"href":"https:\/\/diariodominicano.com\/index.php?rest_route=%2Fwp%2Fv2%2Fcomments&post=48718"}],"version-history":[{"count":0,"href":"https:\/\/diariodominicano.com\/index.php?rest_route=\/wp\/v2\/posts\/48718\/revisions"}],"wp:attachment":[{"href":"https:\/\/diariodominicano.com\/index.php?rest_route=%2Fwp%2Fv2%2Fmedia&parent=48718"}],"wp:term":[{"taxonomy":"category","embeddable":true,"href":"https:\/\/diariodominicano.com\/index.php?rest_route=%2Fwp%2Fv2%2Fcategories&post=48718"},{"taxonomy":"post_tag","embeddable":true,"href":"https:\/\/diariodominicano.com\/index.php?rest_route=%2Fwp%2Fv2%2Ftags&post=48718"}],"curies":[{"name":"wp","href":"https:\/\/api.w.org\/{rel}","templated":true}]}}