{"id":487079,"date":"2023-11-07T23:59:47","date_gmt":"2023-11-08T03:59:47","guid":{"rendered":"https:\/\/diariodominicano.com\/?p=487079"},"modified":"2023-11-08T00:00:31","modified_gmt":"2023-11-08T04:00:31","slug":"cce-celebrara-edicion-2023-de-afrodescendientes-hoy","status":"publish","type":"post","link":"https:\/\/diariodominicano.com\/?p=487079","title":{"rendered":"CCE celebrar\u00e1 edici\u00f3n 2023 de Afrodescendientes Hoy"},"content":{"rendered":"\n<p><strong>Hacia la celebraci\u00f3n del bicentenario de la llegada de los negros norteamericanos. Estado actual de la cultura cocola<\/strong><\/p>\n\n\n\n<p><em>Los eventos se llevar\u00e1n a cabo los d\u00edas 8, 9 y 10 de noviembre&nbsp; a partir de las 7:00 pm en el CCESD.<\/em><\/p>\n\n\n\n<figure class=\"wp-block-image size-large\"><img loading=\"lazy\" decoding=\"async\" width=\"1024\" height=\"768\" src=\"https:\/\/diariodominicano.com\/wp-content\/uploads\/2023\/11\/Afrodescendientes-HOy-3-1024x768.jpg\" alt=\"\" class=\"wp-image-487081\" srcset=\"https:\/\/diariodominicano.com\/wp-content\/uploads\/2023\/11\/Afrodescendientes-HOy-3-1024x768.jpg 1024w, https:\/\/diariodominicano.com\/wp-content\/uploads\/2023\/11\/Afrodescendientes-HOy-3-300x225.jpg 300w, https:\/\/diariodominicano.com\/wp-content\/uploads\/2023\/11\/Afrodescendientes-HOy-3-768x576.jpg 768w, https:\/\/diariodominicano.com\/wp-content\/uploads\/2023\/11\/Afrodescendientes-HOy-3-1536x1152.jpg 1536w, https:\/\/diariodominicano.com\/wp-content\/uploads\/2023\/11\/Afrodescendientes-HOy-3-2048x1536.jpg 2048w, https:\/\/diariodominicano.com\/wp-content\/uploads\/2023\/11\/Afrodescendientes-HOy-3-816x612.jpg 816w\" sizes=\"auto, (max-width: 1024px) 100vw, 1024px\" \/><\/figure>\n\n\n\n<p><em><strong>Santo Domingo<\/strong><\/em><em>.- El Centro Cultural de Espa\u00f1a junto a la Fundaci\u00f3n Antillas celebrar\u00e1, durante tres d\u00edas, la afrodescendencia con un conjunto de paneles coordinados por Soraya Aracena que buscan dar a conocer, difundir, y empoderar las expresiones culturales legadas por miles de negros africanos que llegaron a Rep\u00fablica Dominicana y a otros pueblos del Caribe a partir del siglo XV.<\/em><\/p>\n\n\n\n<p><em>Este a\u00f1o la jornada tiene dos ejes tem\u00e1ticos:&nbsp;<\/em>el primero titulado:\u201d Hacia la celebraci\u00f3n del bicentenario de la llegada de los inmigrantes norteamericanos en Saman\u00e1\u201d, negros libres que hab\u00edan sido esclavos en las plantaciones algodoneras del sur de los Estados Unidos de Norteam\u00e9rica que fueron atra\u00eddos al pa\u00eds en 1824 por el entonces presidente haitiano Jean Pierre Boyer y que en su mayor\u00eda se establecieron en la hermosa provincia de Saman\u00e1 y cuyos descendientes conservan algunas de sus expresiones culturales.<\/p>\n\n\n\n<p>Para este segmento que tiene como objetivo reflexionar y visibilizar el hist\u00f3rico acontecimiento de la llegada del grupo al que ya nos referimos, hemos coordinado la conferencia \u201cHacia los doscientos a\u00f1os de la llegada de los inmigrantes norteamericanos\u201d, la que estar\u00e1 a cargo del joven historiador afroamericano Matthew Alexander Randolph quien obtuvo la prestigiosa beca Fullbright para investigar la historia de Saman\u00e1.<\/p>\n\n\n\n<figure class=\"wp-block-image size-large\"><img loading=\"lazy\" decoding=\"async\" width=\"1024\" height=\"768\" src=\"https:\/\/diariodominicano.com\/wp-content\/uploads\/2023\/11\/Afrodescendientes-HOy-3-1-1024x768.jpg\" alt=\"\" class=\"wp-image-487082\" srcset=\"https:\/\/diariodominicano.com\/wp-content\/uploads\/2023\/11\/Afrodescendientes-HOy-3-1-1024x768.jpg 1024w, https:\/\/diariodominicano.com\/wp-content\/uploads\/2023\/11\/Afrodescendientes-HOy-3-1-300x225.jpg 300w, https:\/\/diariodominicano.com\/wp-content\/uploads\/2023\/11\/Afrodescendientes-HOy-3-1-768x576.jpg 768w, https:\/\/diariodominicano.com\/wp-content\/uploads\/2023\/11\/Afrodescendientes-HOy-3-1-1536x1152.jpg 1536w, https:\/\/diariodominicano.com\/wp-content\/uploads\/2023\/11\/Afrodescendientes-HOy-3-1-2048x1536.jpg 2048w, https:\/\/diariodominicano.com\/wp-content\/uploads\/2023\/11\/Afrodescendientes-HOy-3-1-816x612.jpg 816w\" sizes=\"auto, (max-width: 1024px) 100vw, 1024px\" \/><\/figure>\n\n\n\n<p>Otro tema a tratar en este proyecto multidisciplinar es el&nbsp; estado actual de&nbsp; la cultura del grupo de negros llegados a finales de siglo XIX y principios del XX desde las islas posesiones inglesas de Nevis, Anegada, T\u00f3rtola y Saint Kits entre otras conocidos como Cocolos, los que trajeron expresiones culturales como las logias, sus religiones protestantes, culinaria y danzas teatrales conocidas como Guloyas, de las que tambi\u00e9n trajeron los bailes&nbsp; Wild indians y Pic cook figthers y Momis; aunque popularmente&nbsp; todos se denominan guloyas. Los guloyas en el a\u00f1o 2005, fueron&nbsp; proclamados por la Organizaci\u00f3n de las Naciones Unidas para la Educaci\u00f3n, la Ciencia y la Cultura (UNESCO) como \u201cObra Maestra del Patrimonio Oral e Intangible de la Humanidad \u201c, seleccionada entre otras 127 expresiones a nivel mundial.<\/p>\n\n\n\n<p>Para este segmento hemos invitado a los investigadores Edis S\u00e1nchez, quien particip\u00f3 activamente en algunas de las actividades que fueron realizadas luego de la distinci\u00f3n otorgada al grupo danzante.&nbsp;<\/p>\n\n\n\n<p>Tambi\u00e9n estar\u00e1 el investigador Enrique Alberto Cabrera V\u00e1squez, autor del libro: El Rey del Momise, los Guloyas y los Cocolos (2022) . Otras&nbsp; conferencias&nbsp; ser\u00e1n&nbsp; sobre las Danzas Cocolas, que ser\u00e1 dictada por el actual director del grupo de baile los Guloyas, Javier Adames y, el Patrimonio cultural inmaterial de los cocolos visto a trav\u00e9s de la obra de Adolfo Nadal Walcot, la que estar\u00e1 a cargo de&nbsp; la investigadora Soraya Aracena.<\/p>\n\n\n\n<p>La noche final de Afrodescendientes Hoy, ser\u00e1 presentado el grupo danzante de los Guloyas de San Pedro de Macor\u00eds.<\/p>\n\n\n\n<p>Centro Cultural de Espa\u00f1a<a target=\"_blank\" href=\"mailto:comunicacionccesd@gmail.com\" rel=\"noreferrer noopener\">comunicacionccesd@gmail.com<\/a><\/p>\n\n\n\n<p>&#8212;<\/p>\n\n\n\n<p><strong>Blanca Gonz\u00e1lez<\/strong><\/p>\n\n\n\n<p>Responsable de Comunicaci\u00f3n<\/p>\n","protected":false},"excerpt":{"rendered":"<p>Hacia la celebraci\u00f3n del bicentenario de la llegada de los negros norteamericanos. Estado actual de la cultura cocola Los eventos se llevar\u00e1n a cabo los d\u00edas 8, 9 y 10 de noviembre&nbsp; a partir de las 7:00 pm en el CCESD. Santo Domingo.- El Centro Cultural de Espa\u00f1a junto a la Fundaci\u00f3n Antillas celebrar\u00e1, durante [&hellip;]<\/p>\n","protected":false},"author":28,"featured_media":487080,"comment_status":"closed","ping_status":"","sticky":false,"template":"","format":"standard","meta":{"footnotes":""},"categories":[21,36,32],"tags":[],"class_list":["post-487079","post","type-post","status-publish","format-standard","has-post-thumbnail","hentry","category-cultura","category-hombresmujeresycosas","category-turismo"],"_links":{"self":[{"href":"https:\/\/diariodominicano.com\/index.php?rest_route=\/wp\/v2\/posts\/487079","targetHints":{"allow":["GET"]}}],"collection":[{"href":"https:\/\/diariodominicano.com\/index.php?rest_route=\/wp\/v2\/posts"}],"about":[{"href":"https:\/\/diariodominicano.com\/index.php?rest_route=\/wp\/v2\/types\/post"}],"author":[{"embeddable":true,"href":"https:\/\/diariodominicano.com\/index.php?rest_route=\/wp\/v2\/users\/28"}],"replies":[{"embeddable":true,"href":"https:\/\/diariodominicano.com\/index.php?rest_route=%2Fwp%2Fv2%2Fcomments&post=487079"}],"version-history":[{"count":2,"href":"https:\/\/diariodominicano.com\/index.php?rest_route=\/wp\/v2\/posts\/487079\/revisions"}],"predecessor-version":[{"id":487084,"href":"https:\/\/diariodominicano.com\/index.php?rest_route=\/wp\/v2\/posts\/487079\/revisions\/487084"}],"wp:featuredmedia":[{"embeddable":true,"href":"https:\/\/diariodominicano.com\/index.php?rest_route=\/wp\/v2\/media\/487080"}],"wp:attachment":[{"href":"https:\/\/diariodominicano.com\/index.php?rest_route=%2Fwp%2Fv2%2Fmedia&parent=487079"}],"wp:term":[{"taxonomy":"category","embeddable":true,"href":"https:\/\/diariodominicano.com\/index.php?rest_route=%2Fwp%2Fv2%2Fcategories&post=487079"},{"taxonomy":"post_tag","embeddable":true,"href":"https:\/\/diariodominicano.com\/index.php?rest_route=%2Fwp%2Fv2%2Ftags&post=487079"}],"curies":[{"name":"wp","href":"https:\/\/api.w.org\/{rel}","templated":true}]}}