{"id":48707,"date":"2020-10-16T20:22:15","date_gmt":"2020-10-16T20:22:15","guid":{"rendered":"http:\/\/diariodominicano.ddns.net\/?p=48707"},"modified":"2020-10-16T20:22:15","modified_gmt":"2020-10-16T20:22:15","slug":"fallece-en-el-exilio-el-procer-felix-maria-ruiz","status":"publish","type":"post","link":"https:\/\/diariodominicano.com\/?p=48707","title":{"rendered":"Fallece en el exilio el pr\u00f3cer F\u00e9lix Mar\u00eda Ru\u00edz"},"content":{"rendered":"<p><body><\/p>\n<p><img decoding=\"async\" src=\"img3\/Felix Maria Ruiz.jpg\" \/>  <\/p>\n<p><strong>Diariodominicano.com<\/strong><\/p>\n<p><strong>Fallece en el exilio el pr\u00f3cer F\u00e9lix Mar\u00eda Ru\u00edz<\/strong><\/p>\n<p>   En virtud de la resoluci\u00f3n tambi\u00e9n fueron declarados traidores a la patria  J. J. Ilias  y Juan Isidro P\u00e9rez, por lo que fueron condenados al destierro a perpetuidad.<\/p>\n<\/p>\n<p><strong>Por H\u00e9ctor Tineo Nolasco<\/strong><\/p>\n<p><strong>Diariodominicano.com<\/strong><\/p>\n<p><strong> <\/strong><\/p>\n<p><strong>MERIDA,  Venezuela, el 17 de octubre de 1891, muri\u00f3 en M\u00e9rida, Venezuela, el pr\u00f3cer  dominicano F\u00e9lix Mar\u00eda Ruiz, quien se encontraba exiliado en esa ciudad.<\/strong><\/p>\n<\/p>\n<p>     Ruiz hab\u00eda sido  expulsado de Rep\u00fablica Dominicana en el a\u00f1o  1844, luego de que la Junta Central Gubernativa, controlada   por el general  Pedro Santana, declar\u00f3 el 22 de agosto de 1844, traidores e infieles a la patria  a Juan Pablo Duarte, Mat\u00edas Ram\u00f3n Mella, Francisco del Rosario S\u00e1nchez,  Pedro Alejandrino  Pina, Gregorio del Valle y Juan  Jim\u00e9nez.<\/p>\n<\/p>\n<p>    En virtud de la resoluci\u00f3n tambi\u00e9n fueron declarados traidores a la patria  J. J. Ilias  y Juan Isidro P\u00e9rez, por lo que fueron condenados al destierro a perpetuidad.<\/p>\n<\/p>\n<p>      El primer grupo, encabezados por Francisco del Rosario S\u00e1nchez  y Mat\u00edas Ram\u00f3n Mella, fue deportado el d\u00eda 26 de agosto de 1844.<\/p>\n<\/p>\n<p>      El  10 de septiembre de 1844, fueron deportados Juan Pablo Duarte y varios de sus colaboradores.<\/p>\n<\/p>\n<p>      Luego de esa decisi\u00f3n el presidente de la Junta Central Gubernativa, general Pedro Santana desat\u00f3 una cacer\u00eda contra los trinitarios que siguieron el pensamiento de Juan Pablo Duarte.<\/p>\n<\/p>\n<p>    F\u00e9lix  Mar\u00eda Ruiz fue uno de los  trinitarios que sigui\u00f3 el ejemplo de Duarte, y muri\u00f3 en M\u00e9rida Venezuela, el d\u00eda 17 de octubre de 1891.  Hab\u00eda nacido en  Azua en  1815.<\/p>\n<\/p>\n<p>     Luego de que fue expulsado del pa\u00eds no retorn\u00f3 m\u00e1s.  En el a\u00f1o 1890 el Congreso Nacional le asign\u00f3 una pensi\u00f3n vitalicia y dispuso su repatriaci\u00f3n  desde Venezuela en un barco de la Marina, pero no pudo venir y falleci\u00f3 en M\u00e9rida el 17 de octubre de 1891.<\/p>\n<\/p>\n<p>     En la lucha por la fundaci\u00f3n de la Rep\u00fablica Dominicana, fue uno de los principales colaboradores de Juan Pablo Duarte. El 16 de julio de 1838, form\u00f3 parte del grupo de nueve  j\u00f3venes fundadores de la Sociedad Secreta La Trinitaria, el partido pol\u00edtico liderado por Duarte que logr\u00f3 la creaci\u00f3n del Estado dominicano.<\/p>\n<\/p>\n<p>    Tambi\u00e9n fue uno de los fundadores de la entidad cultural La Filantr\u00f3pica, ideada por Duarte para contribuir a la fundaci\u00f3n de la Rep\u00fablica Dominicana.<\/p>\n<\/p>\n<p>      F\u00e9lix Mar\u00eda Ruiz tambi\u00e9n fue uno de los firmantes del Manifiesto del 16 de Enero de 1844,  y se encontraba junto a los pr\u00f3ceres cuando Mat\u00edas Ram\u00f3n Mella proclam\u00f3 la Rep\u00fablica Dominicana, el 27 de febrero de 1844.<\/p>\n<\/p>\n<h6> 2020-10-16 20:22:15 <\/h6>\n<p><!--\n<link rel=\"stylesheet\" href=\"css\/bootstrap.min.css\">\n\n\n<ul class=\"pagination\">\n\t    \n\t\n\n<li >\n\t<a href='?page_no=141'>Previous<\/a>\n\t<\/li>\n\n\n       \n    \n\n<li><a href='?page_no=1'>1<\/a><\/li>\n\n\n\n<li><a href='?page_no=2'>2<\/a><\/li>\n\n\n\n<li><a>...<\/a><\/li>\n\n\n\n<li><a href='?page_no=140'>140<\/a><\/li>\n\n\n\n<li><a href='?page_no=141'>141<\/a><\/li>\n\n\n\n<li class='active'><a>142<\/a><\/li>\n\n\n\n<li><a href='?page_no=143'>143<\/a><\/li>\n\n\n\n<li><a href='?page_no=144'>144<\/a><\/li>\n\n\n\n<li><a>...<\/a><\/li>\n\n\n\n<li><a href='?page_no=22911'>22911<\/a><\/li>\n\n\n\n<li><a href='?page_no=22912'>22912<\/a><\/li>\n\n    \n\t\n\n<li >\n\t<a href='?page_no=143'>Next<\/a>\n\t<\/li>\n\n\n    \n\n<li><a href='?page_no=22912'>Last &rsaquo;&rsaquo;<\/a><\/li>\n\n<\/ul>\n\n\n--><br \/>\n<\/body><\/p>\n","protected":false},"excerpt":{"rendered":"<p>Diariodominicano.com Fallece en el exilio el pr\u00f3cer F\u00e9lix Mar\u00eda Ru\u00edz En virtud de la resoluci\u00f3n tambi\u00e9n fueron declarados traidores a la patria J. J. Ilias y Juan Isidro P\u00e9rez, por lo que fueron condenados al destierro a perpetuidad. Por H\u00e9ctor Tineo Nolasco Diariodominicano.com MERIDA, Venezuela, el 17 de octubre de 1891, muri\u00f3 en M\u00e9rida, Venezuela, [&hellip;]<\/p>\n","protected":false},"author":3,"featured_media":0,"comment_status":"open","ping_status":"open","sticky":false,"template":"","format":"standard","meta":{"footnotes":""},"categories":[21],"tags":[],"class_list":["post-48707","post","type-post","status-publish","format-standard","hentry","category-cultura"],"_links":{"self":[{"href":"https:\/\/diariodominicano.com\/index.php?rest_route=\/wp\/v2\/posts\/48707","targetHints":{"allow":["GET"]}}],"collection":[{"href":"https:\/\/diariodominicano.com\/index.php?rest_route=\/wp\/v2\/posts"}],"about":[{"href":"https:\/\/diariodominicano.com\/index.php?rest_route=\/wp\/v2\/types\/post"}],"author":[{"embeddable":true,"href":"https:\/\/diariodominicano.com\/index.php?rest_route=\/wp\/v2\/users\/3"}],"replies":[{"embeddable":true,"href":"https:\/\/diariodominicano.com\/index.php?rest_route=%2Fwp%2Fv2%2Fcomments&post=48707"}],"version-history":[{"count":0,"href":"https:\/\/diariodominicano.com\/index.php?rest_route=\/wp\/v2\/posts\/48707\/revisions"}],"wp:attachment":[{"href":"https:\/\/diariodominicano.com\/index.php?rest_route=%2Fwp%2Fv2%2Fmedia&parent=48707"}],"wp:term":[{"taxonomy":"category","embeddable":true,"href":"https:\/\/diariodominicano.com\/index.php?rest_route=%2Fwp%2Fv2%2Fcategories&post=48707"},{"taxonomy":"post_tag","embeddable":true,"href":"https:\/\/diariodominicano.com\/index.php?rest_route=%2Fwp%2Fv2%2Ftags&post=48707"}],"curies":[{"name":"wp","href":"https:\/\/api.w.org\/{rel}","templated":true}]}}