{"id":486906,"date":"2023-11-07T10:18:22","date_gmt":"2023-11-07T14:18:22","guid":{"rendered":"http:\/\/diariodominicano.com\/?p=486906"},"modified":"2023-11-07T10:18:22","modified_gmt":"2023-11-07T14:18:22","slug":"ministerio-de-educacion-de-haiti-presenta-nuevo-plan-de-estudios","status":"publish","type":"post","link":"https:\/\/diariodominicano.com\/?p=486906","title":{"rendered":"Ministerio de Educaci\u00f3n de Hait\u00ed presenta nuevo plan de estudios"},"content":{"rendered":"\n<p>diariodominicano.com<\/p>\n\n\n\n<p>Puerto Pr\u00edncipe, 7 nov (Prensa Latina) El Ministerio de Educaci\u00f3n de Hait\u00ed present\u00f3 el nuevo Marco de Orientaci\u00f3n Curricular que introduce cambios en las materias y a\u00f1ade otras como la ense\u00f1anza para la ciudadan\u00eda, se conoci\u00f3 hoy.<\/p>\n\n\n\n<p>La educaci\u00f3n para la ciudadan\u00eda se impartir\u00e1 desde preescolar hasta el \u00faltimo curso de secundaria, precis\u00f3 el ministro de Educaci\u00f3n, Nesmy Manigat y se\u00f1al\u00f3 que la asignatura se reforzar\u00e1 e incluir\u00e1 elementos de derechos culturales, deberes, derechos econ\u00f3micos, respeto a la naturaleza y equidad de g\u00e9nero.<\/p>\n\n\n\n<p>Adem\u00e1s, la educaci\u00f3n preescolar ser\u00e1 obligatoria, y en las escuelas impartir\u00e1n expresi\u00f3n f\u00edsica y art\u00edstica, iniciaci\u00f3n a las matem\u00e1ticas, lenguaje y comunicaci\u00f3n, as\u00ed como descubrimiento del mundo.<\/p>\n\n\n\n<p>\u201cEl criollo (haitiano) ser\u00e1 la lengua de ense\u00f1anza desde preescolar hasta el \u00faltimo curso de secundaria. El franc\u00e9s tambi\u00e9n se ense\u00f1ar\u00e1 como una de las lenguas oficiales del pa\u00eds\u201d, asegur\u00f3 Manigat, seg\u00fan el diario Le Nouvelliste.<\/p>\n\n\n\n<p>Asimismo, subray\u00f3 que la posici\u00f3n geogr\u00e1fica del pa\u00eds obliga a sus habitantes a conocer el espa\u00f1ol y el ingl\u00e9s, con lo cual el dominio de alguna de esas dos lenguas ser\u00e1 un requisito para los estudiantes.<\/p>\n\n\n\n<p>Con el nuevo plan de estudios que debe entrar en vigor el pr\u00f3ximo a\u00f1o acad\u00e9mico, los alumnos seguir\u00e1n un itinerario en cuatro etapas, desde la educaci\u00f3n preescolar, pasando por la educaci\u00f3n b\u00e1sica y secundaria, hasta la educaci\u00f3n superior.<\/p>\n\n\n\n<p>Manigat aspira que el nuevo curr\u00edculo ofrezca una mejora de los indicadores de calidad y equidad en la ense\u00f1anza b\u00e1sica, as\u00ed como un aumento del n\u00famero de titulados y un incremento del n\u00famero de profesionales con competencias reconocidas a escala nacional e internacional.<\/p>\n\n\n\n<p>mem\/ane<\/p>\n","protected":false},"excerpt":{"rendered":"<p>diariodominicano.com Puerto Pr\u00edncipe, 7 nov (Prensa Latina) El Ministerio de Educaci\u00f3n de Hait\u00ed present\u00f3 el nuevo Marco de Orientaci\u00f3n Curricular que introduce cambios en las materias y a\u00f1ade otras como la ense\u00f1anza para la ciudadan\u00eda, se conoci\u00f3 hoy. La educaci\u00f3n para la ciudadan\u00eda se impartir\u00e1 desde preescolar hasta el \u00faltimo curso de secundaria, precis\u00f3 el [&hellip;]<\/p>\n","protected":false},"author":5,"featured_media":486907,"comment_status":"closed","ping_status":"","sticky":true,"template":"","format":"standard","meta":{"footnotes":""},"categories":[112,23,27],"tags":[],"class_list":["post-486906","post","type-post","status-publish","format-standard","has-post-thumbnail","hentry","category-haiti","category-internacional","category-portada"],"_links":{"self":[{"href":"https:\/\/diariodominicano.com\/index.php?rest_route=\/wp\/v2\/posts\/486906","targetHints":{"allow":["GET"]}}],"collection":[{"href":"https:\/\/diariodominicano.com\/index.php?rest_route=\/wp\/v2\/posts"}],"about":[{"href":"https:\/\/diariodominicano.com\/index.php?rest_route=\/wp\/v2\/types\/post"}],"author":[{"embeddable":true,"href":"https:\/\/diariodominicano.com\/index.php?rest_route=\/wp\/v2\/users\/5"}],"replies":[{"embeddable":true,"href":"https:\/\/diariodominicano.com\/index.php?rest_route=%2Fwp%2Fv2%2Fcomments&post=486906"}],"version-history":[{"count":1,"href":"https:\/\/diariodominicano.com\/index.php?rest_route=\/wp\/v2\/posts\/486906\/revisions"}],"predecessor-version":[{"id":486908,"href":"https:\/\/diariodominicano.com\/index.php?rest_route=\/wp\/v2\/posts\/486906\/revisions\/486908"}],"wp:featuredmedia":[{"embeddable":true,"href":"https:\/\/diariodominicano.com\/index.php?rest_route=\/wp\/v2\/media\/486907"}],"wp:attachment":[{"href":"https:\/\/diariodominicano.com\/index.php?rest_route=%2Fwp%2Fv2%2Fmedia&parent=486906"}],"wp:term":[{"taxonomy":"category","embeddable":true,"href":"https:\/\/diariodominicano.com\/index.php?rest_route=%2Fwp%2Fv2%2Fcategories&post=486906"},{"taxonomy":"post_tag","embeddable":true,"href":"https:\/\/diariodominicano.com\/index.php?rest_route=%2Fwp%2Fv2%2Ftags&post=486906"}],"curies":[{"name":"wp","href":"https:\/\/api.w.org\/{rel}","templated":true}]}}