{"id":48684,"date":"2020-11-25T22:59:43","date_gmt":"2020-11-25T22:59:43","guid":{"rendered":"http:\/\/diariodominicano.ddns.net\/?p=48684"},"modified":"2020-11-25T22:59:43","modified_gmt":"2020-11-25T22:59:43","slug":"momento-historico-presidente-otorga-exequatur-post-mortem-como-doctora-en-derecho-a-minerva-mirabal","status":"publish","type":"post","link":"https:\/\/diariodominicano.com\/?p=48684","title":{"rendered":"Momento hist\u00f3rico: Presidente otorga exequ\u00e1tur post mortem como doctora en derecho a Minerva Mirabal"},"content":{"rendered":"<p><body><\/p>\n<p><img decoding=\"async\" src=\"img3\/Palacio25-11-20.jpg\" \/>  <\/p>\n<p><span class=\"text1noticias\">diariodominicano.com<\/span><\/p>\n<p><span class=\"text1noticias\"> <\/span><\/p>\n<p><span class=\"text1noticias\">San Jos\u00e9 de Conuco, Hermanas Mirabal, R. D., 25 de noviembre, 2020.- El presidente Luis Abinader otorg\u00f3 este mi\u00e9rcoles el exequ\u00e1tur post mortem como doctora en derecho a Minerva Mirabal, para honrar su memoria, trayectoria, grandes m\u00e9ritos y aportes a la sociedad dominicana.<\/span><\/p>\n<p><span class=\"text1noticias\"> <\/span><\/p>\n<p><span class=\"text1noticias\">La medida, contenida en el decreto 671-20, fue dada a conocer en la comunidad de San Jos\u00e9 Conuco, Salcedo, provincia Hermanas Mirabal, donde el presidente Abinader acudi\u00f3 al acto de conmemoraci\u00f3n del 60 aniversario del crimen contra las luchadoras antitrujillista: Patria, Minerva y Mar\u00eda Teresa.<\/span><\/p>\n<p><span class=\"text1noticias\"> <\/span><\/p>\n<p><span class=\"text1noticias\">Pese a que hace 63 a\u00f1os de su egreso universitario, y tras ser asesinada tres a\u00f1os despu\u00e9s, ning\u00fan Gobierno hab\u00eda tomado la iniciativa de hacer este reconcomiendo a su memoria. Durante sus estudios la dictadura, incluso prohibi\u00f3 a Minerva la reinscripci\u00f3n universitaria.<\/span><\/p>\n<p><span class=\"text1noticias\"> <\/span><\/p>\n<p><span class=\"text1noticias\">El mandatario dispuso enviar la decisi\u00f3n del Poder Ejecutivo a la Procuradur\u00eda General de la Rep\u00fablica y al Ministerio de Educaci\u00f3n, Ciencia y Tecnolog\u00eda para su conocimiento y ejecuci\u00f3n.<\/span><\/p>\n<p><span class=\"text1noticias\"> <\/span><\/p>\n<p><span class=\"text1noticias\">Bas\u00f3 su decisi\u00f3n en que Mar\u00eda Argentina Mirabal Reyes, nombre completo de la hero\u00edna, culmin\u00f3 el programa de estudios de derecho en la estatal Universidad de Santo Domingo en el a\u00f1o 1957.<\/span><\/p>\n<p><span class=\"text1noticias\"> <\/span><\/p>\n<p><span class=\"text1noticias\">De esa academia, hoy Universidad Aut\u00f3noma de Santo Domingo (UASD), Minerva egres\u00f3 con las m\u00e1s altas calificaciones y honores, recibiendo el m\u00e9rito Summa Cum Laude.<\/span><\/p>\n<p><span class=\"text1noticias\"> <\/span><\/p>\n<p><span class=\"text1noticias\">Pese a merecer el exequ\u00e1tur, le fue negado por la dictadura de Rafael Le\u00f3nidas Trujillo, por su actitud de defensa de la libertad y lucha contra los excesos del r\u00e9gimen y la injustificable opresi\u00f3n ejercida contra el pueblo.<\/span><\/p>\n<p><span class=\"text1noticias\"> <\/span><\/p>\n<p><span class=\"text1noticias\">El presidente Abinader defini\u00f3 a Minerva Mirabal como un s\u00edmbolo del valor y de la lucha por el respeto de los derechos humanos, la igualdad, la inclusi\u00f3n, el derecho a la educaci\u00f3n y acceso a la formaci\u00f3n universitaria.<\/span><\/p>\n<p><span class=\"text1noticias\"> <\/span><\/p>\n<p><span class=\"text1noticias\">Adem\u00e1s, le resalt\u00f3 su amor por la patria y la libertad, as\u00ed como su ejemplo de resistencia y perseverancia.<\/span><\/p>\n<p><span class=\"text1noticias\"> <\/span><\/p>\n<p><span class=\"text1noticias\">Orden al M\u00e9rito de Duarte, S\u00e1nchez y Mella<\/span><\/p>\n<p><span class=\"text1noticias\"> <\/span><\/p>\n<p><span class=\"text1noticias\">Honrando la memoria hist\u00f3rica y reconociendo el sacrificio de las hermanas Mirabal, el presidente Abinader tambi\u00e9n entreg\u00f3 de manera p\u00f3stuma la \u00abOrden al M\u00e9rito de Duarte, S\u00e1nchez y Mella\u00bb a Patria, Minerva y Mar\u00eda Teresa Mirabal.<\/span><\/p>\n<p><span class=\"text1noticias\"> <\/span><\/p>\n<p><span class=\"text1noticias\">El presidente signific\u00f3 que se trata de un alto reconocimiento que eleva su memoria por sus aportes a la lucha por la libertad del pueblo<\/span> dominicano.<\/p>\n<\/p>\n<p>Fuente: Presidencia de la Rep\u00fablica Dominicana<\/p>\n<p>Noticias <\/p>\n<\/p>\n<h6> 2020-11-25 22:59:43 <\/h6>\n<p><!--\n<link rel=\"stylesheet\" href=\"css\/bootstrap.min.css\">\n\n\n<ul class=\"pagination\">\n\t    \n\t\n\n<li >\n\t<a href='?page_no=13'>Previous<\/a>\n\t<\/li>\n\n\n       \n    \n\n<li><a href='?page_no=1'>1<\/a><\/li>\n\n\n\n<li><a href='?page_no=2'>2<\/a><\/li>\n\n\n\n<li><a>...<\/a><\/li>\n\n\n\n<li><a href='?page_no=12'>12<\/a><\/li>\n\n\n\n<li><a href='?page_no=13'>13<\/a><\/li>\n\n\n\n<li class='active'><a>14<\/a><\/li>\n\n\n\n<li><a href='?page_no=15'>15<\/a><\/li>\n\n\n\n<li><a href='?page_no=16'>16<\/a><\/li>\n\n\n\n<li><a>...<\/a><\/li>\n\n\n\n<li><a href='?page_no=22911'>22911<\/a><\/li>\n\n\n\n<li><a href='?page_no=22912'>22912<\/a><\/li>\n\n    \n\t\n\n<li >\n\t<a href='?page_no=15'>Next<\/a>\n\t<\/li>\n\n\n    \n\n<li><a href='?page_no=22912'>Last &rsaquo;&rsaquo;<\/a><\/li>\n\n<\/ul>\n\n\n--><br \/>\n<\/body><\/p>\n","protected":false},"excerpt":{"rendered":"<p>diariodominicano.com San Jos\u00e9 de Conuco, Hermanas Mirabal, R. D., 25 de noviembre, 2020.- El presidente Luis Abinader otorg\u00f3 este mi\u00e9rcoles el exequ\u00e1tur post mortem como doctora en derecho a Minerva Mirabal, para honrar su memoria, trayectoria, grandes m\u00e9ritos y aportes a la sociedad dominicana. La medida, contenida en el decreto 671-20, fue dada a conocer [&hellip;]<\/p>\n","protected":false},"author":3,"featured_media":0,"comment_status":"open","ping_status":"open","sticky":false,"template":"","format":"standard","meta":{"footnotes":""},"categories":[21],"tags":[],"class_list":["post-48684","post","type-post","status-publish","format-standard","hentry","category-cultura"],"_links":{"self":[{"href":"https:\/\/diariodominicano.com\/index.php?rest_route=\/wp\/v2\/posts\/48684","targetHints":{"allow":["GET"]}}],"collection":[{"href":"https:\/\/diariodominicano.com\/index.php?rest_route=\/wp\/v2\/posts"}],"about":[{"href":"https:\/\/diariodominicano.com\/index.php?rest_route=\/wp\/v2\/types\/post"}],"author":[{"embeddable":true,"href":"https:\/\/diariodominicano.com\/index.php?rest_route=\/wp\/v2\/users\/3"}],"replies":[{"embeddable":true,"href":"https:\/\/diariodominicano.com\/index.php?rest_route=%2Fwp%2Fv2%2Fcomments&post=48684"}],"version-history":[{"count":0,"href":"https:\/\/diariodominicano.com\/index.php?rest_route=\/wp\/v2\/posts\/48684\/revisions"}],"wp:attachment":[{"href":"https:\/\/diariodominicano.com\/index.php?rest_route=%2Fwp%2Fv2%2Fmedia&parent=48684"}],"wp:term":[{"taxonomy":"category","embeddable":true,"href":"https:\/\/diariodominicano.com\/index.php?rest_route=%2Fwp%2Fv2%2Fcategories&post=48684"},{"taxonomy":"post_tag","embeddable":true,"href":"https:\/\/diariodominicano.com\/index.php?rest_route=%2Fwp%2Fv2%2Ftags&post=48684"}],"curies":[{"name":"wp","href":"https:\/\/api.w.org\/{rel}","templated":true}]}}