{"id":486775,"date":"2023-11-06T22:52:12","date_gmt":"2023-11-07T02:52:12","guid":{"rendered":"http:\/\/diariodominicano.com\/?p=486775"},"modified":"2023-11-06T22:52:12","modified_gmt":"2023-11-07T02:52:12","slug":"zona-de-desarrollo-mariel-consolida-su-presencia-en-fihav-2023","status":"publish","type":"post","link":"https:\/\/diariodominicano.com\/?p=486775","title":{"rendered":"Zona de desarrollo Mariel consolida su presencia en Fihav 2023"},"content":{"rendered":"\n<p>La Habana, 6 nov (Prensa Latina) La Zona Especial de Desarrollo Mariel (ZEDM) arriba a sus 10 a\u00f1os con solidez y empresarios comprometidos con confianza en Cuba y en el proyecto, afirm\u00f3 hoy la directora general del enclave, Ana Teresa Igarza.&nbsp;&nbsp;&nbsp;&nbsp;<\/p>\n\n\n\n<ul class=\"wp-block-list\"><li>noviembre 6, 2023<\/li><li>CST18:27 (GMT) -0500<\/li><\/ul>\n\n\n\n<p>Durante la inauguraci\u00f3n del pabell\u00f3n dedicado a la ZDEM en la 39 edici\u00f3n de la Feria Internacional de La Habana (Fihav), que sesiona aqu\u00ed hasta el 11 de noviembre, Igarza subray\u00f3 que la zona cuenta con un empresariado que a pesar de las presiones y dificultades asumieron el compromiso de impulsar el desarrollo econ\u00f3mico y social del pa\u00eds.<\/p>\n\n\n\n<p>Hoy la ZEDM cuenta con 64 negocios establecidos, de ellos 45 en operaciones y con aportes al producto interno bruto, y ocho usuarios reinvierten en la ampliaci\u00f3n de sus inversiones y actividades, precis\u00f3.<\/p>\n\n\n\n<p>Cuenta con un monto de inversi\u00f3n comprometida de unos tres mil 300 millones de d\u00f3lares, m\u00e1s de la mitad de los cuales ya fueron invertidos.<\/p>\n\n\n\n<p>Elementos, opin\u00f3, que constituyen una demostraci\u00f3n de confianza en la pol\u00edtica del gobierno cubano en materia de inversi\u00f3n extranjera.<\/p>\n\n\n\n<p>A juicio de Igarza, el proyecto Mariel es visionario, de importancia estrat\u00e9gica para el desarrollo econ\u00f3mico y social de Cuba, y exhibe con orgullo y compromiso una obra consolidada y en avance.<\/p>\n\n\n\n<p>La ZEDM, acot\u00f3, cuenta con un programa de negocios hasta el 2024 y en estos momentos se implementa su segunda etapa quinquenal para el periodo 2023-2027 con la incorporaci\u00f3n de las proyecciones del Plan Nacional de Desarrollo Econ\u00f3mico y Social hasta el 2030 y los Objetivos de Desarrollo Sostenible de la Organizaci\u00f3n de las Naciones Unidas.<\/p>\n\n\n\n<p>Este pabell\u00f3n, reconoci\u00f3, es muestra fehaciente de los resultados de 10 a\u00f1os de arduo trabajo de los usuarios y el concesionario, de los desarrolladores de infraestructura, prestatarios de servicios y colaboradores, sin los cuales no hubiese sido posible avanzar.<\/p>\n\n\n\n<p>Los productos y servicios generados en la ZEDM, continu\u00f3, tienen un alto impacto en la econom\u00eda, en las empresas y, adem\u00e1s, comienzan gradualmente a insertarse en las operaciones de exportaci\u00f3n.<\/p>\n\n\n\n<p>Hasta el momento gener\u00f3 m\u00e1s de 16 mil empleos, practica una pol\u00edtica de industrializaci\u00f3n inclusiva que impacta en la creaci\u00f3n de un nuevo asentamiento poblacional y en el mejoramiento de las condiciones y el est\u00e1ndar de vida de la poblaci\u00f3n del \u00e1rea y territorios aleda\u00f1os.<\/p>\n\n\n\n<p>Es considerado como un referente en el desarrollo de fuentes renovables de energ\u00eda y contribuye al objetivo de cambiar la matriz energ\u00e9tica del pa\u00eds.<\/p>\n\n\n\n<p>Fihav 2023, considerada la principal bolsa comercial de Cuba y el Caribe, comenz\u00f3 este lunes sus jornadas en el recinto ferial de Expocuba, en esta oportunidad con la participaci\u00f3n de 60 pa\u00edses y unas 800 empresas.<\/p>\n\n\n\n<p>npg\/tdd<\/p>\n","protected":false},"excerpt":{"rendered":"<p>La Habana, 6 nov (Prensa Latina) La Zona Especial de Desarrollo Mariel (ZEDM) arriba a sus 10 a\u00f1os con solidez y empresarios comprometidos con confianza en Cuba y en el proyecto, afirm\u00f3 hoy la directora general del enclave, Ana Teresa Igarza.&nbsp;&nbsp;&nbsp;&nbsp; noviembre 6, 2023 CST18:27 (GMT) -0500 Durante la inauguraci\u00f3n del pabell\u00f3n dedicado a la [&hellip;]<\/p>\n","protected":false},"author":28,"featured_media":486777,"comment_status":"closed","ping_status":"","sticky":false,"template":"","format":"standard","meta":{"footnotes":""},"categories":[18,23,32],"tags":[],"class_list":["post-486775","post","type-post","status-publish","format-standard","has-post-thumbnail","hentry","category-economia","category-internacional","category-turismo"],"_links":{"self":[{"href":"https:\/\/diariodominicano.com\/index.php?rest_route=\/wp\/v2\/posts\/486775","targetHints":{"allow":["GET"]}}],"collection":[{"href":"https:\/\/diariodominicano.com\/index.php?rest_route=\/wp\/v2\/posts"}],"about":[{"href":"https:\/\/diariodominicano.com\/index.php?rest_route=\/wp\/v2\/types\/post"}],"author":[{"embeddable":true,"href":"https:\/\/diariodominicano.com\/index.php?rest_route=\/wp\/v2\/users\/28"}],"replies":[{"embeddable":true,"href":"https:\/\/diariodominicano.com\/index.php?rest_route=%2Fwp%2Fv2%2Fcomments&post=486775"}],"version-history":[{"count":1,"href":"https:\/\/diariodominicano.com\/index.php?rest_route=\/wp\/v2\/posts\/486775\/revisions"}],"predecessor-version":[{"id":486778,"href":"https:\/\/diariodominicano.com\/index.php?rest_route=\/wp\/v2\/posts\/486775\/revisions\/486778"}],"wp:featuredmedia":[{"embeddable":true,"href":"https:\/\/diariodominicano.com\/index.php?rest_route=\/wp\/v2\/media\/486777"}],"wp:attachment":[{"href":"https:\/\/diariodominicano.com\/index.php?rest_route=%2Fwp%2Fv2%2Fmedia&parent=486775"}],"wp:term":[{"taxonomy":"category","embeddable":true,"href":"https:\/\/diariodominicano.com\/index.php?rest_route=%2Fwp%2Fv2%2Fcategories&post=486775"},{"taxonomy":"post_tag","embeddable":true,"href":"https:\/\/diariodominicano.com\/index.php?rest_route=%2Fwp%2Fv2%2Ftags&post=486775"}],"curies":[{"name":"wp","href":"https:\/\/api.w.org\/{rel}","templated":true}]}}