{"id":48673,"date":"2020-10-17T12:11:53","date_gmt":"2020-10-17T12:11:53","guid":{"rendered":"http:\/\/diariodominicano.ddns.net\/?p=48673"},"modified":"2020-10-17T12:11:53","modified_gmt":"2020-10-17T12:11:53","slug":"culmina-cuarta-entrega-del-simposio-internacional-de-educacion-para-personas-sordas","status":"publish","type":"post","link":"https:\/\/diariodominicano.com\/?p=48673","title":{"rendered":"Culmina cuarta entrega del Simposio Internacional de Educaci\u00f3n para Personas Sordas"},"content":{"rendered":"<p><body><\/p>\n<p><img decoding=\"async\" src=\"img3\/Perssordas17-10-20.jpg\" \/>  <\/p>\n<p>diariodominicano.com<\/p>\n<p><span class=\"text1noticias\"> <\/span><\/p>\n<p><span class=\"text1noticias\">Santo Domingo, R. D., 17 de octubre, 2020.- El Simposio Internacional de Educaci\u00f3n para Personas Sordas, culmin\u00f3 con rotundo \u00e9xito en su cuarta entrega. Los participantes de diferentes pa\u00edses suman aproximadamente 6,400 personas, quienes accedieron a trav\u00e9s de la plataforma Zoom y una p\u00e1gina de Stream en vivo habilitada con ese prop\u00f3sito. <\/span><\/p>\n<p><span class=\"text1noticias\"> <\/span><\/p>\n<p><span class=\"text1noticias\">Este evento fue organizado por diferentes instituciones: La Iglesia de Jesucristo de los Santos de los \u00daltimos D\u00edas, Instituto de Ayuda al Sordo Santa Rosa; Universidad Nacional  Pedro Henr\u00edquez Ure\u00f1a (Unphu); Rotary; Asociaci\u00f3n Nacional de Sordos de la Rep\u00fablica Dominicana (Ansordo); Consejo Nacional de Discapacidad (Conadis); Asociaci\u00f3n Nacional de Int\u00e9rpretes de la Lengua de Se\u00f1as de la Rep\u00fablica Dominicana (Anilesred), Fundaci\u00f3n Humanidad y el Ministerio de Educaci\u00f3n de la Rep\u00fablica Dominicana (MINERD). Todas estas instituciones a\u00fanan sus esfuerzos con el prop\u00f3sito de promover una mejor educaci\u00f3n para las personas sordas.<\/span><\/p>\n<p><span class=\"text1noticias\"> <\/span><\/p>\n<p><span class=\"text1noticias\">Los conferencistas de este simposio internacional fueron seleccionados por ser expertos en temas de educaci\u00f3n para personas sordas. La agenda del simposio se organiz\u00f3 en diferentes bloques de temas similares, dirigidos a personas con esa condici\u00f3n, docentes, directores, int\u00e9rpretes, psic\u00f3logos y familias. <\/span><\/p>\n<p><span class=\"text1noticias\"> <\/span><\/p>\n<p><span class=\"text1noticias\">La virtualidad de esta cuarta entrega del simposio permiti\u00f3 que accedieran a todos estos conocimientos personas de todas partes del mundo, este hecho sumado a la metodolog\u00eda implementada por el equipo organizador enriqueci\u00f3 la interacci\u00f3n y los productos obtenidos de este importante evento. <\/span><\/p>\n<p><span class=\"text1noticias\"> <\/span><\/p>\n<p><span class=\"text1noticias\">El Ministerio de Educaci\u00f3n de la Rep\u00fablica Dominicana (MINERD), a trav\u00e9s de la Direcci\u00f3n de Educaci\u00f3n Especial y su Centro Nacional de Recursos Educativos para la Discapacidad Visual Olga Estrella, tuvieron una incidencia directa en las acciones que conllevaron al \u00e9xito del Simposio Internacional. El equipo de personas sordas de la Direcci\u00f3n de Educaci\u00f3n Especial, Zahira Hern\u00e1ndez, Darling Trinidad, Tom\u00e1s Guzm\u00e1n y su coordinadora Clara Cruz Marte, estuvieron a cargo de apoyar en la promoci\u00f3n de la actividad, organizaci\u00f3n de la agenda y los expositores, as\u00ed como de desarrollar algunas de las conferencias (una charla magistral y una exposici\u00f3n de los avances del Diccionario de Lengua de Se\u00f1as Dominicanas). <\/span><\/p>\n<p><span class=\"text1noticias\"> <\/span><\/p>\n<p><span class=\"text1noticias\">El Ministerio de Educaci\u00f3n ha estado involucrado en la organizaci\u00f3n del simposio cada a\u00f1o desde su primera versi\u00f3n en el a\u00f1o 2017. A trav\u00e9s del tiempo este se ha convertido en una fiesta para la socializaci\u00f3n e intercambio de ideas novedosas a favor de la educaci\u00f3n de las personas sordas. El Simposio Internacional de Educaci\u00f3n para Personas Sordas contribuye a que las sociedades sean cada vez m\u00e1s incluyentes, pensando en la educaci\u00f3n de este segmento de la poblaci\u00f3n desde una perspectiva integral y bicultural. <\/span><\/p>\n<p><span class=\"text1noticias\"> <\/span><\/p>\n<p><span class=\"text1noticias\">Fuente: Direcci\u00f3n de Comunicaci\u00f3n y Relaciones P\u00fablicas<\/span><\/p>\n<p><span class=\"text1noticias\">Ministerio Educaci\u00f3n Rep\u00fablica Dominicana  <\/span><\/p>\n<p>20 de julio 2020<\/p>\n<h6> 2020-10-17 12:11:53 <\/h6>\n<p><!--\n<link rel=\"stylesheet\" href=\"css\/bootstrap.min.css\">\n\n\n<ul class=\"pagination\">\n\t    \n\t\n\n<li >\n\t<a href='?page_no=138'>Previous<\/a>\n\t<\/li>\n\n\n       \n    \n\n<li><a href='?page_no=1'>1<\/a><\/li>\n\n\n\n<li><a href='?page_no=2'>2<\/a><\/li>\n\n\n\n<li><a>...<\/a><\/li>\n\n\n\n<li><a href='?page_no=137'>137<\/a><\/li>\n\n\n\n<li><a href='?page_no=138'>138<\/a><\/li>\n\n\n\n<li class='active'><a>139<\/a><\/li>\n\n\n\n<li><a href='?page_no=140'>140<\/a><\/li>\n\n\n\n<li><a href='?page_no=141'>141<\/a><\/li>\n\n\n\n<li><a>...<\/a><\/li>\n\n\n\n<li><a href='?page_no=22911'>22911<\/a><\/li>\n\n\n\n<li><a href='?page_no=22912'>22912<\/a><\/li>\n\n    \n\t\n\n<li >\n\t<a href='?page_no=140'>Next<\/a>\n\t<\/li>\n\n\n    \n\n<li><a href='?page_no=22912'>Last &rsaquo;&rsaquo;<\/a><\/li>\n\n<\/ul>\n\n\n--><br \/>\n<\/body><\/p>\n","protected":false},"excerpt":{"rendered":"<p>diariodominicano.com Santo Domingo, R. D., 17 de octubre, 2020.- El Simposio Internacional de Educaci\u00f3n para Personas Sordas, culmin\u00f3 con rotundo \u00e9xito en su cuarta entrega. Los participantes de diferentes pa\u00edses suman aproximadamente 6,400 personas, quienes accedieron a trav\u00e9s de la plataforma Zoom y una p\u00e1gina de Stream en vivo habilitada con ese prop\u00f3sito. Este evento [&hellip;]<\/p>\n","protected":false},"author":3,"featured_media":0,"comment_status":"open","ping_status":"open","sticky":false,"template":"","format":"standard","meta":{"footnotes":""},"categories":[21],"tags":[],"class_list":["post-48673","post","type-post","status-publish","format-standard","hentry","category-cultura"],"_links":{"self":[{"href":"https:\/\/diariodominicano.com\/index.php?rest_route=\/wp\/v2\/posts\/48673","targetHints":{"allow":["GET"]}}],"collection":[{"href":"https:\/\/diariodominicano.com\/index.php?rest_route=\/wp\/v2\/posts"}],"about":[{"href":"https:\/\/diariodominicano.com\/index.php?rest_route=\/wp\/v2\/types\/post"}],"author":[{"embeddable":true,"href":"https:\/\/diariodominicano.com\/index.php?rest_route=\/wp\/v2\/users\/3"}],"replies":[{"embeddable":true,"href":"https:\/\/diariodominicano.com\/index.php?rest_route=%2Fwp%2Fv2%2Fcomments&post=48673"}],"version-history":[{"count":0,"href":"https:\/\/diariodominicano.com\/index.php?rest_route=\/wp\/v2\/posts\/48673\/revisions"}],"wp:attachment":[{"href":"https:\/\/diariodominicano.com\/index.php?rest_route=%2Fwp%2Fv2%2Fmedia&parent=48673"}],"wp:term":[{"taxonomy":"category","embeddable":true,"href":"https:\/\/diariodominicano.com\/index.php?rest_route=%2Fwp%2Fv2%2Fcategories&post=48673"},{"taxonomy":"post_tag","embeddable":true,"href":"https:\/\/diariodominicano.com\/index.php?rest_route=%2Fwp%2Fv2%2Ftags&post=48673"}],"curies":[{"name":"wp","href":"https:\/\/api.w.org\/{rel}","templated":true}]}}