{"id":48662,"date":"2020-10-17T18:42:13","date_gmt":"2020-10-17T18:42:13","guid":{"rendered":"http:\/\/diariodominicano.ddns.net\/?p=48662"},"modified":"2020-10-17T18:42:13","modified_gmt":"2020-10-17T18:42:13","slug":"anuncian-festival-de-cine-dominicano-en-nueva-york-sera-de-manera-virtual","status":"publish","type":"post","link":"https:\/\/diariodominicano.com\/?p=48662","title":{"rendered":"Anuncian Festival de Cine Dominicano en Nueva York ser\u00e1 de manera virtual"},"content":{"rendered":"<p><body><\/p>\n<p><img decoding=\"async\" src=\"img3\/cabarett.jpg\" \/>  <\/p>\n<p><strong>Anuncian Festival de Cine Dominicano en Nueva York ser\u00e1 de manera virtual<\/strong><\/p>\n<p><strong>Por Freddy P. Galarza<\/strong><\/p>\n<p><strong>New York.-<\/strong> El Festival de Cine Dominicano anunci\u00f3 que m\u00e1s de 70 pel\u00edculas de estreno mundiales, nacionales y locales se proyectar\u00e1n este a\u00f1o de manera virtual .<\/p>\n<\/p>\n<p>El evento se inicia del 20 al 30 de Octubre, estrenando de esa manera su novena edici\u00f3n virtual en l\u00ednea, donde adem\u00e1s, participar\u00e1n Canad\u00e1 y Puerto Rico, con proyecciones en todo el pa\u00eds .<\/p>\n<\/p>\n<p>Los desaf\u00edos que enfrentan \u00abnuestras comunidades como resultados del Covid-19 no impedir\u00e1n que el festival contin\u00fae siendo el festival m\u00e1s grande e impresionante fuera de la isla de Rep\u00fablica Dominicana\u00bb, expone la instituci\u00f3n.<\/p>\n<\/p>\n<p>Resalta la entidad que este a\u00f1o el festival de cine incluir\u00e1 una lista de m\u00e1s de 70 pel\u00edculas que van desde varios g\u00e9neros como la novela hasta el thriller y el drama incluyendo el romance.<\/p>\n<\/p>\n<p>Se\u00f1alan que el evento har\u00e1 un homenaje a los cl\u00e1sicos y paneles de discuci\u00f3n con los principales l\u00edderes de la industria cinematogr\u00e1fica. A\u00f1aden que todas las pel\u00edculas en lengua extranjera est\u00e1n subtituladas en ingl\u00e9s .<\/p>\n<\/p>\n<p>Precisa el Festival de Cine Dominicano que el mismo se inicia con el estreno en Estados Unidos de la pel\u00edcula \u00abCabarete\u00bb, que representa una sentida historia familiar dirigida por Iv\u00e1n Bordas y concluye el 30 de Octubre con el drama social \u00bb Carta Blanca\u00bb de Pedro Urrutia, en su estreno mundial. Agrega, que 12 pel\u00edculas compiten por el codiciado premio \u00bb Manzana\u00bb .<\/p>\n<\/p>\n<p>freddy.galarza@yahoo.com<\/p>\n<h6> 2020-10-17 18:42:13 <\/h6>\n<p><!--\n<link rel=\"stylesheet\" href=\"css\/bootstrap.min.css\">\n\n\n<ul class=\"pagination\">\n\t    \n\t\n\n<li >\n\t<a href='?page_no=137'>Previous<\/a>\n\t<\/li>\n\n\n       \n    \n\n<li><a href='?page_no=1'>1<\/a><\/li>\n\n\n\n<li><a href='?page_no=2'>2<\/a><\/li>\n\n\n\n<li><a>...<\/a><\/li>\n\n\n\n<li><a href='?page_no=136'>136<\/a><\/li>\n\n\n\n<li><a href='?page_no=137'>137<\/a><\/li>\n\n\n\n<li class='active'><a>138<\/a><\/li>\n\n\n\n<li><a href='?page_no=139'>139<\/a><\/li>\n\n\n\n<li><a href='?page_no=140'>140<\/a><\/li>\n\n\n\n<li><a>...<\/a><\/li>\n\n\n\n<li><a href='?page_no=22911'>22911<\/a><\/li>\n\n\n\n<li><a href='?page_no=22912'>22912<\/a><\/li>\n\n    \n\t\n\n<li >\n\t<a href='?page_no=139'>Next<\/a>\n\t<\/li>\n\n\n    \n\n<li><a href='?page_no=22912'>Last &rsaquo;&rsaquo;<\/a><\/li>\n\n<\/ul>\n\n\n--><br \/>\n<\/body><\/p>\n","protected":false},"excerpt":{"rendered":"<p>Anuncian Festival de Cine Dominicano en Nueva York ser\u00e1 de manera virtual Por Freddy P. Galarza New York.- El Festival de Cine Dominicano anunci\u00f3 que m\u00e1s de 70 pel\u00edculas de estreno mundiales, nacionales y locales se proyectar\u00e1n este a\u00f1o de manera virtual . El evento se inicia del 20 al 30 de Octubre, estrenando de [&hellip;]<\/p>\n","protected":false},"author":3,"featured_media":0,"comment_status":"open","ping_status":"open","sticky":false,"template":"","format":"standard","meta":{"footnotes":""},"categories":[21],"tags":[],"class_list":["post-48662","post","type-post","status-publish","format-standard","hentry","category-cultura"],"_links":{"self":[{"href":"https:\/\/diariodominicano.com\/index.php?rest_route=\/wp\/v2\/posts\/48662","targetHints":{"allow":["GET"]}}],"collection":[{"href":"https:\/\/diariodominicano.com\/index.php?rest_route=\/wp\/v2\/posts"}],"about":[{"href":"https:\/\/diariodominicano.com\/index.php?rest_route=\/wp\/v2\/types\/post"}],"author":[{"embeddable":true,"href":"https:\/\/diariodominicano.com\/index.php?rest_route=\/wp\/v2\/users\/3"}],"replies":[{"embeddable":true,"href":"https:\/\/diariodominicano.com\/index.php?rest_route=%2Fwp%2Fv2%2Fcomments&post=48662"}],"version-history":[{"count":0,"href":"https:\/\/diariodominicano.com\/index.php?rest_route=\/wp\/v2\/posts\/48662\/revisions"}],"wp:attachment":[{"href":"https:\/\/diariodominicano.com\/index.php?rest_route=%2Fwp%2Fv2%2Fmedia&parent=48662"}],"wp:term":[{"taxonomy":"category","embeddable":true,"href":"https:\/\/diariodominicano.com\/index.php?rest_route=%2Fwp%2Fv2%2Fcategories&post=48662"},{"taxonomy":"post_tag","embeddable":true,"href":"https:\/\/diariodominicano.com\/index.php?rest_route=%2Fwp%2Fv2%2Ftags&post=48662"}],"curies":[{"name":"wp","href":"https:\/\/api.w.org\/{rel}","templated":true}]}}