{"id":486545,"date":"2023-11-05T23:55:03","date_gmt":"2023-11-06T03:55:03","guid":{"rendered":"http:\/\/diariodominicano.com\/?p=486545"},"modified":"2023-11-05T23:59:29","modified_gmt":"2023-11-06T03:59:29","slug":"realizan-congreso-internacional-de-turismo-de-salud-y-bienestar-en-su-6-a-edicion","status":"publish","type":"post","link":"https:\/\/diariodominicano.com\/?p=486545","title":{"rendered":"Realizan Congreso Internacional de Turismo de Salud y Bienestar en su 6.\u00aa edici\u00f3n"},"content":{"rendered":"\n<p>David Llibre, Amelia Reyes Mora, Roberto Henr\u00edquez y Alejandro Cambiaso<\/p>\n\n\n\n<p>&nbsp;&nbsp;&nbsp;&nbsp;&nbsp;&nbsp;&nbsp;&nbsp; Para concluir la agenda de la 6.\u00aa entrega, el viernes se realizar\u00e1 un Desayuno de Inversi\u00f3n privado, donde se presentaron los nuevos proyectos del sector con un valor estimado de US$ 331 millones y estos estar\u00edan generando 4,050 empleos.<\/p>\n\n\n\n<figure class=\"wp-block-image size-large\"><img loading=\"lazy\" decoding=\"async\" width=\"1024\" height=\"682\" src=\"https:\/\/diariodominicano.com\/wp-content\/uploads\/2023\/11\/2-Ministro-de-Salud-entrega-PLANDES-organizadores-congreso-Internacional-de-Turismo-de-Salud-y-Bienestar-1024x682.jpg\" alt=\"\" class=\"wp-image-486548\" srcset=\"https:\/\/diariodominicano.com\/wp-content\/uploads\/2023\/11\/2-Ministro-de-Salud-entrega-PLANDES-organizadores-congreso-Internacional-de-Turismo-de-Salud-y-Bienestar-1024x682.jpg 1024w, https:\/\/diariodominicano.com\/wp-content\/uploads\/2023\/11\/2-Ministro-de-Salud-entrega-PLANDES-organizadores-congreso-Internacional-de-Turismo-de-Salud-y-Bienestar-300x200.jpg 300w, https:\/\/diariodominicano.com\/wp-content\/uploads\/2023\/11\/2-Ministro-de-Salud-entrega-PLANDES-organizadores-congreso-Internacional-de-Turismo-de-Salud-y-Bienestar-768x512.jpg 768w, https:\/\/diariodominicano.com\/wp-content\/uploads\/2023\/11\/2-Ministro-de-Salud-entrega-PLANDES-organizadores-congreso-Internacional-de-Turismo-de-Salud-y-Bienestar-816x544.jpg 816w, https:\/\/diariodominicano.com\/wp-content\/uploads\/2023\/11\/2-Ministro-de-Salud-entrega-PLANDES-organizadores-congreso-Internacional-de-Turismo-de-Salud-y-Bienestar.jpg 1280w\" sizes=\"auto, (max-width: 1024px) 100vw, 1024px\" \/><figcaption>Ministro de Salud entrega PLANDES organizadores congreso Internacional de Turismo de Salud y Bienestar<\/figcaption><\/figure>\n\n\n\n<p><strong>Santo Domingo, 2 de octubre:<\/strong>&nbsp;El principal escenario del turismo m\u00e9dico en Centroam\u00e9rica y el Caribe, \u201cCongreso Internacional de Turismo de Salud y Bienestar\u201d, se lleva a cabo con rotundo \u00e9xito en su sexta edici\u00f3n, posicion\u00e1ndose como un encuentro de l\u00edderes multisectoriales enfocados en la innovaci\u00f3n, educaci\u00f3n, sinergias p\u00fablico-privadas locales e internacionales y desarrollo de negocios y proyectos para el sector salud.<\/p>\n\n\n\n<p>El importante evento bienal organizado por el doctor Alejandro Cambiaso, en su calidad de presidente de la Asociaci\u00f3n Dominicana de Turismo de Salud (ADTS) y Amelia Reyes Mora, presidenta de AF Comunicaci\u00f3n Estrat\u00e9gica y vicepresidenta de la ADTS, cont\u00f3 con las palabras de bienvenida del doctor Daniel Rivera, ministro de Salud P\u00fablica y Asistencia Social de la Rep\u00fablica dominicana.<\/p>\n\n\n\n<p>Esta sexta edici\u00f3n del congreso cuenta con la participaci\u00f3n de m\u00e1s de 40 expositores nacionales e internacionales en diferentes paneles de intercambio de conocimientos.&nbsp; Adem\u00e1s, la presentaci\u00f3n de resultados del segundo Estudio y Diagn\u00f3stico del Turismo de Salud en Rep\u00fablica Dominicana, a cargo del doctor Cambiaso, presidente de la ADTS.<\/p>\n\n\n\n<p>El doctor Daniel Rivera, ministro de Salud P\u00fablica en las palabras de apertura del 6to Congreso Internacional de Turismo de Salud y Bienestar, aprovech\u00f3 el escenario para resaltar los avances en esa \u00e1rea y en ese sentido explic\u00f3 que se trabaja en la regulaci\u00f3n e implementaci\u00f3n de un \u201cplan master\u201d que aborde los aspectos y regulaci\u00f3n para evitar el intrusismo en el turismo de salud.<\/p>\n\n\n\n<figure class=\"wp-block-image size-large\"><img loading=\"lazy\" decoding=\"async\" width=\"1024\" height=\"682\" src=\"https:\/\/diariodominicano.com\/wp-content\/uploads\/2023\/11\/3-Durante-uno-de-los-paneles-1024x682.jpg\" alt=\"\" class=\"wp-image-486551\" srcset=\"https:\/\/diariodominicano.com\/wp-content\/uploads\/2023\/11\/3-Durante-uno-de-los-paneles-1024x682.jpg 1024w, https:\/\/diariodominicano.com\/wp-content\/uploads\/2023\/11\/3-Durante-uno-de-los-paneles-300x200.jpg 300w, https:\/\/diariodominicano.com\/wp-content\/uploads\/2023\/11\/3-Durante-uno-de-los-paneles-768x512.jpg 768w, https:\/\/diariodominicano.com\/wp-content\/uploads\/2023\/11\/3-Durante-uno-de-los-paneles-816x544.jpg 816w, https:\/\/diariodominicano.com\/wp-content\/uploads\/2023\/11\/3-Durante-uno-de-los-paneles.jpg 1280w\" sizes=\"auto, (max-width: 1024px) 100vw, 1024px\" \/><figcaption>Durante uno de los paneles <\/figcaption><\/figure>\n\n\n\n<p>En la noche inaugural, Reyes Mora, presidenta de AF Comunicaci\u00f3n Estrat\u00e9gica y vicepresidenta de la ADTS, destac\u00f3: \u201cNos sentimos optimistas de que, con esfuerzos coordinados, locales e internacionales, lograremos conquistar nuevos mercados y continuaremos innovando y fortaleciendo el posicionamiento del pa\u00eds, asegurando una experiencia excepcional para el paciente\u201d. Asimismo, agradeci\u00f3 a las m\u00e1s de 60 organizaciones que respaldaron esta actividad con patrocinios, avales y como media partners.<\/p>\n\n\n\n<p><strong>Estudio y Diagn\u00f3stico del Turismo de Salud<\/strong><\/p>\n\n\n\n<p>Esta investigaci\u00f3n fue realizada con el objetivo de comunicar las principales estad\u00edsticas del sector, dimensionar su impacto real e identificar las oportunidades, retos y ventajas competitivas que ofrece el pa\u00eds para el desarrollo sostenible del turismo de salud.<\/p>\n\n\n\n<p>El estudio arroj\u00f3 que la mayor demanda de servicios m\u00e9dicos y asistencia de turismo de salud de Rep\u00fablica Dominicana se basa, principalmente, en: tratamientos odontol\u00f3gicos, cirug\u00edas pl\u00e1sticas, otras cirug\u00edas y medicina ambulatoria y preventiva.<\/p>\n\n\n\n<p>Seg\u00fan los resultados de este estudio, en el a\u00f1o 2022 se recibieron 262,902 pacientes internacionales en Rep\u00fablica Dominicana, de los cuales 179,085 vinieron por tratamientos odontol\u00f3gicos; 40,000 por cirug\u00eda pl\u00e1stica; 26,290 otras cirug\u00edas y 17,527 por medicina ambulatoria y preventiva.<\/p>\n\n\n\n<p>Lo cual representa en sentido general que, el 3.7% de los pasajeros que llegaron al pa\u00eds vinieron por concepto turismo de salud y bienestar. En el a\u00f1o 2022, se recibieron 7,163,394 pasajeros no residentes en el pa\u00eds por v\u00eda a\u00e9rea. Adicionalmente, se atendieron aproximadamente 75,845 turistas por concepto de medicina tur\u00edstica. Para un total de 338,747 pacientes internacionales, mostr\u00e1ndose una proyecci\u00f3n al concluir el a\u00f1o 2023, de al menos un 15% m\u00e1s que el a\u00f1o anterior.<\/p>\n\n\n\n<p>Arroj\u00f3 tambi\u00e9n que la oferta de servicios para el turismo de salud en Rep\u00fablica Dominicana se ofrece sobre todo en la regi\u00f3n Sureste, espec\u00edficamente en: Santo Domingo, Punta Cana y La Romana y, en la regi\u00f3n Norte o Cibao, en: Santiago y Puerto Plata.<\/p>\n\n\n\n<figure class=\"wp-block-image size-full\"><img loading=\"lazy\" decoding=\"async\" width=\"151\" height=\"69\" src=\"https:\/\/diariodominicano.com\/wp-content\/uploads\/2023\/11\/image001.png\" alt=\"\" class=\"wp-image-486553\"\/><\/figure>\n\n\n\n<p>Para concluir la agenda de la 6.\u00aa entrega , se realizar\u00e1 el viernes un Desayuno de Inversi\u00f3n privado, donde se presentaron los nuevos proyectos del sector con un valor estimado de US$ 331 millones y estos estar\u00edan generando 4,050 empleos.<\/p>\n\n\n\n<p>Como es tradici\u00f3n, en la noche inaugural del congreso se realizaron reconocimientos. En esta ocasi\u00f3n, al Centro M\u00e9dico de Diabetes, Obesidad y Especialidades (CEMDOE), por ser el primer centro de salud ambulatorio en el pa\u00eds acreditado por la Joint Commission International (JCI). Adem\u00e1s, al Instituto Dominicano para la Calidad (INDOCAL) por impulsar la adopci\u00f3n de la Norma T\u00e9cnica para turismo m\u00e9dico NORDOM ISO 22525:2020, aprobada por el Consejo Dominicano para la Calidad (CODOCA), que promueve protocolos y est\u00e1ndares que elevar\u00e1n la confianza en el pa\u00eds como destino para la prestaci\u00f3n de servicios de salud.<\/p>\n\n\n\n<p>Elisa Amparo<a target=\"_blank\" href=\"mailto:emargarita1941@gmail.com\" rel=\"noreferrer noopener\">emargarita1941@gmail.com<\/a><\/p>\n","protected":false},"excerpt":{"rendered":"<p>David Llibre, Amelia Reyes Mora, Roberto Henr\u00edquez y Alejandro Cambiaso &nbsp;&nbsp;&nbsp;&nbsp;&nbsp;&nbsp;&nbsp;&nbsp; Para concluir la agenda de la 6.\u00aa entrega, el viernes se realizar\u00e1 un Desayuno de Inversi\u00f3n privado, donde se presentaron los nuevos proyectos del sector con un valor estimado de US$ 331 millones y estos estar\u00edan generando 4,050 empleos. Santo Domingo, 2 de octubre:&nbsp;El [&hellip;]<\/p>\n","protected":false},"author":28,"featured_media":486546,"comment_status":"closed","ping_status":"","sticky":true,"template":"","format":"standard","meta":{"footnotes":""},"categories":[36,18,32],"tags":[],"class_list":["post-486545","post","type-post","status-publish","format-standard","has-post-thumbnail","hentry","category-hombresmujeresycosas","category-economia","category-turismo"],"_links":{"self":[{"href":"https:\/\/diariodominicano.com\/index.php?rest_route=\/wp\/v2\/posts\/486545","targetHints":{"allow":["GET"]}}],"collection":[{"href":"https:\/\/diariodominicano.com\/index.php?rest_route=\/wp\/v2\/posts"}],"about":[{"href":"https:\/\/diariodominicano.com\/index.php?rest_route=\/wp\/v2\/types\/post"}],"author":[{"embeddable":true,"href":"https:\/\/diariodominicano.com\/index.php?rest_route=\/wp\/v2\/users\/28"}],"replies":[{"embeddable":true,"href":"https:\/\/diariodominicano.com\/index.php?rest_route=%2Fwp%2Fv2%2Fcomments&post=486545"}],"version-history":[{"count":5,"href":"https:\/\/diariodominicano.com\/index.php?rest_route=\/wp\/v2\/posts\/486545\/revisions"}],"predecessor-version":[{"id":486555,"href":"https:\/\/diariodominicano.com\/index.php?rest_route=\/wp\/v2\/posts\/486545\/revisions\/486555"}],"wp:featuredmedia":[{"embeddable":true,"href":"https:\/\/diariodominicano.com\/index.php?rest_route=\/wp\/v2\/media\/486546"}],"wp:attachment":[{"href":"https:\/\/diariodominicano.com\/index.php?rest_route=%2Fwp%2Fv2%2Fmedia&parent=486545"}],"wp:term":[{"taxonomy":"category","embeddable":true,"href":"https:\/\/diariodominicano.com\/index.php?rest_route=%2Fwp%2Fv2%2Fcategories&post=486545"},{"taxonomy":"post_tag","embeddable":true,"href":"https:\/\/diariodominicano.com\/index.php?rest_route=%2Fwp%2Fv2%2Ftags&post=486545"}],"curies":[{"name":"wp","href":"https:\/\/api.w.org\/{rel}","templated":true}]}}