{"id":48651,"date":"2020-10-17T20:23:18","date_gmt":"2020-10-17T20:23:18","guid":{"rendered":"http:\/\/diariodominicano.ddns.net\/?p=48651"},"modified":"2020-10-17T20:23:18","modified_gmt":"2020-10-17T20:23:18","slug":"santana-amenaza-a-buenaventura-baez","status":"publish","type":"post","link":"https:\/\/diariodominicano.com\/?p=48651","title":{"rendered":"Santana amenaza a  Buenaventura B\u00e1ez"},"content":{"rendered":"<p><body><\/p>\n<p><img decoding=\"async\" src=\"img3\/Santana00.jpg\" \/>  <\/p>\n<p><strong>Diariodominicano.com<\/strong><\/p>\n<p><strong>Pedro Santana, quien ostentaba los t\u00edtulos de \u00abLibertador de la Patria\u00bb,  \u00abGeneral en Jefe de los Ej\u00e9rcitos\u00bb,  y  \u00abCaballero Gran Cruz de la Real Orden Americana  de Isabel la Cat\u00f3lica\u00bb, sin mencionarlo por su nombre, lanz\u00f3 fuertes cr\u00edticas contra el ex Presidente Buenaventura B\u00e1ez.<\/strong><\/p>\n<p><strong>Presidente Santana amenaza al ex presidente  Buenaventura B\u00e1ez<\/strong><\/p>\n<p><strong>SANTO DOMINGO, el  18 de octubre de 1859<\/strong>, el Presidente Pedro Santana  amenaz\u00f3 con acciones represivas si volv\u00edan a producirse  protestas  como las que se hab\u00eda llevado a cabo  en la ciudad de Azua contra su Gobierno.<\/p>\n<\/p>\n<p>    \tPedro Santana, quien ostentaba los t\u00edtulos de \u00abLibertador de la Patria\u00bb,  \u00abGeneral en Jefe de los Ej\u00e9rcitos\u00bb,  y  \u00abCaballero Gran Cruz de la Real Orden Americana  de Isabel la Cat\u00f3lica\u00bb, sin mencionarlo por su nombre, lanz\u00f3 fuertes cr\u00edticas contra el ex Presidente Buenaventura B\u00e1ez.<\/p>\n<\/p>\n<p>    \tEn su proclama  al pa\u00eds advirti\u00f3: <\/p>\n<\/p>\n<p>   \t\u00abEl encarnizado enemigo de vuestro reposo ha venido una vez m\u00e1s a regar el suelo de la Patria con la sangre de sus hijos y lacerar mi coraz\u00f3n  con el espect\u00e1culo de un escarmiento.<\/p>\n<\/p>\n<p>     Responsabiliz\u00f3 al ex Presidente B\u00e1ez de armar a sicarios para que derramaran la sangre del general Casimiro F\u00e9liz.<\/p>\n<\/p>\n<p>    \tEn opini\u00f3n de Santana, su \u00abenemigo\u00bb pol\u00edtico actuaba de esa manera porque su partido era rechazado por el pueblo dominicano que lo lanz\u00f3 por la boca del Ozama.<\/p>\n<\/p>\n<p>    \tAl expresar sus cr\u00edticas, el presidente  Santana no mencion\u00f3 por sus nombres al ex Presidente Buenaventura B\u00e1ez, ni a su partido, pero sosten\u00eda que el pueblo lo rechaza y abomina, porque  sus principios \u00abson el desorden y la inmoralidad\u00bb.<\/p>\n<\/p>\n<p>   \tAl concluir su mensaje el Presidente Pedro Santana expres\u00f3:<\/p>\n<\/p>\n<p>   \t\u00abDominicanos, sosegad el \u00e1nimo, no tem\u00e1is que los des\u00f3rdenes de Azua, se repitan en otras partes, porque estoy dispuesto a hacer respectar la voluntad  nacional; y doquiera que la hidra de la rebeli\u00f3n intente levantar  la cabeza, all\u00ed encontrar\u00e1 mi brazo para ahogarla.  El Gobierno vigila los pasos del corto n\u00famero de d\u00edscolos que desean turbar vuestra tranquilidad. <\/p>\n<\/p>\n<p>  \t\u00abLamentad conmigo que la desgracia, haya obligado a abrir el templo de la justicia para dejar que la Ley act\u00fae en \u00e9l, su terrible e inevitable ministerio. La gracia lo ha templado en cuanto ha sido posible, perdonando a los menos ocupados, pero la salud de la Rep\u00fablica, no ha consentido hacer  tan extensiva la clemencia como mi coraz\u00f3n habr\u00eda deseado; y la ley se ha cumplido\u00bb.<\/p>\n<\/p>\n<p>    \tLa proclama del Presidente Pedro Santa fue dada a conocer al pa\u00eds el 18 de octubre de 1859.<\/p>\n<\/p>\n<\/p>\n<h6> 2020-10-17 20:23:18 <\/h6>\n<p><!--\n<link rel=\"stylesheet\" href=\"css\/bootstrap.min.css\">\n\n\n<ul class=\"pagination\">\n\t    \n\t\n\n<li >\n\t<a href='?page_no=136'>Previous<\/a>\n\t<\/li>\n\n\n       \n    \n\n<li><a href='?page_no=1'>1<\/a><\/li>\n\n\n\n<li><a href='?page_no=2'>2<\/a><\/li>\n\n\n\n<li><a>...<\/a><\/li>\n\n\n\n<li><a href='?page_no=135'>135<\/a><\/li>\n\n\n\n<li><a href='?page_no=136'>136<\/a><\/li>\n\n\n\n<li class='active'><a>137<\/a><\/li>\n\n\n\n<li><a href='?page_no=138'>138<\/a><\/li>\n\n\n\n<li><a href='?page_no=139'>139<\/a><\/li>\n\n\n\n<li><a>...<\/a><\/li>\n\n\n\n<li><a href='?page_no=22911'>22911<\/a><\/li>\n\n\n\n<li><a href='?page_no=22912'>22912<\/a><\/li>\n\n    \n\t\n\n<li >\n\t<a href='?page_no=138'>Next<\/a>\n\t<\/li>\n\n\n    \n\n<li><a href='?page_no=22912'>Last &rsaquo;&rsaquo;<\/a><\/li>\n\n<\/ul>\n\n\n--><br \/>\n<\/body><\/p>\n","protected":false},"excerpt":{"rendered":"<p>Diariodominicano.com Pedro Santana, quien ostentaba los t\u00edtulos de \u00abLibertador de la Patria\u00bb, \u00abGeneral en Jefe de los Ej\u00e9rcitos\u00bb, y \u00abCaballero Gran Cruz de la Real Orden Americana de Isabel la Cat\u00f3lica\u00bb, sin mencionarlo por su nombre, lanz\u00f3 fuertes cr\u00edticas contra el ex Presidente Buenaventura B\u00e1ez. Presidente Santana amenaza al ex presidente Buenaventura B\u00e1ez SANTO DOMINGO, [&hellip;]<\/p>\n","protected":false},"author":3,"featured_media":0,"comment_status":"open","ping_status":"open","sticky":false,"template":"","format":"standard","meta":{"footnotes":""},"categories":[21],"tags":[],"class_list":["post-48651","post","type-post","status-publish","format-standard","hentry","category-cultura"],"_links":{"self":[{"href":"https:\/\/diariodominicano.com\/index.php?rest_route=\/wp\/v2\/posts\/48651","targetHints":{"allow":["GET"]}}],"collection":[{"href":"https:\/\/diariodominicano.com\/index.php?rest_route=\/wp\/v2\/posts"}],"about":[{"href":"https:\/\/diariodominicano.com\/index.php?rest_route=\/wp\/v2\/types\/post"}],"author":[{"embeddable":true,"href":"https:\/\/diariodominicano.com\/index.php?rest_route=\/wp\/v2\/users\/3"}],"replies":[{"embeddable":true,"href":"https:\/\/diariodominicano.com\/index.php?rest_route=%2Fwp%2Fv2%2Fcomments&post=48651"}],"version-history":[{"count":0,"href":"https:\/\/diariodominicano.com\/index.php?rest_route=\/wp\/v2\/posts\/48651\/revisions"}],"wp:attachment":[{"href":"https:\/\/diariodominicano.com\/index.php?rest_route=%2Fwp%2Fv2%2Fmedia&parent=48651"}],"wp:term":[{"taxonomy":"category","embeddable":true,"href":"https:\/\/diariodominicano.com\/index.php?rest_route=%2Fwp%2Fv2%2Fcategories&post=48651"},{"taxonomy":"post_tag","embeddable":true,"href":"https:\/\/diariodominicano.com\/index.php?rest_route=%2Fwp%2Fv2%2Ftags&post=48651"}],"curies":[{"name":"wp","href":"https:\/\/api.w.org\/{rel}","templated":true}]}}