{"id":486362,"date":"2023-11-04T23:47:10","date_gmt":"2023-11-05T03:47:10","guid":{"rendered":"http:\/\/diariodominicano.com\/?p=486362"},"modified":"2023-11-05T00:04:13","modified_gmt":"2023-11-05T04:04:13","slug":"inician-este-sabado-con-masiva-asistencia-expo-mami-y-yo","status":"publish","type":"post","link":"https:\/\/diariodominicano.com\/?p=486362","title":{"rendered":"Inician este s\u00e1bado con masiva asistencia \u201cExpo Mami y Yo\u201d"},"content":{"rendered":"\n<p><strong>:<\/strong>La coach Nazzira Santana, organizadora de Expo Mami y Yo 2023 <\/p>\n\n\n\n<figure class=\"wp-block-image size-large\"><img loading=\"lazy\" decoding=\"async\" width=\"854\" height=\"1024\" src=\"https:\/\/diariodominicano.com\/wp-content\/uploads\/2023\/11\/Foto-2-Oddil-Villavizar-presidenta-Fundacion-Manos-Unidas-por-Autismo.-854x1024.jpg\" alt=\"\" class=\"wp-image-486369\" srcset=\"https:\/\/diariodominicano.com\/wp-content\/uploads\/2023\/11\/Foto-2-Oddil-Villavizar-presidenta-Fundacion-Manos-Unidas-por-Autismo.-854x1024.jpg 854w, https:\/\/diariodominicano.com\/wp-content\/uploads\/2023\/11\/Foto-2-Oddil-Villavizar-presidenta-Fundacion-Manos-Unidas-por-Autismo.-250x300.jpg 250w, https:\/\/diariodominicano.com\/wp-content\/uploads\/2023\/11\/Foto-2-Oddil-Villavizar-presidenta-Fundacion-Manos-Unidas-por-Autismo.-768x921.jpg 768w, https:\/\/diariodominicano.com\/wp-content\/uploads\/2023\/11\/Foto-2-Oddil-Villavizar-presidenta-Fundacion-Manos-Unidas-por-Autismo.-1281x1536.jpg 1281w, https:\/\/diariodominicano.com\/wp-content\/uploads\/2023\/11\/Foto-2-Oddil-Villavizar-presidenta-Fundacion-Manos-Unidas-por-Autismo.-816x978.jpg 816w, https:\/\/diariodominicano.com\/wp-content\/uploads\/2023\/11\/Foto-2-Oddil-Villavizar-presidenta-Fundacion-Manos-Unidas-por-Autismo..jpg 1391w\" sizes=\"auto, (max-width: 854px) 100vw, 854px\" \/><figcaption> Oddil Villavizar, presidenta Fundaci\u00f3n Manos Unidas por Autismo. <\/figcaption><\/figure>\n\n\n\n<p><em><strong>El evento familiar m\u00e1s grande para madres, beb\u00e9s y ni\u00f1os del pa\u00eds se extender\u00e1 hasta este domingo, en el sal\u00f3n de eventos de Sambil con shows art\u00edsticos, juegos, charlas con 12 especialistas de la salud, exhibiciones, rifas, presentaciones de nuevos productos y otras actividades para toda la familia.<\/strong><\/em><\/p>\n\n\n\n<p><strong>Santo Domingo, RD.-<\/strong>&nbsp;\u201cExpo Mami y Yo 2023\u201d inici\u00f3 en la ma\u00f1ana de este s\u00e1bado con una masiva asistencia y una agenda que incluye diversas actividades recreativas, art\u00edsticas y educativas para toda la familia, en el sal\u00f3n de eventos de la plaza Sambil, en horario de 10:30 de la ma\u00f1ana a 7:00 de la noche.<\/p>\n\n\n\n<p>Al evento familiar, al que se aguardan este fin de semana m\u00e1s de 15 mil padres, embarazadas y ni\u00f1os, participan de m\u00e1s de 20 marcas de productos y servicios para los infantes y los dem\u00e1s integrantes del hogar, inform\u00f3 Nazzira Santana, organizadora y conductora-productora del espacio radial \u201cMadre Paso a Paso\u201d.<\/p>\n\n\n\n<p>La comunicadora manifest\u00f3 que \u201cpara esta edici\u00f3n estaremos brindando un espacio seguro para la familia donde se puedan divertir y aprender, as\u00ed como ganar diferentes premios gracias a nuestros patrocinadores\u201d.<\/p>\n\n\n\n<p>Explic\u00f3 que este a\u00f1o gracias al programa Humano de Coraz\u00f3n tiene un horario exclusivo para ni\u00f1os especiales de la Fundaci\u00f3n Manos Unidas por el Autismo y Fundaci\u00f3n Escuelita Rayo de Sol.<\/p>\n\n\n\n<p>Santana indic\u00f3 Expo Mami y Yo 2023 cuenta con juegos Inflables, cuentacuentos, shows infantiles, degustaciones de productos, \u00e1rea de estimulaci\u00f3n, carreras de gateo, concursos, rifas y entre otras sorpresas para los asistentes que acuden a esta nueva edici\u00f3n.<\/p>\n\n\n\n<figure class=\"wp-block-image size-large\"><img loading=\"lazy\" decoding=\"async\" width=\"1024\" height=\"683\" src=\"https:\/\/diariodominicano.com\/wp-content\/uploads\/2023\/11\/Foto-3-Cientos-de-padres-embarazadas-y-ninos-asisten-al-evento.-1024x683.jpg\" alt=\"\" class=\"wp-image-486371\" srcset=\"https:\/\/diariodominicano.com\/wp-content\/uploads\/2023\/11\/Foto-3-Cientos-de-padres-embarazadas-y-ninos-asisten-al-evento.-1024x683.jpg 1024w, https:\/\/diariodominicano.com\/wp-content\/uploads\/2023\/11\/Foto-3-Cientos-de-padres-embarazadas-y-ninos-asisten-al-evento.-300x200.jpg 300w, https:\/\/diariodominicano.com\/wp-content\/uploads\/2023\/11\/Foto-3-Cientos-de-padres-embarazadas-y-ninos-asisten-al-evento.-768x512.jpg 768w, https:\/\/diariodominicano.com\/wp-content\/uploads\/2023\/11\/Foto-3-Cientos-de-padres-embarazadas-y-ninos-asisten-al-evento.-1536x1025.jpg 1536w, https:\/\/diariodominicano.com\/wp-content\/uploads\/2023\/11\/Foto-3-Cientos-de-padres-embarazadas-y-ninos-asisten-al-evento.-2048x1366.jpg 2048w, https:\/\/diariodominicano.com\/wp-content\/uploads\/2023\/11\/Foto-3-Cientos-de-padres-embarazadas-y-ninos-asisten-al-evento.-816x544.jpg 816w\" sizes=\"auto, (max-width: 1024px) 100vw, 1024px\" \/><figcaption> Cientos de padres, embarazadas y ni\u00f1os asisten al evento. <\/figcaption><\/figure>\n\n\n\n<p>Asimismo, la comunicadora inform\u00f3 que habr\u00e1 un \u00e1rea de videojuegos con los expertos de la empresa Blink para que los ni\u00f1os y adolescentes se diviertan.<\/p>\n\n\n\n<p><strong>Charlas con 12 especialistas<\/strong><\/p>\n\n\n\n<p>Paralelamente a estas actividades se desarrollan hoy y ma\u00f1ana un programa de charlas para padres y ni\u00f1os con 12 alergistas, pediatras, odont\u00f3logos, dermat\u00f3logos, psic\u00f3logos, nutrici\u00f3n, terapeutas del lenguaje, ginec\u00f3logos, entre otros especialistas de las \u00e1reas de la medicina y la conducta.<\/p>\n\n\n\n<figure class=\"wp-block-image size-large\"><img loading=\"lazy\" decoding=\"async\" width=\"1024\" height=\"683\" src=\"https:\/\/diariodominicano.com\/wp-content\/uploads\/2023\/11\/Foto-4-Directivos-y-ninos-de-las-fundaciones-Manos-Unidas-por-el-Autismo-y-Escuelita-Rayo-de-Sol.-1024x683.jpg\" alt=\"\" class=\"wp-image-486373\" srcset=\"https:\/\/diariodominicano.com\/wp-content\/uploads\/2023\/11\/Foto-4-Directivos-y-ninos-de-las-fundaciones-Manos-Unidas-por-el-Autismo-y-Escuelita-Rayo-de-Sol.-1024x683.jpg 1024w, https:\/\/diariodominicano.com\/wp-content\/uploads\/2023\/11\/Foto-4-Directivos-y-ninos-de-las-fundaciones-Manos-Unidas-por-el-Autismo-y-Escuelita-Rayo-de-Sol.-300x200.jpg 300w, https:\/\/diariodominicano.com\/wp-content\/uploads\/2023\/11\/Foto-4-Directivos-y-ninos-de-las-fundaciones-Manos-Unidas-por-el-Autismo-y-Escuelita-Rayo-de-Sol.-768x512.jpg 768w, https:\/\/diariodominicano.com\/wp-content\/uploads\/2023\/11\/Foto-4-Directivos-y-ninos-de-las-fundaciones-Manos-Unidas-por-el-Autismo-y-Escuelita-Rayo-de-Sol.-1536x1025.jpg 1536w, https:\/\/diariodominicano.com\/wp-content\/uploads\/2023\/11\/Foto-4-Directivos-y-ninos-de-las-fundaciones-Manos-Unidas-por-el-Autismo-y-Escuelita-Rayo-de-Sol.-2048x1366.jpg 2048w, https:\/\/diariodominicano.com\/wp-content\/uploads\/2023\/11\/Foto-4-Directivos-y-ninos-de-las-fundaciones-Manos-Unidas-por-el-Autismo-y-Escuelita-Rayo-de-Sol.-816x544.jpg 816w\" sizes=\"auto, (max-width: 1024px) 100vw, 1024px\" \/><figcaption> Directivos y ni\u00f1os de las fundaciones Manos Unidas por el Autismo y Escuelita Rayo de Sol. <\/figcaption><\/figure>\n\n\n\n<p>Este s\u00e1bado la agenda de disertaciones se inician a las 12:30 del mediod\u00eda con la conferencia \u201cAlergias en los ni\u00f1os, \u00bfC\u00f3mo combatirlas?\u201d, a cargo del alergista inmun\u00f3logo Iv\u00e1n Pe\u00f1afiel; continuar\u00e1 a la 1:30 de la tarde con la exposici\u00f3n \u201c\u00bfC\u00f3mo controlar el dengue en el ni\u00f1o?\u201d, por el cirujano pedi\u00e1trico Gonzalo G\u00fc\u00e9mez y una hora m\u00e1s tarde el \u201cCuidando mis dientes\u201d, por la odontopediatra Gloria Read.<\/p>\n\n\n\n<p>A las 3:30 de la tarde de este s\u00e1bado la conferencia \u201cCuidado de la piel de tu beb\u00e9\u201d ser\u00e1 ofrecida por la profesional del embarazo Sauly Mendoza; a las 4:30 de la tarde tendr\u00e1 lugar la charla \u201cGestionando mis emociones\u201d, con la psic\u00f3loga y terapeuta Yesenia Aquino, y finalizar\u00e1 con el taller \u201cC\u00f3mo preparar meriendas divertidas\u201d, impartido por la experta en organizaci\u00f3n de loncheras, Ivelina Salda\u00f1a.<\/p>\n\n\n\n<figure class=\"wp-block-image size-large\"><img loading=\"lazy\" decoding=\"async\" width=\"683\" height=\"1024\" src=\"https:\/\/diariodominicano.com\/wp-content\/uploads\/2023\/11\/Foto-5-Los-personajes-Barbie-y-Ken-animan-el-evento-683x1024.jpg\" alt=\"\" class=\"wp-image-486375\" srcset=\"https:\/\/diariodominicano.com\/wp-content\/uploads\/2023\/11\/Foto-5-Los-personajes-Barbie-y-Ken-animan-el-evento-683x1024.jpg 683w, https:\/\/diariodominicano.com\/wp-content\/uploads\/2023\/11\/Foto-5-Los-personajes-Barbie-y-Ken-animan-el-evento-200x300.jpg 200w, https:\/\/diariodominicano.com\/wp-content\/uploads\/2023\/11\/Foto-5-Los-personajes-Barbie-y-Ken-animan-el-evento-768x1151.jpg 768w, https:\/\/diariodominicano.com\/wp-content\/uploads\/2023\/11\/Foto-5-Los-personajes-Barbie-y-Ken-animan-el-evento-1025x1536.jpg 1025w, https:\/\/diariodominicano.com\/wp-content\/uploads\/2023\/11\/Foto-5-Los-personajes-Barbie-y-Ken-animan-el-evento-1366x2048.jpg 1366w, https:\/\/diariodominicano.com\/wp-content\/uploads\/2023\/11\/Foto-5-Los-personajes-Barbie-y-Ken-animan-el-evento-816x1223.jpg 816w, https:\/\/diariodominicano.com\/wp-content\/uploads\/2023\/11\/Foto-5-Los-personajes-Barbie-y-Ken-animan-el-evento-scaled.jpg 1708w\" sizes=\"auto, (max-width: 683px) 100vw, 683px\" \/><figcaption>Los personajes Barbie y Ken animan el evento<\/figcaption><\/figure>\n\n\n\n<p>Este domingo 5 de noviembre las exposiciones empezar\u00e1n a las 11:30 de la ma\u00f1ana, con el \u201cEstre\u00f1imiento en ni\u00f1os. \u00bfC\u00f3mo puedo mejorarlo?\u201d, expuesta por el pediatra gastroenter\u00f3logo Pedro Jos\u00e9 Rijo, y a las 12:30 del mediod\u00eda seguir\u00e1n con \u201cEl camino hacia las primeras palabras de tu hijo\u201d, a cargo de la terapeuta del lenguaje Elein Tona.<\/p>\n\n\n\n<p>Una hora despu\u00e9s ser\u00e1 la conferencia \u201cC\u00f3mo planificar la merienda de tu hijo\u201d, impartida por la experta en organizaci\u00f3n de loncheras, Ivelina Salda\u00f1a; a las 2:30 de la tarde tendr\u00e1 efecto la exposici\u00f3n \u201cPuerperio y el descanso de mam\u00e1\u201d, a cargo de la ginec\u00f3loga Iris Mart\u00ednez.<\/p>\n\n\n\n<p>A la 3:30 de la tarde se llevar\u00e1 a cabo la charla \u201cCuidado de la salud bucal durante el embarazo. \u00bfQu\u00e9 puede suceder?\u201d, la cual tendr\u00e1 como expositora a la odont\u00f3loga Melissa Vegaso, y a las 5:30 de la tarde, \u201cRutina para antes de dormir a tu beb\u00e9\u201d disertada por la profesional del embarazo, Sauly Mendoza.<\/p>\n\n\n\n<p><strong>Patrocinadores<\/strong><\/p>\n\n\n\n<p>Esta edici\u00f3n de Expo Mami y Yo 2023 tiene como patrocinadora a Milex Kinder, Blink, Sambil, Humano de Coraz\u00f3n, Recrea Inflables, Bonchecitos, Galletas Dino, Fun Galaxy, D_Ozuna Cake, Debostorerd, Asociaci\u00f3n La Nacional, KFC, Happy Toys, &nbsp;Babysec, Mamilas Clean, Enfamil MamaCare, 360 Photoboothrd, Fr\u00edo Fr\u00edo RD, Rica, Los Samigos, Cozy Lunch, Vive Sano, Del Monte, Toc Yeppeun, Cereales El Gran D\u00eda, Creaciones Ross_Viki, Profe Clari te ayuda, Nutra, I Influenced by, &nbsp;Gre\u00f1uda Deco Events, Danone, La Tia Nancy, Club dominicana de la Az\u00facar, Pa\u00f1ales y M\u00e1s, Caf\u00e9 Santo Domingo, Johnson&#8217;s, S\u00faper Churros, Cacharepa, Roraima Producciones y Eventos, Brillante y Dimar Dominicana.<\/p>\n\n\n\n<p>\u201cExpo Mami y Yo\u201d es organizado por Nazzira Santana, quien tiene una trayectoria de 17 a\u00f1os con su espacio radial Madre Paso a Paso, son sus redes sociales en instagram y twitter @madrepasoapaso y @MamiyYord; en Facebook: Madre paso a paso y Mami y Yo RD, y en su correo electr\u00f3nico\u00a0<a rel=\"noreferrer noopener\" href=\"mailto:expomamiyyo@gmail.com\" target=\"_blank\">expomamiyyo@gmail.com<\/a>\u00a0y\u00a0<a rel=\"noreferrer noopener\" href=\"mailto:madrepasoapaso@gmail.com\" target=\"_blank\">madrepasoapaso@gmail.com<\/a>.<\/p>\n\n\n\n<p><br>Enver L\u00f3pez Milander l \u00a0 Email:\u00a0<a rel=\"noreferrer noopener\" href=\"mailto:enverolm@gmail.com\" target=\"_blank\">enverolm@gmail.com<\/a>\u00a0\u00a0<\/p>\n","protected":false},"excerpt":{"rendered":"<p>:La coach Nazzira Santana, organizadora de Expo Mami y Yo 2023 El evento familiar m\u00e1s grande para madres, beb\u00e9s y ni\u00f1os del pa\u00eds se extender\u00e1 hasta este domingo, en el sal\u00f3n de eventos de Sambil con shows art\u00edsticos, juegos, charlas con 12 especialistas de la salud, exhibiciones, rifas, presentaciones de nuevos productos y otras actividades [&hellip;]<\/p>\n","protected":false},"author":28,"featured_media":486367,"comment_status":"closed","ping_status":"","sticky":true,"template":"","format":"standard","meta":{"footnotes":""},"categories":[36,18,27,32],"tags":[],"class_list":["post-486362","post","type-post","status-publish","format-standard","has-post-thumbnail","hentry","category-hombresmujeresycosas","category-economia","category-portada","category-turismo"],"_links":{"self":[{"href":"https:\/\/diariodominicano.com\/index.php?rest_route=\/wp\/v2\/posts\/486362","targetHints":{"allow":["GET"]}}],"collection":[{"href":"https:\/\/diariodominicano.com\/index.php?rest_route=\/wp\/v2\/posts"}],"about":[{"href":"https:\/\/diariodominicano.com\/index.php?rest_route=\/wp\/v2\/types\/post"}],"author":[{"embeddable":true,"href":"https:\/\/diariodominicano.com\/index.php?rest_route=\/wp\/v2\/users\/28"}],"replies":[{"embeddable":true,"href":"https:\/\/diariodominicano.com\/index.php?rest_route=%2Fwp%2Fv2%2Fcomments&post=486362"}],"version-history":[{"count":8,"href":"https:\/\/diariodominicano.com\/index.php?rest_route=\/wp\/v2\/posts\/486362\/revisions"}],"predecessor-version":[{"id":486377,"href":"https:\/\/diariodominicano.com\/index.php?rest_route=\/wp\/v2\/posts\/486362\/revisions\/486377"}],"wp:featuredmedia":[{"embeddable":true,"href":"https:\/\/diariodominicano.com\/index.php?rest_route=\/wp\/v2\/media\/486367"}],"wp:attachment":[{"href":"https:\/\/diariodominicano.com\/index.php?rest_route=%2Fwp%2Fv2%2Fmedia&parent=486362"}],"wp:term":[{"taxonomy":"category","embeddable":true,"href":"https:\/\/diariodominicano.com\/index.php?rest_route=%2Fwp%2Fv2%2Fcategories&post=486362"},{"taxonomy":"post_tag","embeddable":true,"href":"https:\/\/diariodominicano.com\/index.php?rest_route=%2Fwp%2Fv2%2Ftags&post=486362"}],"curies":[{"name":"wp","href":"https:\/\/api.w.org\/{rel}","templated":true}]}}