{"id":486156,"date":"2023-11-04T02:23:59","date_gmt":"2023-11-04T06:23:59","guid":{"rendered":"http:\/\/diariodominicano.com\/?p=486156"},"modified":"2023-11-04T02:25:15","modified_gmt":"2023-11-04T06:25:15","slug":"embajada-de-los-estados-unidos-con-el-apoyo-de-la-fundacion-popular-fondo-agua-yaque-del-norte-apedi-y-el-ministerio-de-medio-ambiente-y-recursos-naturales-realizan-jornada-de-reforestacion-en-palo","status":"publish","type":"post","link":"https:\/\/diariodominicano.com\/?p=486156","title":{"rendered":"Embajada de los Estados Unidos con el apoyo de la Fundaci\u00f3n Popular, Fondo Agua Yaque del Norte, APEDI y el Ministerio de Medio Ambiente y Recursos Naturales realizan jornada de reforestaci\u00f3n en Palo Alto, Jacagua"},"content":{"rendered":"\n<p><a href=\"https:\/\/e.america.gov\/t\/i-l-athdilk-jtiiilkjir-y\/\" target=\"_blank\" rel=\"noreferrer noopener\">FOTOS<\/a><\/p>\n\n\n\n<p><strong>Santiago, RD &#8211;\u00a0<\/strong>La Embajada de los Estados Unidos en Santo Domingo, junto a Fundaci\u00f3n Popular, Fondo Agua Yaque del Norte, APEDI y MIMARENA realizaron un d\u00eda de servicio medioambiental con una amplia jornada de reforestaci\u00f3n en la microcuenca de Jacagua, Santiago.<\/p>\n\n\n\n<p> M\u00e1s de 110 empleados de la Embajada de los Estados Unidos en la Rep\u00fablica Dominicana unieron esfuerzos con la Fundaci\u00f3n Popular y el Fondo Agua Yaque del Norte para sembrar 2,000 \u00e1rboles de especies nativas de la zona, de vocaci\u00f3n forestal con la finalidad de promover la biodiversidad ambiental y fomento de la capa boscosa y recursos h\u00eddricos del \u00e1rea. \u00a0<\/p>\n\n\n\n<p>En la jornada de reforestaci\u00f3n fueron plantadas 30 tareas (1.9 hect\u00e1reas) de las siguientes especies: mara (Calophyllum calaba L), cedro (Cedrela odorata), caoba (Swietenia mahagoni), sam\u00e1n (Samanea saman), penda (Citharexylum fruticosum), cap\u00e1 (Petitia domingensis), roble (Quercus robur), Juan Primero (Simarouba glauca), coraz\u00f3n de paloma (Colubrina arborescens), limoncillo o quenepa (Melicoccus bijugatus), tamarindo (Tamarindus indica), en terrenos gestionados por Fondo Agua Yaque del Norte y APEDI.<\/p>\n\n\n\n<p>La actividad fue presidida por los principales ejecutivos de estas instituciones: Greg Segas, ministro consejero interino de la Embajada de los Estados Unidos; Rebecca Latorraca, directora de USAID; El\u00edas Dinzey, gerente general de Fundaci\u00f3n Popular; Aquiles Berm\u00fadez, presidente del Fideicomiso Filantr\u00f3pico Fondo Agua Yaque del Norte; Walkiria Est\u00e9vez, directora ejecutiva del Fondo Agua; Sa\u00fal Abreu, director ejecutivo de APEDI y Juan Guzm\u00e1n, coordinador regional de \u00c1reas Protegida del Ministerio de Medio Ambiente.\u00a0<br><br>Con esta iniciativa, nos sumamos a la meta nacional de sembrar 20 millones de plantas en las 320,000 tareas de bosques que est\u00e1n identificadas para cumplir con este prop\u00f3sito de conservar y proteger el medio ambiente, contribuir a mitigar los efectos de la contaminaci\u00f3n de los ecosistemas en el pa\u00eds y conservar los recursos naturales y la biodiversidad del pa\u00eds.<\/p>\n\n\n\n<p>Santo Domingo Press<a target=\"_blank\" href=\"mailto:SantoDomingoPress@state.gov\" rel=\"noreferrer noopener\">SantoDomingoPress@state.gov<\/a><\/p>\n\n\n\n<p><br>\u00a0<\/p>\n","protected":false},"excerpt":{"rendered":"<p>FOTOS Santiago, RD &#8211;\u00a0La Embajada de los Estados Unidos en Santo Domingo, junto a Fundaci\u00f3n Popular, Fondo Agua Yaque del Norte, APEDI y MIMARENA realizaron un d\u00eda de servicio medioambiental con una amplia jornada de reforestaci\u00f3n en la microcuenca de Jacagua, Santiago. M\u00e1s de 110 empleados de la Embajada de los Estados Unidos en la [&hellip;]<\/p>\n","protected":false},"author":28,"featured_media":486166,"comment_status":"closed","ping_status":"","sticky":true,"template":"","format":"standard","meta":{"footnotes":""},"categories":[36,20,27,32],"tags":[],"class_list":["post-486156","post","type-post","status-publish","format-standard","has-post-thumbnail","hentry","category-hombresmujeresycosas","category-dominicana-hoy","category-portada","category-turismo"],"_links":{"self":[{"href":"https:\/\/diariodominicano.com\/index.php?rest_route=\/wp\/v2\/posts\/486156","targetHints":{"allow":["GET"]}}],"collection":[{"href":"https:\/\/diariodominicano.com\/index.php?rest_route=\/wp\/v2\/posts"}],"about":[{"href":"https:\/\/diariodominicano.com\/index.php?rest_route=\/wp\/v2\/types\/post"}],"author":[{"embeddable":true,"href":"https:\/\/diariodominicano.com\/index.php?rest_route=\/wp\/v2\/users\/28"}],"replies":[{"embeddable":true,"href":"https:\/\/diariodominicano.com\/index.php?rest_route=%2Fwp%2Fv2%2Fcomments&post=486156"}],"version-history":[{"count":3,"href":"https:\/\/diariodominicano.com\/index.php?rest_route=\/wp\/v2\/posts\/486156\/revisions"}],"predecessor-version":[{"id":486167,"href":"https:\/\/diariodominicano.com\/index.php?rest_route=\/wp\/v2\/posts\/486156\/revisions\/486167"}],"wp:featuredmedia":[{"embeddable":true,"href":"https:\/\/diariodominicano.com\/index.php?rest_route=\/wp\/v2\/media\/486166"}],"wp:attachment":[{"href":"https:\/\/diariodominicano.com\/index.php?rest_route=%2Fwp%2Fv2%2Fmedia&parent=486156"}],"wp:term":[{"taxonomy":"category","embeddable":true,"href":"https:\/\/diariodominicano.com\/index.php?rest_route=%2Fwp%2Fv2%2Fcategories&post=486156"},{"taxonomy":"post_tag","embeddable":true,"href":"https:\/\/diariodominicano.com\/index.php?rest_route=%2Fwp%2Fv2%2Ftags&post=486156"}],"curies":[{"name":"wp","href":"https:\/\/api.w.org\/{rel}","templated":true}]}}