{"id":486100,"date":"2023-11-04T01:21:09","date_gmt":"2023-11-04T05:21:09","guid":{"rendered":"http:\/\/diariodominicano.com\/?p=486100"},"modified":"2023-11-04T11:58:42","modified_gmt":"2023-11-04T15:58:42","slug":"los-comienzos-de-trujillo-en-el-poder","status":"publish","type":"post","link":"https:\/\/diariodominicano.com\/?p=486100","title":{"rendered":"Los comienzos de Trujillo en el poder"},"content":{"rendered":"\n<p>Por <a href=\"https:\/\/diariodominicano.com\/?author=27\"><\/a>Teofilo Lappot Robles<a href=\"https:\/\/diariodominicano.com\/?author=27\"><\/a><\/p>\n\n\n\n<p>Los comienzos de Rafael L. Trujillo en el poder supremo de la Rep\u00fablica Dominicana fueron agitados, por razones variadas.<\/p>\n\n\n\n<p>El hombre que se convertir\u00eda en uno de los m\u00e1s sanguinarios gobernantes era la negaci\u00f3n de aquello que en el siglo XV plante\u00f3 el can\u00f3nigo agustino Tom\u00e1s de Kempis en el cap\u00edtulo 41 de su libro Imitaci\u00f3n de Cristo, al referirse al \u201cdesprecio de todo honor mundano\u201d, a\u00f1adiendo \u201c\u2026somos ciegos y la vanidad nos enga\u00f1a f\u00e1cilmente.\u201d<\/p>\n\n\n\n<figure class=\"wp-block-image size-large\"><img loading=\"lazy\" decoding=\"async\" width=\"1024\" height=\"514\" src=\"https:\/\/diariodominicano.com\/wp-content\/uploads\/2023\/11\/tomas-kempis-frases-1024x514.jpg\" alt=\"\" class=\"wp-image-486101\" srcset=\"https:\/\/diariodominicano.com\/wp-content\/uploads\/2023\/11\/tomas-kempis-frases-1024x514.jpg 1024w, https:\/\/diariodominicano.com\/wp-content\/uploads\/2023\/11\/tomas-kempis-frases-300x151.jpg 300w, https:\/\/diariodominicano.com\/wp-content\/uploads\/2023\/11\/tomas-kempis-frases-768x386.jpg 768w, https:\/\/diariodominicano.com\/wp-content\/uploads\/2023\/11\/tomas-kempis-frases-816x410.jpg 816w, https:\/\/diariodominicano.com\/wp-content\/uploads\/2023\/11\/tomas-kempis-frases-400x200.jpg 400w, https:\/\/diariodominicano.com\/wp-content\/uploads\/2023\/11\/tomas-kempis-frases.jpg 1095w\" sizes=\"auto, (max-width: 1024px) 100vw, 1024px\" \/><figcaption>Tom\u00e1s de Kempis<\/figcaption><\/figure>\n\n\n\n<p>Es necesario poner en contexto la situaci\u00f3n del pa\u00eds cuando ese personaje, con las caracter\u00edsticas de aquellos que en la edad feudal eran denominados hombres de horca y cuchillo, arrib\u00f3 al m\u00e1ximo escal\u00f3n del aparato estatal, al juramentarse el 16 de agosto de 1930 como presidente de una Rep\u00fablica entonces formada por doce provincias.<\/p>\n\n\n\n<p>El pa\u00eds hab\u00eda sufrido en el 1928 dos fen\u00f3menos clim\u00e1ticos contrapuestos: una terrible sequ\u00eda seguida de lluvias torrenciales que afectaron grandemente la producci\u00f3n agropecuaria y otros renglones econ\u00f3micos.<\/p>\n\n\n\n<p>Las estad\u00edsticas nacionales se\u00f1alan que ese a\u00f1o las exportaciones descendieron, siendo de apenas RD$28,754.528.<\/p>\n\n\n\n<p>Tambi\u00e9n estaban afectadas las importaciones. A eso habr\u00eda que agregar otros factores adversos que incid\u00edan negativamente en la poblaci\u00f3n dominicana.<\/p>\n\n\n\n<p>Cuando el terrible gobernante jur\u00f3 como primer mandatario de la naci\u00f3n, en medio de arcos de triunfos, palmas, gallardetes y banderas esparcidos frente a la Plaza Col\u00f3n y sus alrededores, el mundo estaba sufriendo las consecuencias del crac de&nbsp; octubre 1929, tambi\u00e9n conocida como la Gran Depresi\u00f3n, que hundi\u00f3 la bolsa de valores de los EE.UU. y arrastr\u00f3 a la ruina a la&nbsp; mayor\u00eda de las econom\u00edas del mundo, incluyendo la nuestra.<\/p>\n\n\n\n<p>Eso provoc\u00f3 que los precios de los principales productos de exportaci\u00f3n del pa\u00eds, es decir el llamado postre (az\u00facar, caf\u00e9, tabaco, cacao, miel) y otros cayeran a niveles cr\u00edticos.<\/p>\n\n\n\n<figure class=\"wp-block-image size-full\"><img loading=\"lazy\" decoding=\"async\" width=\"420\" height=\"523\" src=\"https:\/\/diariodominicano.com\/wp-content\/uploads\/2023\/11\/Csar_A_Herrera_Cabral.png\" alt=\"\" class=\"wp-image-486106\" srcset=\"https:\/\/diariodominicano.com\/wp-content\/uploads\/2023\/11\/Csar_A_Herrera_Cabral.png 420w, https:\/\/diariodominicano.com\/wp-content\/uploads\/2023\/11\/Csar_A_Herrera_Cabral-241x300.png 241w\" sizes=\"auto, (max-width: 420px) 100vw, 420px\" \/><figcaption> C\u00e9sar A. Herrera Cabral <\/figcaption><\/figure>\n\n\n\n<p>Sobre la crisis econ\u00f3mica que en la ocasi\u00f3n atravesaba el pa\u00eds abund\u00f3 el acucioso historiador y periodista C\u00e9sar A. Herrera Cabral, en su obra titulada de Hartmont a Trujillo, cuyo contenido es referencia obligada especialmente por la meticulosidad de ese autor.<\/p>\n\n\n\n<p>Esas eran situaciones preexistentes, pero lo que nadie pudo imaginarse fue que 18 d\u00edas despu\u00e9s de Trujillo juramentarse como presidente de la Rep\u00fablica la capital dominicana ser\u00eda v\u00edctima de los efectos catastr\u00f3ficos que provoc\u00f3 el 3 de septiembre de 1930 el cicl\u00f3n llamado San Zen\u00f3n, clasificado en la categor\u00eda 4.<\/p>\n\n\n\n<figure class=\"wp-block-image size-full\"><img loading=\"lazy\" decoding=\"async\" width=\"300\" height=\"168\" src=\"https:\/\/diariodominicano.com\/wp-content\/uploads\/2023\/11\/huracan-san-Zenon-00.jpg\" alt=\"\" class=\"wp-image-486108\"\/><figcaption>Una imagen tras el paso del hurac\u00e1n San Zenon<\/figcaption><\/figure>\n\n\n\n<p>Las cr\u00f3nicas de la \u00e9poca cuantifican en miles los muertos y heridos. Fueron &nbsp;arrasados varios sectores populares situados en el extrarradio de lo que se conoce como la Zona Colonial.<\/p>\n\n\n\n<p>En la capital dominicana unas cuatro mil viviendas (m\u00e1s de la mitad) fueron total o parcialmente destruidas, transformando el paisaje arquitect\u00f3nico de Santo Domingo, con miles de personas damnificadas viviendo a la intemperie. Las fotograf\u00edas de entonces presentan lo que era una ciudad fantasma, en la cual prevalec\u00edan el caos y la desesperaci\u00f3n.<\/p>\n\n\n\n<figure class=\"wp-block-image size-large\"><img loading=\"lazy\" decoding=\"async\" width=\"1024\" height=\"800\" src=\"https:\/\/diariodominicano.com\/wp-content\/uploads\/2023\/11\/ingles-fotografia-del-trio-matamoros-izquierda-rafael-cueto-centro-miguel-matamoros-derecha-siro-rodriguez-circa-1930-analizado-por-auto-fotografo-desconocido-615-triomat72-mw0gfy-1024x800.jpg\" alt=\"\" class=\"wp-image-486111\" srcset=\"https:\/\/diariodominicano.com\/wp-content\/uploads\/2023\/11\/ingles-fotografia-del-trio-matamoros-izquierda-rafael-cueto-centro-miguel-matamoros-derecha-siro-rodriguez-circa-1930-analizado-por-auto-fotografo-desconocido-615-triomat72-mw0gfy-1024x800.jpg 1024w, https:\/\/diariodominicano.com\/wp-content\/uploads\/2023\/11\/ingles-fotografia-del-trio-matamoros-izquierda-rafael-cueto-centro-miguel-matamoros-derecha-siro-rodriguez-circa-1930-analizado-por-auto-fotografo-desconocido-615-triomat72-mw0gfy-300x234.jpg 300w, https:\/\/diariodominicano.com\/wp-content\/uploads\/2023\/11\/ingles-fotografia-del-trio-matamoros-izquierda-rafael-cueto-centro-miguel-matamoros-derecha-siro-rodriguez-circa-1930-analizado-por-auto-fotografo-desconocido-615-triomat72-mw0gfy-768x600.jpg 768w, https:\/\/diariodominicano.com\/wp-content\/uploads\/2023\/11\/ingles-fotografia-del-trio-matamoros-izquierda-rafael-cueto-centro-miguel-matamoros-derecha-siro-rodriguez-circa-1930-analizado-por-auto-fotografo-desconocido-615-triomat72-mw0gfy-816x637.jpg 816w, https:\/\/diariodominicano.com\/wp-content\/uploads\/2023\/11\/ingles-fotografia-del-trio-matamoros-izquierda-rafael-cueto-centro-miguel-matamoros-derecha-siro-rodriguez-circa-1930-analizado-por-auto-fotografo-desconocido-615-triomat72-mw0gfy.jpg 1300w\" sizes=\"auto, (max-width: 1024px) 100vw, 1024px\" \/><figcaption>El Trio Matamoros  a la izquierda Rafael Cueto, centro Miguel Matamoros  y a  la derecha  Siro Rodr\u00edguez Circa,<\/figcaption><\/figure>\n\n\n\n<p>El famoso tr\u00edo cubano Matamoros (integrado por Miguel, Ciro y Cueto), de gira entonces en la ciudad de Santo Domingo, hizo un famoso son que hace referencia al \u201cimperio macabro de la muerte\u201d que trajo San Zen\u00f3n, y cuyo estribillo m\u00e1s impactante dice as\u00ed: \u201c Cada vez que me acuerdo del cicl\u00f3n se me enferma el coraz\u00f3n.\u201d<\/p>\n\n\n\n<p>Trujillo aprovech\u00f3 la desgracia de ese hurac\u00e1n para mostrar sus garras de hombre fuerte y mandar claras se\u00f1ales de que s\u00f3lo \u00e9l mantendr\u00eda el control del pa\u00eds mientras tuviera vida. A eso se sum\u00f3 a su favor el azar, que es un componente importante en la historia nacional.<\/p>\n\n\n\n<figure class=\"wp-block-image size-large\"><img loading=\"lazy\" decoding=\"async\" width=\"1024\" height=\"526\" src=\"https:\/\/diariodominicano.com\/wp-content\/uploads\/2021\/02\/20-de-febrero-de-1941-Dictador-Trujillo-crea-la-DGA-1024x526.jpg\" alt=\"\" class=\"wp-image-264436\" srcset=\"https:\/\/diariodominicano.com\/wp-content\/uploads\/2021\/02\/20-de-febrero-de-1941-Dictador-Trujillo-crea-la-DGA-1024x526.jpg 1024w, https:\/\/diariodominicano.com\/wp-content\/uploads\/2021\/02\/20-de-febrero-de-1941-Dictador-Trujillo-crea-la-DGA-300x154.jpg 300w, https:\/\/diariodominicano.com\/wp-content\/uploads\/2021\/02\/20-de-febrero-de-1941-Dictador-Trujillo-crea-la-DGA-768x395.jpg 768w, https:\/\/diariodominicano.com\/wp-content\/uploads\/2021\/02\/20-de-febrero-de-1941-Dictador-Trujillo-crea-la-DGA-1536x789.jpg 1536w, https:\/\/diariodominicano.com\/wp-content\/uploads\/2021\/02\/20-de-febrero-de-1941-Dictador-Trujillo-crea-la-DGA-816x419.jpg 816w, https:\/\/diariodominicano.com\/wp-content\/uploads\/2021\/02\/20-de-febrero-de-1941-Dictador-Trujillo-crea-la-DGA.jpg 1674w\" sizes=\"auto, (max-width: 1024px) 100vw, 1024px\" \/><figcaption>Rafael Le\u00f3nidas Trujillo Molina<\/figcaption><\/figure>\n\n\n\n<p>Al margen de sus propias acciones, que no dejaban ning\u00fan margen a la duda de sus intenciones, lo que Trujillo hizo sobre los escombros y la desolaci\u00f3n que dej\u00f3 en el pa\u00eds el cicl\u00f3n de San Zen\u00f3n se puede comprobar en varios art\u00edculos que public\u00f3 sobre ese infausto hecho el historiador Ram\u00f3n Lugo Lovat\u00f3n, luego agrupados en un libro titulado Escombros, publicado por la Editora del Caribe en el 1955.<\/p>\n\n\n\n<p>Dicho gobernante se auto nombr\u00f3 Presidente de la Cruz Roja, para controlar las ayudas internacionales con motivo de la citada tragedia; hizo una proclama de ley marcial, que siempre ha sido un estatuto de excepci\u00f3n para la ejecuci\u00f3n de las leyes ordinarias; pero tambi\u00e9n dispuso que el Congreso Nacional creara al d\u00eda siguiente de dicho cicl\u00f3n la llamada Ley de Emergencia.<\/p>\n\n\n\n<p>Mediante esa Ley de Emergencia se suspendieron los derechos y garant\u00edas constitucionales, reafirmando con ella la ley marcial aludida. Seg\u00fan su propia literatura le otorg\u00f3 a Trujillo la facultad absoluta de tomar \u201ctodas las medidas econ\u00f3micas y de cualquier car\u00e1cter que sean necesarias\u2026y en general para que obre seg\u00fan entienda y lo demanden las presentes circunstancias.\u201d (Bolet\u00edn del Senado.5-septiembre 1930.Pp44 y 45).<\/p>\n\n\n\n<p>Las decisiones descritas reafirmaban su ya conocida condici\u00f3n de tejedor pol\u00edtico que no daba puntada sin hilo. Su astucia la puso siempre al servicio de sus intereses particulares. Nunca crey\u00f3 que los dem\u00e1s tuvieran ning\u00fan derecho, ni siquiera para aplicar (especialmente el pueblo llano) aquel viejo refr\u00e1n de \u201cen mi hambre mando yo\u201d.<\/p>\n\n\n\n<p>La famosa Enciclopedia Brit\u00e1nica dice de Trujillo, entre muchas cosas mezcladas de verdades y mentiras, que: \u201c\u2026era competente en los negocios, capacitado en la administraci\u00f3n&nbsp; y despiadado y cruel en la pol\u00edtica\u201d. (Enciclopedia Brit\u00e1nica, edici\u00f3n de 1990, tomo 12, p\u00e1gina 3).<\/p>\n\n\n\n<p>Para afianzar su liderazgo aprovech\u00f3 la calamidad del cicl\u00f3n de San Zen\u00f3n para ir aniquilando a las organizaciones que se manten\u00edan activas en el negocio pol\u00edtico. Fue haciendo las bases del Partido Dominicano, a su imagen y semejanza.<\/p>\n\n\n\n<p>Entonces se consign\u00f3 que era una entidad partidaria para supuestamente aplastar \u201cel personalismo que hab\u00eda envenenado al pa\u00eds desde la fundaci\u00f3n de la Rep\u00fablica.\u201d Ya con un a\u00f1o en la cima del poder pol\u00edtico sus \u00e1ulicos m\u00e1s fervorosos incrementaron de manera exponencial sus elogios al que &nbsp;pronto se convirti\u00f3 en un gobernante cruel.<\/p>\n\n\n\n<figure class=\"wp-block-image size-large\"><img loading=\"lazy\" decoding=\"async\" width=\"1024\" height=\"526\" src=\"https:\/\/diariodominicano.com\/wp-content\/uploads\/2021\/07\/Dr.-Joaquin-Balaguer-1024x526.jpg\" alt=\"\" class=\"wp-image-286823\" srcset=\"https:\/\/diariodominicano.com\/wp-content\/uploads\/2021\/07\/Dr.-Joaquin-Balaguer-1024x526.jpg 1024w, https:\/\/diariodominicano.com\/wp-content\/uploads\/2021\/07\/Dr.-Joaquin-Balaguer-300x154.jpg 300w, https:\/\/diariodominicano.com\/wp-content\/uploads\/2021\/07\/Dr.-Joaquin-Balaguer-768x395.jpg 768w, https:\/\/diariodominicano.com\/wp-content\/uploads\/2021\/07\/Dr.-Joaquin-Balaguer-1536x789.jpg 1536w, https:\/\/diariodominicano.com\/wp-content\/uploads\/2021\/07\/Dr.-Joaquin-Balaguer-2048x1052.jpg 2048w, https:\/\/diariodominicano.com\/wp-content\/uploads\/2021\/07\/Dr.-Joaquin-Balaguer-816x419.jpg 816w\" sizes=\"auto, (max-width: 1024px) 100vw, 1024px\" \/><figcaption>Joaqu\u00edn Balaguer<\/figcaption><\/figure>\n\n\n\n<p>Ya muerto el tirano, uno de sus m\u00e1s sobresalientes protegidos escribi\u00f3, como un tard\u00edo aullido, que era \u201c\u2026un hombre de cultura tan deficiente y de esp\u00edritu tan poco cultivado\u2026un t\u00e1rtaro dominado por la idea de un poder omn\u00edmodo\u2026una especie de Narciso entregado a todos los excesos de la megaloman\u00eda\u2026Con el transcurso del tiempo, Trujillo refin\u00f3 sus sistemas y emple\u00f3 hasta la saciedad el enga\u00f1o y la simulaci\u00f3n para encubrir sus delitos.\u201d(La palabra encadenada. Obras Selectas, tomo IX. Pp.259, 264 y 395. Joaqu\u00edn Balaguer).<\/p>\n\n\n\n<p>La v\u00edctima pol\u00edtica m\u00e1s relevante del primer a\u00f1o de Trujillo como jefe del pa\u00eds fue el vicepresidente de la Rep\u00fablica Rafael Estrella Ure\u00f1a, quien comenz\u00f3 a ser marginado y hostigado desde antes de la toma de posesi\u00f3n, lo cual se acent\u00fao cuando el referido fen\u00f3meno meteorol\u00f3gico extremo hizo a\u00f1icos a gran parte de la entonces peque\u00f1a ciudad de Santo Domingo.<\/p>\n\n\n\n<p>El susodicho cicl\u00f3n de San Zen\u00f3n tambi\u00e9n sac\u00f3 a flote que Estrella Ure\u00f1a (\u201cimbuido con viejas filosof\u00edas humanitarias\u201d) cargaba junto a su bagaje cultural una alta dosis de ingenuidad pol\u00edtica. Fue incapaz de salir a salvo del barro de la politiquer\u00eda ramplona del pa\u00eds; mientras por el contrario Trujillo desbordaba en capacidad de maniobras para aplastar a los que pudieran disputarle tan siquiera una pizca de poder.<\/p>\n\n\n\n<p>Luego del paso por el pa\u00eds del aludido hurac\u00e1n, Estrella Ure\u00f1a se fue a su Santiago natal. Comenzaron a vincularlo en labores conspirativas con el general Desiderio Arias, el cual fue asesinado por \u00f3rdenes de Trujillo el 20 de junio de 1931 por tropas encabezadas por los oficiales Ludovino Fern\u00e1ndez, Felipe Cipri\u00e1n y M\u00e9lido Marte.<\/p>\n\n\n\n<p>Al cumplirse el primer a\u00f1o del gobierno de Trujillo Estrella Ure\u00f1a, temiendo por su vida, abandon\u00f3 &nbsp;el pa\u00eds; luego fue declarado traidor. Formalmente fue destituido por el Congreso como vicepresidente de la Rep\u00fablica.<\/p>\n\n\n\n<p>teofilo lappot<a rel=\"noreferrer noopener\" target=\"_blank\" href=\"mailto:teofilolappot@gmail.com\">teofilolappot@gmail.com<\/a> <\/p>\n","protected":false},"excerpt":{"rendered":"<p>Por Teofilo Lappot Robles Los comienzos de Rafael L. Trujillo en el poder supremo de la Rep\u00fablica Dominicana fueron agitados, por razones variadas. El hombre que se convertir\u00eda en uno de los m\u00e1s sanguinarios gobernantes era la negaci\u00f3n de aquello que en el siglo XV plante\u00f3 el can\u00f3nigo agustino Tom\u00e1s de Kempis en el cap\u00edtulo [&hellip;]<\/p>\n","protected":false},"author":28,"featured_media":271908,"comment_status":"closed","ping_status":"","sticky":true,"template":"","format":"standard","meta":{"footnotes":""},"categories":[21,36,26,27],"tags":[],"class_list":["post-486100","post","type-post","status-publish","format-standard","has-post-thumbnail","hentry","category-cultura","category-hombresmujeresycosas","category-efemerides","category-portada"],"_links":{"self":[{"href":"https:\/\/diariodominicano.com\/index.php?rest_route=\/wp\/v2\/posts\/486100","targetHints":{"allow":["GET"]}}],"collection":[{"href":"https:\/\/diariodominicano.com\/index.php?rest_route=\/wp\/v2\/posts"}],"about":[{"href":"https:\/\/diariodominicano.com\/index.php?rest_route=\/wp\/v2\/types\/post"}],"author":[{"embeddable":true,"href":"https:\/\/diariodominicano.com\/index.php?rest_route=\/wp\/v2\/users\/28"}],"replies":[{"embeddable":true,"href":"https:\/\/diariodominicano.com\/index.php?rest_route=%2Fwp%2Fv2%2Fcomments&post=486100"}],"version-history":[{"count":12,"href":"https:\/\/diariodominicano.com\/index.php?rest_route=\/wp\/v2\/posts\/486100\/revisions"}],"predecessor-version":[{"id":486214,"href":"https:\/\/diariodominicano.com\/index.php?rest_route=\/wp\/v2\/posts\/486100\/revisions\/486214"}],"wp:featuredmedia":[{"embeddable":true,"href":"https:\/\/diariodominicano.com\/index.php?rest_route=\/wp\/v2\/media\/271908"}],"wp:attachment":[{"href":"https:\/\/diariodominicano.com\/index.php?rest_route=%2Fwp%2Fv2%2Fmedia&parent=486100"}],"wp:term":[{"taxonomy":"category","embeddable":true,"href":"https:\/\/diariodominicano.com\/index.php?rest_route=%2Fwp%2Fv2%2Fcategories&post=486100"},{"taxonomy":"post_tag","embeddable":true,"href":"https:\/\/diariodominicano.com\/index.php?rest_route=%2Fwp%2Fv2%2Ftags&post=486100"}],"curies":[{"name":"wp","href":"https:\/\/api.w.org\/{rel}","templated":true}]}}