{"id":48607,"date":"2020-10-19T10:50:37","date_gmt":"2020-10-19T10:50:37","guid":{"rendered":"http:\/\/diariodominicano.ddns.net\/?p=48607"},"modified":"2020-10-19T10:50:37","modified_gmt":"2020-10-19T10:50:37","slug":"garcia-fermin-se-reune-con-comision-para-el-desarrollo-cientifico-y-tecnologico-de-centroamerica-y-panama","status":"publish","type":"post","link":"https:\/\/diariodominicano.com\/?p=48607","title":{"rendered":"Garc\u00eda Ferm\u00edn se re\u00fane con Comisi\u00f3n para el Desarrollo Cient\u00edfico y Tecnol\u00f3gico de Centroam\u00e9rica y Panam\u00e1"},"content":{"rendered":"<p><body><\/p>\n<p><img decoding=\"async\" src=\"img3\/Garciafermin19-10-20.jpg\" \/>  <\/p>\n<p><span class=\"text1noticias\">diariodominicano.com<\/span><\/p>\n<p><span class=\"text1noticias\"> <\/span><\/p>\n<p><span class=\"text1noticias\">Santo Domingo, R. D., 19 de octubre, 2020.- El Ministro de Educaci\u00f3n Superior, Ciencia y Tecnolog\u00eda (MESCYT), doctor Franklin Garc\u00eda Ferm\u00edn, sostuvo una reuni\u00f3n con la Comisi\u00f3n para el Desarrollo Cient\u00edfico y Tecnol\u00f3gico de Centroam\u00e9rica y Panam\u00e1 (CTCAP), en la que participaron ocho pa\u00edses, incluyendo la Rep\u00fablica Dominicana.<\/span><\/p>\n<p><span class=\"text1noticias\"> <\/span><\/p>\n<p><span class=\"text1noticias\">En la reuni\u00f3n virtual participaron los delegados de Belice, Costa Rica, El Salvador, Guatemala, Honduras, Nicaragua y Panam\u00e1.<\/span><\/p>\n<p><span class=\"text1noticias\"> <\/span><\/p>\n<p><span class=\"text1noticias\">El objetivo de la reuni\u00f3n fue analizar temas concernientes a la colaboraci\u00f3n en ciencia y tecnolog\u00eda entre los pa\u00edses miembros de CTCAP, iniciar los preparativos para las elecciones del nuevo presidente protempore, la elaboraci\u00f3n de un plan estrat\u00e9gico (PE) regional que haga posible direccionar la colaboraci\u00f3n y establecer las fuentes de financiamiento contempladas para ejecutar el mismo.<\/span><\/p>\n<p><span class=\"text1noticias\"> <\/span><\/p>\n<p><span class=\"text1noticias\">Se acord\u00f3 realizar talleres regionales virtuales que hagan posible un documento que contenga todos los planes y acuerdos a que se arribe. <\/span><\/p>\n<p><span class=\"text1noticias\"> <\/span><\/p>\n<p><span class=\"text1noticias\">En ese sentido, se fij\u00f3 la fecha del primer taller para el cual todos los pa\u00edses deben tener listos los insumos, plasmados en una matriz, que permitan determinar las necesidades de infraestructura y fondos para investigaci\u00f3n en ciencia, tecnolog\u00eda e innovaci\u00f3n de base cient\u00edfico-tecnol\u00f3gica, as\u00ed como el rumbo a seguir para llenar estas necesidades y alcanzar las metas propuestas. <\/span><\/p>\n<p><span class=\"text1noticias\"> <\/span><\/p>\n<p><span class=\"text1noticias\">En la reuni\u00f3n virtual entre la Secretar\u00eda General del SICA (SG-SICA) con la Secretar\u00eda T\u00e9cnica Permanente de CTCAP (SENACYT Guatemala) y Presidencia protempore de CTCAP (MESCYT Rep\u00fablica Dominicana) que ocupa el ministro del MESCYT, doctor Franklin Garc\u00eda Ferm\u00edn, quien dio la bienvenida y puso en perspectiva los objetivos de su gesti\u00f3n dentro de CTCAP.<\/span><\/p>\n<p><span class=\"text1noticias\"> <\/span><\/p>\n<p><span class=\"text1noticias\">Le acompa\u00f1\u00f3 el viceministro de Ciencia y Tecnolog\u00eda,  Genaro Rodr\u00edguez Mart\u00ednez, los doctores Andr\u00e9s Merejo, director de Fomento  y Difusi\u00f3n de Ciencia y Tecnolog\u00eda, y Carlos Ml. Rodr\u00edguez Pe\u00f1a.<\/span><\/p>\n<p><span class=\"text1noticias\"> <\/span><\/p>\n<p><span class=\"text1noticias\"> PIE DE FOTO:  <\/span><\/p>\n<p><span class=\"text1noticias\">1.- El Ministro del MESCYT, doctor Franklin Garc\u00eda Ferm\u00edn, encabez\u00f3 la reuni\u00f3n virtual, en su condici\u00f3n de presidente pro<\/span>tempore del CTCAP.<\/p>\n<h6> 2020-10-19 10:50:37 <\/h6>\n<p><!--\n<link rel=\"stylesheet\" href=\"css\/bootstrap.min.css\">\n\n\n<ul class=\"pagination\">\n\t    \n\t\n\n<li >\n\t<a href='?page_no=132'>Previous<\/a>\n\t<\/li>\n\n\n       \n    \n\n<li><a href='?page_no=1'>1<\/a><\/li>\n\n\n\n<li><a href='?page_no=2'>2<\/a><\/li>\n\n\n\n<li><a>...<\/a><\/li>\n\n\n\n<li><a href='?page_no=131'>131<\/a><\/li>\n\n\n\n<li><a href='?page_no=132'>132<\/a><\/li>\n\n\n\n<li class='active'><a>133<\/a><\/li>\n\n\n\n<li><a href='?page_no=134'>134<\/a><\/li>\n\n\n\n<li><a href='?page_no=135'>135<\/a><\/li>\n\n\n\n<li><a>...<\/a><\/li>\n\n\n\n<li><a href='?page_no=22911'>22911<\/a><\/li>\n\n\n\n<li><a href='?page_no=22912'>22912<\/a><\/li>\n\n    \n\t\n\n<li >\n\t<a href='?page_no=134'>Next<\/a>\n\t<\/li>\n\n\n    \n\n<li><a href='?page_no=22912'>Last &rsaquo;&rsaquo;<\/a><\/li>\n\n<\/ul>\n\n\n--><br \/>\n<\/body><\/p>\n","protected":false},"excerpt":{"rendered":"<p>diariodominicano.com Santo Domingo, R. D., 19 de octubre, 2020.- El Ministro de Educaci\u00f3n Superior, Ciencia y Tecnolog\u00eda (MESCYT), doctor Franklin Garc\u00eda Ferm\u00edn, sostuvo una reuni\u00f3n con la Comisi\u00f3n para el Desarrollo Cient\u00edfico y Tecnol\u00f3gico de Centroam\u00e9rica y Panam\u00e1 (CTCAP), en la que participaron ocho pa\u00edses, incluyendo la Rep\u00fablica Dominicana. En la reuni\u00f3n virtual participaron los [&hellip;]<\/p>\n","protected":false},"author":3,"featured_media":0,"comment_status":"open","ping_status":"open","sticky":false,"template":"","format":"standard","meta":{"footnotes":""},"categories":[21],"tags":[],"class_list":["post-48607","post","type-post","status-publish","format-standard","hentry","category-cultura"],"_links":{"self":[{"href":"https:\/\/diariodominicano.com\/index.php?rest_route=\/wp\/v2\/posts\/48607","targetHints":{"allow":["GET"]}}],"collection":[{"href":"https:\/\/diariodominicano.com\/index.php?rest_route=\/wp\/v2\/posts"}],"about":[{"href":"https:\/\/diariodominicano.com\/index.php?rest_route=\/wp\/v2\/types\/post"}],"author":[{"embeddable":true,"href":"https:\/\/diariodominicano.com\/index.php?rest_route=\/wp\/v2\/users\/3"}],"replies":[{"embeddable":true,"href":"https:\/\/diariodominicano.com\/index.php?rest_route=%2Fwp%2Fv2%2Fcomments&post=48607"}],"version-history":[{"count":0,"href":"https:\/\/diariodominicano.com\/index.php?rest_route=\/wp\/v2\/posts\/48607\/revisions"}],"wp:attachment":[{"href":"https:\/\/diariodominicano.com\/index.php?rest_route=%2Fwp%2Fv2%2Fmedia&parent=48607"}],"wp:term":[{"taxonomy":"category","embeddable":true,"href":"https:\/\/diariodominicano.com\/index.php?rest_route=%2Fwp%2Fv2%2Fcategories&post=48607"},{"taxonomy":"post_tag","embeddable":true,"href":"https:\/\/diariodominicano.com\/index.php?rest_route=%2Fwp%2Fv2%2Ftags&post=48607"}],"curies":[{"name":"wp","href":"https:\/\/api.w.org\/{rel}","templated":true}]}}