{"id":486046,"date":"2023-11-03T23:23:13","date_gmt":"2023-11-04T03:23:13","guid":{"rendered":"http:\/\/diariodominicano.com\/?p=486046"},"modified":"2023-11-03T23:23:13","modified_gmt":"2023-11-04T03:23:13","slug":"mariani-nuevo-foco-de-la-violencia-en-haiti","status":"publish","type":"post","link":"https:\/\/diariodominicano.com\/?p=486046","title":{"rendered":"Mariani, nuevo foco de la violencia en Hait\u00ed"},"content":{"rendered":"\n<p>Puerto Pr\u00edncipe 3 nov (Prensa Latina) Mariani, comuna situada al sur de esta capital, es hoy un nuevo foco de la violencia en Hait\u00ed tras varios d\u00edas de asedio de los grupos armados.&nbsp;&nbsp;&nbsp;&nbsp;<\/p>\n\n\n\n<ul class=\"wp-block-list\"><li>noviembre 3, 2023<\/li><li>CDT23:16 (GMT) -0400<\/li><\/ul>\n\n\n\n<p>Desde el pasado mi\u00e9rcoles la localidad de Carrefour se encuentra bajo la amenaza de la pandilla de Grand Ravine, liderada por Ti Lapli.<\/p>\n\n\n\n<p>En un ataque el 1 de noviembre fue asesinado el agente policial Junior Berlus y varios de sus colegas resultaron heridos cuando el veh\u00edculo en el que se trasladaban fue agredido por miembros de la banda.<\/p>\n\n\n\n<p>El coordinador general del Sindicato Nacional de Polic\u00edas, Lionel Lazarre, denunci\u00f3 que el cuerpo de Berlus fue decapitado luego de ser llevado a Grand Ravine y denunci\u00f3 el comportamiento del alto mando de las fuerzas del orden que, a su juicio, no reaccion\u00f3 a tiempo, a pesar de que los oficiales pidieron ayuda.<\/p>\n\n\n\n<p>En lo que va de a\u00f1o unos 33 polic\u00edas fueron asesinados en el pa\u00eds caribe\u00f1o que sigue inmerso en una profunda crisis pol\u00edtica, econ\u00f3mica y de seguridad, agravada tras el asesinato del presidente Jovenel Mo\u00efse a mediados de 2021.<\/p>\n\n\n\n<p>El portavoz de la franja del Sector Democr\u00e1tico y Popular aliado al Gobierno, Andr\u00e9 Michel, expres\u00f3 su solidaridad con los residentes de Mariani, as\u00ed como todas aquellas v\u00edctimas de actos criminales perpetrados por pandillas.<\/p>\n\n\n\n<p>De acuerdo con el letrado, los ataques a Mariani demuestran la necesidad de que una fuerza internacional venga a ayudar a la Polic\u00eda a restablecer el orden y la seguridad en la naci\u00f3n.<\/p>\n\n\n\n<p>oda\/ane<\/p>\n","protected":false},"excerpt":{"rendered":"<p>Puerto Pr\u00edncipe 3 nov (Prensa Latina) Mariani, comuna situada al sur de esta capital, es hoy un nuevo foco de la violencia en Hait\u00ed tras varios d\u00edas de asedio de los grupos armados.&nbsp;&nbsp;&nbsp;&nbsp; noviembre 3, 2023 CDT23:16 (GMT) -0400 Desde el pasado mi\u00e9rcoles la localidad de Carrefour se encuentra bajo la amenaza de la pandilla [&hellip;]<\/p>\n","protected":false},"author":28,"featured_media":0,"comment_status":"closed","ping_status":"","sticky":false,"template":"","format":"standard","meta":{"footnotes":""},"categories":[112,23],"tags":[],"class_list":["post-486046","post","type-post","status-publish","format-standard","hentry","category-haiti","category-internacional"],"_links":{"self":[{"href":"https:\/\/diariodominicano.com\/index.php?rest_route=\/wp\/v2\/posts\/486046","targetHints":{"allow":["GET"]}}],"collection":[{"href":"https:\/\/diariodominicano.com\/index.php?rest_route=\/wp\/v2\/posts"}],"about":[{"href":"https:\/\/diariodominicano.com\/index.php?rest_route=\/wp\/v2\/types\/post"}],"author":[{"embeddable":true,"href":"https:\/\/diariodominicano.com\/index.php?rest_route=\/wp\/v2\/users\/28"}],"replies":[{"embeddable":true,"href":"https:\/\/diariodominicano.com\/index.php?rest_route=%2Fwp%2Fv2%2Fcomments&post=486046"}],"version-history":[{"count":1,"href":"https:\/\/diariodominicano.com\/index.php?rest_route=\/wp\/v2\/posts\/486046\/revisions"}],"predecessor-version":[{"id":486047,"href":"https:\/\/diariodominicano.com\/index.php?rest_route=\/wp\/v2\/posts\/486046\/revisions\/486047"}],"wp:attachment":[{"href":"https:\/\/diariodominicano.com\/index.php?rest_route=%2Fwp%2Fv2%2Fmedia&parent=486046"}],"wp:term":[{"taxonomy":"category","embeddable":true,"href":"https:\/\/diariodominicano.com\/index.php?rest_route=%2Fwp%2Fv2%2Fcategories&post=486046"},{"taxonomy":"post_tag","embeddable":true,"href":"https:\/\/diariodominicano.com\/index.php?rest_route=%2Fwp%2Fv2%2Ftags&post=486046"}],"curies":[{"name":"wp","href":"https:\/\/api.w.org\/{rel}","templated":true}]}}