{"id":48585,"date":"2020-10-20T13:46:01","date_gmt":"2020-10-20T13:46:01","guid":{"rendered":"http:\/\/diariodominicano.ddns.net\/?p=48585"},"modified":"2020-10-20T13:46:01","modified_gmt":"2020-10-20T13:46:01","slug":"el-dia-de-la-masacre-en-la-calle-espaillat-de-la-capital","status":"publish","type":"post","link":"https:\/\/diariodominicano.com\/?p=48585","title":{"rendered":"El d\u00eda de la masacre en la calle Espaillat de la Capital"},"content":{"rendered":"<p><body><\/p>\n<p><img decoding=\"async\" src=\"img3\/espaillat00.jpg\" \/>  <\/p>\n<p><strong>Diariodominicano.com<\/strong><\/p>\n<p><strong>El d\u00eda de la masacre en la calle Espaillat de la Capital<\/strong><\/p>\n<p><strong>SANTO DOMINGO, el  20 de octubre de 1961,<\/strong> militares, agentes  de la Polic\u00eda Nacional y de inteligencia  reprimieron  a decenas de estudiantes que se hab\u00edan concentrados en el sector Ciudad Nueva, de Ciudad Trujillo, para protestar  contra los remanentes de la dictadura de Trujillo.<\/p>\n<\/p>\n<p>   Mataron a Tirso Rold\u00e1n Vargas Almonte y a Jos\u00e9 Ignacio Matos, quienes heridos de muerte fueron lanzados del techo de una vivienda de la calle Espaillat.<\/p>\n<\/p>\n<p>     \tLos estudiantes demandaban la salida del poder del Presidente interino Joaqu\u00edn Balaguer,  y la destituci\u00f3n del rector de la Universidad de Santo Domingo. Ante la posibilidad de que fueran reprimidos tomaron las manzanas de las calles Palo Hincado-Santom\u00e9 y Nouel y Padre Billini con la calle Espaillat.<\/p>\n<\/p>\n<p>Desde el d\u00eda 16 de Octubre se produc\u00edan  protestas con la  consigna de \u00ab\u00a1Libertad, Libertad!\u00bb y la destrucci\u00f3n de letreros, retratos, estatuas, bustos del dictador Trujillo y su familia y culminaron el 20 con la gran represi\u00f3n..<\/p>\n<\/p>\n<p>     \tA las azoteas de las viviendas llevaron piedras y trozos de hierro de los contadores de agua. Estaban decididos a enfrentar la represi\u00f3n.<\/p>\n<\/p>\n<p>   \tA  partir de las 4:40 de la tarde, centenares de agentes de la Polic\u00eda que llevaban cascos de acero, macanas y carabinas semiautom\u00e1ticas comenzaron a tomar posiciones en el \u00e1rea que hab\u00eda sido aislada por los estudiantes que luchaban contra los remanentes de la dictadura.<\/p>\n<\/p>\n<p>    \tEn medio de los contingentes de la Polic\u00eda, fue colocado un carro de los bomberos de Ciudad Trujillo.<\/p>\n<\/p>\n<p>    \tUna versi\u00f3n de los sobrevivientes da cuenta de que cuando los agentes tomaron el \u00e1rea, comenzaron a reprimir de manera inmisericorde y obligaron a grupos de los estudiantes a saltar de los edificios. Decenas sufrieron heridas de cuidados y 57 fueron detenidos.<\/p>\n<\/p>\n<p>    \tUn despacho de la Agencia Prensa Asociada (AP), de Estados Unidos, de su corresponsal Robert Berrellez, indic\u00f3:<\/p>\n<\/p>\n<p>    \t\u00abCiudad Trujillo, Polic\u00edas con cascos de acero y empleando rifles semiautom\u00e1ticos, mangas de agua y gas lacrim\u00f3geno, arrebataron una zona de dos manzanas cuadradas a numerosos j\u00f3venes amotinados, en el hecho m\u00e1s sangriento ocurrido aqu\u00ed desde el asesinato del General\u00edsimo Trujillo el 30 de mayo.<\/p>\n<\/p>\n<p>    \t\u00abDe inmediato no pudo determinarse el n\u00famero de bajas habidas en el choque de gran violencia ocurrido en el coraz\u00f3n de la ciudad. La Polic\u00eda se llev\u00f3 a ocho personas que chorreaban sangre, aparentemente de heridas recibidas en la cabeza.<\/p>\n<\/p>\n<p>     \tAP report\u00f3 que por la rapidez con que se desarrollaron los acontecimientos no fue posible establecer el n\u00famero de heridos.<\/p>\n<\/p>\n<p>     \tAnota que entre los distintos polic\u00edas que recibieron magulladuras  y golpes al hacer blanco las pedradas, se encuentra el ex jefe de la Polic\u00eda, coronel Jos\u00e9 Caonabo Fern\u00e1ndez, quien condujo al interior de la zona perturbada a la fuerza policial.<\/p>\n<\/p>\n<p>   \tEl coronel Caonabo Fern\u00e1ndez dijo m\u00e1s tarde que por lo menos cinco de sus hombres fueron lesionados por las pedradas, pero no dio la cifra de los detenidos.<\/p>\n<\/p>\n<p>    \tEntre los j\u00f3venes que sufrieron heridas en la represi\u00f3n de la calle Espaillat figuran: Adolfo G\u00f3mez P\u00e9rez, Fabio Polanco, Rafael Mart\u00ednez, Manuel Batista, Er\u00f3dito Antonio Peralta, Miguel Angel Hurtado, Ram\u00f3n Alberti, Jaime Barcel\u00f3 Monserrat, Eric Felipe Gonz\u00e1lez Read y Johnny Ferm\u00edn.<\/p>\n<\/p>\n<p>    \tUna versi\u00f3n da cuenta de que en los incidentes murieron 10 j\u00f3venes estudiantes y 50 fueron detenidos.<\/p>\n<\/p>\n<h6> 2020-10-20 13:46:01 <\/h6>\n<p><!--\n<link rel=\"stylesheet\" href=\"css\/bootstrap.min.css\">\n\n\n<ul class=\"pagination\">\n\t    \n\t\n\n<li >\n\t<a href='?page_no=130'>Previous<\/a>\n\t<\/li>\n\n\n       \n    \n\n<li><a href='?page_no=1'>1<\/a><\/li>\n\n\n\n<li><a href='?page_no=2'>2<\/a><\/li>\n\n\n\n<li><a>...<\/a><\/li>\n\n\n\n<li><a href='?page_no=129'>129<\/a><\/li>\n\n\n\n<li><a href='?page_no=130'>130<\/a><\/li>\n\n\n\n<li class='active'><a>131<\/a><\/li>\n\n\n\n<li><a href='?page_no=132'>132<\/a><\/li>\n\n\n\n<li><a href='?page_no=133'>133<\/a><\/li>\n\n\n\n<li><a>...<\/a><\/li>\n\n\n\n<li><a href='?page_no=22911'>22911<\/a><\/li>\n\n\n\n<li><a href='?page_no=22912'>22912<\/a><\/li>\n\n    \n\t\n\n<li >\n\t<a href='?page_no=132'>Next<\/a>\n\t<\/li>\n\n\n    \n\n<li><a href='?page_no=22912'>Last &rsaquo;&rsaquo;<\/a><\/li>\n\n<\/ul>\n\n\n--><br \/>\n<\/body><\/p>\n","protected":false},"excerpt":{"rendered":"<p>Diariodominicano.com El d\u00eda de la masacre en la calle Espaillat de la Capital SANTO DOMINGO, el 20 de octubre de 1961, militares, agentes de la Polic\u00eda Nacional y de inteligencia reprimieron a decenas de estudiantes que se hab\u00edan concentrados en el sector Ciudad Nueva, de Ciudad Trujillo, para protestar contra los remanentes de la dictadura [&hellip;]<\/p>\n","protected":false},"author":3,"featured_media":0,"comment_status":"open","ping_status":"open","sticky":false,"template":"","format":"standard","meta":{"footnotes":""},"categories":[21],"tags":[],"class_list":["post-48585","post","type-post","status-publish","format-standard","hentry","category-cultura"],"_links":{"self":[{"href":"https:\/\/diariodominicano.com\/index.php?rest_route=\/wp\/v2\/posts\/48585","targetHints":{"allow":["GET"]}}],"collection":[{"href":"https:\/\/diariodominicano.com\/index.php?rest_route=\/wp\/v2\/posts"}],"about":[{"href":"https:\/\/diariodominicano.com\/index.php?rest_route=\/wp\/v2\/types\/post"}],"author":[{"embeddable":true,"href":"https:\/\/diariodominicano.com\/index.php?rest_route=\/wp\/v2\/users\/3"}],"replies":[{"embeddable":true,"href":"https:\/\/diariodominicano.com\/index.php?rest_route=%2Fwp%2Fv2%2Fcomments&post=48585"}],"version-history":[{"count":0,"href":"https:\/\/diariodominicano.com\/index.php?rest_route=\/wp\/v2\/posts\/48585\/revisions"}],"wp:attachment":[{"href":"https:\/\/diariodominicano.com\/index.php?rest_route=%2Fwp%2Fv2%2Fmedia&parent=48585"}],"wp:term":[{"taxonomy":"category","embeddable":true,"href":"https:\/\/diariodominicano.com\/index.php?rest_route=%2Fwp%2Fv2%2Fcategories&post=48585"},{"taxonomy":"post_tag","embeddable":true,"href":"https:\/\/diariodominicano.com\/index.php?rest_route=%2Fwp%2Fv2%2Ftags&post=48585"}],"curies":[{"name":"wp","href":"https:\/\/api.w.org\/{rel}","templated":true}]}}