{"id":48573,"date":"2020-11-26T13:42:06","date_gmt":"2020-11-26T13:42:06","guid":{"rendered":"http:\/\/diariodominicano.ddns.net\/?p=48573"},"modified":"2020-11-26T13:42:06","modified_gmt":"2020-11-26T13:42:06","slug":"el-comisionado-dominicano-de-cultura-realizara-co-nombramiento-de-calle-en-honor-al-musico-bullumba-landestoy","status":"publish","type":"post","link":"https:\/\/diariodominicano.com\/?p=48573","title":{"rendered":"El Comisionado Dominicano de Cultura realizar\u00e1 Co-nombramiento de calle en honor al m\u00fasico Bullumba Landestoy"},"content":{"rendered":"<p><body><\/p>\n<p><img decoding=\"async\" src=\"img3\/bulumba000.jpg\" \/>  <\/p>\n<p><strong>Diariodominicano.com<\/strong><\/p>\n<p><strong>El Comisionado Dominicano de Cultura realizar\u00e1 Co-nombramiento de calle en honor al m\u00fasico Bullumba Landestoy<\/strong><\/p>\n<p><strong>Nueva York.-<\/strong> El Comisionado Dominicano de Cultura en los Estados Unidos en coordinaci\u00f3n con la oficina del Concejal Ydanis Rodr\u00edguez realizar\u00e1n una ceremonia de co-nombramiento de calle en honor a la obra y legado del gran m\u00fasico dominicano Rafael \u00abBullumba\u00bb Landestoy.<\/p>\n<\/p>\n<p>Bullumba fue un destacado pianista y compositor dominicano internacionalmente conocido por sus composiciones para piano y guitarra. Su m\u00fasica ha sido interpretada y grabada por grandes artistas de Am\u00e9rica Latina, sobre todo Celia Cruz, To\u00f1a la Negra, Alberto Beltr\u00e1n, y Vicentico Vald\u00e9s. Durante la Edad de Oro del cine mexicano, el gran Fernando Fern\u00e1ndez inmortalizando sus canciones \u00abCarita de \u00e1ngel\u00bb y \u00abMi dulce querer\u00bb, orquestada por Chucho Zarzosa. Tambi\u00e9n por los m\u00fasicos Martin Soderberg, Rafael Scarfullery, Francisco Rold\u00e1n y Mar\u00eda de F\u00e1tima Geraldes.<\/p>\n<\/p>\n<p>El acto pautado para el viernes 4 de diciembre a las 12:00 PM., en la intersecci\u00f3n comprendida por la avenida Saint Nicholas y calle 166, en el Alto Manhattan. La esquina co-nombrada ser\u00e1 la noroeste.<\/p>\n<\/p>\n<p>La Comisionada Lourdes Batista agradeci\u00f3 al Concejal Ydanis Rodr\u00edguez por la confianza depositada y por la oportunidad que le brinda al Comisionado Dominicano de Cultura en los EE UU. de poder organizar este magn\u00edfico y bien merecido reconocimiento al maestro Bullumba Landestoy.<\/p>\n<\/p>\n<p>\u00abMe siento m\u00e1s que regocijada de poder formar parte de este reconocimiento al  maestro de maestros Bullumba Landestoy, el cual era un gran amigo con el que pude compartir grandes vivencias y momentos inolvidables, pues ambos compart\u00edamos el amor por la m\u00fasica. Bullumba fue un hombre loable que construy\u00f3 y dej\u00f3 un gran legado en el \u00e1mbito art\u00edstico y cultural de nuestro pa\u00eds.\u00bb Agreg\u00f3 la Comisionada.<\/p>\n<\/p>\n<p>Para recibir m\u00e1s actualizaciones acerca del evento de ceremonia de co-nombramiento del maestro Bullumba Landestoy seguir las cuentas oficiales del Comisionado Dominicano de Cultura en las diferentes plataformas de redes sociales.<\/p>\n<\/p>\n<p>Comisionado Dominicano de Cultura<\/p>\n<p>info@codocul.com<\/p>\n<h6> 2020-11-26 13:42:06 <\/h6>\n<p><!--\n<link rel=\"stylesheet\" href=\"css\/bootstrap.min.css\">\n\n\n<ul class=\"pagination\">\n\t    \n\t\n\n<li >\n\t<a href='?page_no=12'>Previous<\/a>\n\t<\/li>\n\n\n       \n    \n\n<li><a href='?page_no=1'>1<\/a><\/li>\n\n\n\n<li><a href='?page_no=2'>2<\/a><\/li>\n\n\n\n<li><a>...<\/a><\/li>\n\n\n\n<li><a href='?page_no=11'>11<\/a><\/li>\n\n\n\n<li><a href='?page_no=12'>12<\/a><\/li>\n\n\n\n<li class='active'><a>13<\/a><\/li>\n\n\n\n<li><a href='?page_no=14'>14<\/a><\/li>\n\n\n\n<li><a href='?page_no=15'>15<\/a><\/li>\n\n\n\n<li><a>...<\/a><\/li>\n\n\n\n<li><a href='?page_no=22911'>22911<\/a><\/li>\n\n\n\n<li><a href='?page_no=22912'>22912<\/a><\/li>\n\n    \n\t\n\n<li >\n\t<a href='?page_no=14'>Next<\/a>\n\t<\/li>\n\n\n    \n\n<li><a href='?page_no=22912'>Last &rsaquo;&rsaquo;<\/a><\/li>\n\n<\/ul>\n\n\n--><br \/>\n<\/body><\/p>\n","protected":false},"excerpt":{"rendered":"<p>Diariodominicano.com El Comisionado Dominicano de Cultura realizar\u00e1 Co-nombramiento de calle en honor al m\u00fasico Bullumba Landestoy Nueva York.- El Comisionado Dominicano de Cultura en los Estados Unidos en coordinaci\u00f3n con la oficina del Concejal Ydanis Rodr\u00edguez realizar\u00e1n una ceremonia de co-nombramiento de calle en honor a la obra y legado del gran m\u00fasico dominicano Rafael [&hellip;]<\/p>\n","protected":false},"author":3,"featured_media":0,"comment_status":"open","ping_status":"open","sticky":false,"template":"","format":"standard","meta":{"footnotes":""},"categories":[21],"tags":[],"class_list":["post-48573","post","type-post","status-publish","format-standard","hentry","category-cultura"],"_links":{"self":[{"href":"https:\/\/diariodominicano.com\/index.php?rest_route=\/wp\/v2\/posts\/48573","targetHints":{"allow":["GET"]}}],"collection":[{"href":"https:\/\/diariodominicano.com\/index.php?rest_route=\/wp\/v2\/posts"}],"about":[{"href":"https:\/\/diariodominicano.com\/index.php?rest_route=\/wp\/v2\/types\/post"}],"author":[{"embeddable":true,"href":"https:\/\/diariodominicano.com\/index.php?rest_route=\/wp\/v2\/users\/3"}],"replies":[{"embeddable":true,"href":"https:\/\/diariodominicano.com\/index.php?rest_route=%2Fwp%2Fv2%2Fcomments&post=48573"}],"version-history":[{"count":0,"href":"https:\/\/diariodominicano.com\/index.php?rest_route=\/wp\/v2\/posts\/48573\/revisions"}],"wp:attachment":[{"href":"https:\/\/diariodominicano.com\/index.php?rest_route=%2Fwp%2Fv2%2Fmedia&parent=48573"}],"wp:term":[{"taxonomy":"category","embeddable":true,"href":"https:\/\/diariodominicano.com\/index.php?rest_route=%2Fwp%2Fv2%2Fcategories&post=48573"},{"taxonomy":"post_tag","embeddable":true,"href":"https:\/\/diariodominicano.com\/index.php?rest_route=%2Fwp%2Fv2%2Ftags&post=48573"}],"curies":[{"name":"wp","href":"https:\/\/api.w.org\/{rel}","templated":true}]}}