{"id":48562,"date":"2020-10-20T14:36:07","date_gmt":"2020-10-20T14:36:07","guid":{"rendered":"http:\/\/diariodominicano.ddns.net\/?p=48562"},"modified":"2020-10-20T14:36:07","modified_gmt":"2020-10-20T14:36:07","slug":"estrenaran-en-cuba-videoclip-en-homenaje-a-alicia-alonso","status":"publish","type":"post","link":"https:\/\/diariodominicano.com\/?p=48562","title":{"rendered":"Estrenar\u00e1n en Cuba videoclip en homenaje a Alicia Alonso"},"content":{"rendered":"<p><body><\/p>\n<p><strong>Diariodominicano.com<\/strong><\/p>\n<p><strong>Estrenar\u00e1n en Cuba videoclip en homenaje a Alicia Alonso<\/strong><\/p>\n<p><strong>La Habana, 20 oct (Prensa Latina) <\/strong>A prop\u00f3sito de la celebraci\u00f3n por el D\u00eda de la Cultura Cubana, el espacio televisivo Mesa Redonda estrenar\u00e1 hoy el video clip de Era, tema que rinde homenaje a la Prima Ballerina Assoluta Alicia Alonso.<\/p>\n<\/p>\n<p>El audiovisual, dirigido por Pedro Pulido, refleja el impacto del legado de la Alonso en las nuevas generaciones y es una coproducci\u00f3n entre el Instituto Latino de la M\u00fasica (ILM) y la Empresa de Grabaciones y Ediciones Musicales (Egrem).<\/p>\n<\/p>\n<p>La producci\u00f3n, rodada en diversas locaciones del Gran Teatro de La Habana y de esta ciudad, tambi\u00e9n cont\u00f3 con la asesor\u00eda de Gabriel D\u00e1valos y la fotograf\u00eda de Alexander Gonz\u00e1lez.<\/p>\n<\/p>\n<p>Era es el primer avance del \u00e1lbum Alicia, una coproducci\u00f3n de la Egrem y el ILM, que compila 12 obras y estar\u00e1 disponible pr\u00f3ximamente.<\/p>\n<\/p>\n<p>La obra instrumental hom\u00f3nima de la autor\u00eda de Daniel Mart\u00edn cont\u00f3 con arreglo del pianista Frank Fern\u00e1ndez, quien ejecuta la pieza junto al violinista ecuatoriano Jorge Saade.<\/p>\n<\/p>\n<p>El D\u00eda de la Cultura se aprovecha para destacar elementos de la identidad y la cuban\u00eda y, en 2020, se dedica a cuatro personalidades: Alicia Alonso ?la artista cubana m\u00e1s universal- por el centenario de su nacimiento, y a la diva del Buena Vista Social Club, Omara Portuondo, por su 90 cumplea\u00f1os.<\/p>\n<\/p>\n<p>Otras dos personalidades resaltadas este a\u00f1o son el Premio Nacional de Artes Pl\u00e1sticas (1997) Alfredo Sosabravo, quien tambi\u00e9n arriba a nueve d\u00e9cadas de vida, y Elpidio Vald\u00e9s, un dibujo animado creado hace 50 a\u00f1os por el caricaturista Juan Padr\u00f3n.<\/p>\n<\/p>\n<p>car\/ypp<\/p>\n<h6> 2020-10-20 14:36:07 <\/h6>\n<p><!--\n<link rel=\"stylesheet\" href=\"css\/bootstrap.min.css\">\n\n\n<ul class=\"pagination\">\n\t    \n\t\n\n<li >\n\t<a href='?page_no=128'>Previous<\/a>\n\t<\/li>\n\n\n       \n    \n\n<li><a href='?page_no=1'>1<\/a><\/li>\n\n\n\n<li><a href='?page_no=2'>2<\/a><\/li>\n\n\n\n<li><a>...<\/a><\/li>\n\n\n\n<li><a href='?page_no=127'>127<\/a><\/li>\n\n\n\n<li><a href='?page_no=128'>128<\/a><\/li>\n\n\n\n<li class='active'><a>129<\/a><\/li>\n\n\n\n<li><a href='?page_no=130'>130<\/a><\/li>\n\n\n\n<li><a href='?page_no=131'>131<\/a><\/li>\n\n\n\n<li><a>...<\/a><\/li>\n\n\n\n<li><a href='?page_no=22911'>22911<\/a><\/li>\n\n\n\n<li><a href='?page_no=22912'>22912<\/a><\/li>\n\n    \n\t\n\n<li >\n\t<a href='?page_no=130'>Next<\/a>\n\t<\/li>\n\n\n    \n\n<li><a href='?page_no=22912'>Last &rsaquo;&rsaquo;<\/a><\/li>\n\n<\/ul>\n\n\n--><br \/>\n<\/body><\/p>\n","protected":false},"excerpt":{"rendered":"<p>Diariodominicano.com Estrenar\u00e1n en Cuba videoclip en homenaje a Alicia Alonso La Habana, 20 oct (Prensa Latina) A prop\u00f3sito de la celebraci\u00f3n por el D\u00eda de la Cultura Cubana, el espacio televisivo Mesa Redonda estrenar\u00e1 hoy el video clip de Era, tema que rinde homenaje a la Prima Ballerina Assoluta Alicia Alonso. El audiovisual, dirigido por [&hellip;]<\/p>\n","protected":false},"author":3,"featured_media":0,"comment_status":"open","ping_status":"open","sticky":false,"template":"","format":"standard","meta":{"footnotes":""},"categories":[21],"tags":[],"class_list":["post-48562","post","type-post","status-publish","format-standard","hentry","category-cultura"],"_links":{"self":[{"href":"https:\/\/diariodominicano.com\/index.php?rest_route=\/wp\/v2\/posts\/48562","targetHints":{"allow":["GET"]}}],"collection":[{"href":"https:\/\/diariodominicano.com\/index.php?rest_route=\/wp\/v2\/posts"}],"about":[{"href":"https:\/\/diariodominicano.com\/index.php?rest_route=\/wp\/v2\/types\/post"}],"author":[{"embeddable":true,"href":"https:\/\/diariodominicano.com\/index.php?rest_route=\/wp\/v2\/users\/3"}],"replies":[{"embeddable":true,"href":"https:\/\/diariodominicano.com\/index.php?rest_route=%2Fwp%2Fv2%2Fcomments&post=48562"}],"version-history":[{"count":0,"href":"https:\/\/diariodominicano.com\/index.php?rest_route=\/wp\/v2\/posts\/48562\/revisions"}],"wp:attachment":[{"href":"https:\/\/diariodominicano.com\/index.php?rest_route=%2Fwp%2Fv2%2Fmedia&parent=48562"}],"wp:term":[{"taxonomy":"category","embeddable":true,"href":"https:\/\/diariodominicano.com\/index.php?rest_route=%2Fwp%2Fv2%2Fcategories&post=48562"},{"taxonomy":"post_tag","embeddable":true,"href":"https:\/\/diariodominicano.com\/index.php?rest_route=%2Fwp%2Fv2%2Ftags&post=48562"}],"curies":[{"name":"wp","href":"https:\/\/api.w.org\/{rel}","templated":true}]}}