{"id":485614,"date":"2023-11-03T03:56:28","date_gmt":"2023-11-03T07:56:28","guid":{"rendered":"http:\/\/diariodominicano.com\/?p=485614"},"modified":"2023-11-03T09:23:50","modified_gmt":"2023-11-03T13:23:50","slug":"santiago-correra-la-gran-maraton-monumental","status":"publish","type":"post","link":"https:\/\/diariodominicano.com\/?p=485614","title":{"rendered":"Santiago correr\u00e1 la gran Marat\u00f3n Monumental"},"content":{"rendered":"\n<p>Libros puestos en circulaci\u00f3n<\/p>\n\n\n\n<p>El domingo 26 de noviembre las calles de Santiago van a vibrar al ritmo de las zancadas de 2,000 corredores incluyendo nacionalidades de 22 pa\u00edses<\/p>\n\n\n\n<p><strong>Santiago de los Caballeros. &#8211;<\/strong>&nbsp;El evento que ha convertido a Santiago en la capital del maratonismo dominicano, regresa con su&nbsp;s\u00e9ptima versi\u00f3n el pr\u00f3ximo domingo 26 de noviembre. La Marat\u00f3n Monumental Primer Santiago de Am\u00e9rica recibir\u00e1 2 mil corredores con presencia internacional de 22 pa\u00edses <\/p>\n\n\n\n<p>La gran fiesta deportiva del Cibao cuenta con un recorrido certificado por la Asociaci\u00f3n Internacional de Maratones y Carreras de Distancia AIMS, con una ruta din\u00e1mica y de un solo circuito que permite a los corredores lograr mejores tiempos.<\/p>\n\n\n\n<p>Haime Thomas Fr\u00edas, coordinador general del Comit\u00e9 Organizador de la Marat\u00f3n Monumental Primer Santiago de Am\u00e9rica, anunci\u00f3 que, para la s\u00e9ptima edici\u00f3n, la organizaci\u00f3n entregar\u00e1 un premio especial para el corredor\/a que rompa la marca temporal de la Marat\u00f3n con USD$2,000 adicionales a los USD$8,000 que recibe el primer lugar en cruzar la meta. Hasta el momento el r\u00e9cord del mejor tiempo en la categor\u00eda masculino lo ostenta el corredor colombiano Jeisson Suarez con 02:17:37 y Shewarge Alene Amare en la categor\u00eda femenina con 02:38:55.<\/p>\n\n\n\n<p>En la conferencia de prensa realizada en el Centro de Convenciones UTESA, Fr\u00edas, motiv\u00f3 a la poblaci\u00f3n de Santiago a hacer suya una actividad que nos coloca en el calendario mundial del atletismo. \u00a8Con ah\u00ednco y pasi\u00f3n trabajamos cada a\u00f1o para promover una cita deportiva que nos otorga el privilegio de recibir a delegaciones de m\u00e1s de 20 pa\u00edses y a la vez conectar la ciudad con el mundo\u00a8, expres\u00f3 el comunicador.<\/p>\n\n\n\n<p>Luego, Emilio Mart\u00ednez, director t\u00e9cnico de la MMPSA, inform\u00f3 que la ruta en los 42 y los 21 kil\u00f3metros, es un trazo por \u00e1reas m\u00e1s pobladas, lo cual se traduce en mayor motivaci\u00f3n y dinamismo porque se ver\u00e1n corredores todo el tiempo. El atleta santiaguero, Jorge Evertz, intervino para motivar a participar de un evento que contin\u00faa ganando reconocimiento en la pr\u00e1ctica mundial del atletismo.<\/p>\n\n\n\n<p>\u00a8Nos sentimos felices con esta maravillosa actividad deportiva. Volveremos a asumir el compromiso f\u00edsico y mental. He corrido cinco veces esta marat\u00f3n. Aqu\u00ed hay cientos de voluntarios que trabajan d\u00eda a d\u00eda para que tengamos un evento de gran calidad\u00a8, testimoni\u00f3 el corredor.<\/p>\n\n\n\n<p>La Marat\u00f3n Monumental forma parte de la Abbott World Marathon Majors (AbbottWMM), siendo un evento clasificatorio para el campeonato mundial AbbottWMM Wanda Age Group. Santiago se prepara para recibir delegaciones de corredores de: Estados Unidos, Puerto Rico, Alemania, Italia, Rumania, Uruguay, Jap\u00f3n, Colombia, Kenia, Francia, Paraguay, Espa\u00f1a, Canad\u00e1, Rep\u00fablica Checa, Brasil, Reino Unido, Suiza, Venezuela, Per\u00fa, Nicaragua, Hait\u00ed y anfitriones de Rep\u00fablica Dominicana.<\/p>\n\n\n\n<p>Durante el encuentro de medios, la mesa de honor estuvo conformada por el equipo organizador de la marat\u00f3n: Melissa N\u00fa\u00f1ez, Marcos Santana, Frank Rodr\u00edguez, Alexander N\u00fa\u00f1ez, Emilio Mart\u00ednez y Haime Thom\u00e1s Fr\u00edas. Forman parte: Ely Espaillat y Lorenzo Ferm\u00edn. En la coordinaci\u00f3n de log\u00edstica: Reina Tejada e Iv\u00e1n Reynoso.<\/p>\n\n\n\n<p>Patrocinan la Marat\u00f3n Monumental 2023, las empresas: La Monumental de Seguros, ARS Monumental, CDN Deportes, PANAM, Hospital Metropolitano de Santiago, Cecomsa, Parval, Calcal\u00ed, CCCDU, Corporaci\u00f3n Zona Franca Santiago, caf\u00e9 Monte Alegre, Eloys Snack, Danone, Raderhaus, Sport Ice y Asociaci\u00f3n Cibao de Ahorros y Pr\u00e9stamos. Con el apoyo de Gran Teatro del Cibao y el Ayuntamiento de Santiago.<\/p>\n\n\n\n<p><strong>PIE DE FOTOS<\/strong><\/p>\n\n\n\n<p>Melissa N\u00fa\u00f1ez, parte del comit\u00e9 organizador.<\/p>\n\n\n\n<p>Emilio Mart\u00ednez, Melissa N\u00fa\u00f1ez, Haime Thomas Fr\u00edas, Ely Espaillat, Reina Tejada e Iv\u00e1n Reynoso.<\/p>\n\n\n\n<p>Renzo \u00c1lvarez y Ely Espaillat.&#8211;<br><strong>Favor enviar notificaci\u00f3n recibo de este correo<\/strong><strong><br><\/strong><strong>Att: Johanna Benoit<\/strong><strong>Ejecutiva de Negocios.<\/strong><strong>Peri\u00f3dicos.&nbsp;<\/strong><strong>Hoy,&nbsp;<\/strong><strong>El Nacional y El&nbsp;D\u00eda<\/strong><strong>Sonriete Relaciones P\u00fablicas&nbsp;<\/strong><br><strong>Cel :829\/815\/3133\/ &nbsp;y oficina 809\/582\/4814<\/strong><\/p>\n","protected":false},"excerpt":{"rendered":"<p>Libros puestos en circulaci\u00f3n El domingo 26 de noviembre las calles de Santiago van a vibrar al ritmo de las zancadas de 2,000 corredores incluyendo nacionalidades de 22 pa\u00edses Santiago de los Caballeros. &#8211;&nbsp;El evento que ha convertido a Santiago en la capital del maratonismo dominicano, regresa con su&nbsp;s\u00e9ptima versi\u00f3n el pr\u00f3ximo domingo 26 de [&hellip;]<\/p>\n","protected":false},"author":7,"featured_media":485842,"comment_status":"closed","ping_status":"","sticky":true,"template":"","format":"standard","meta":{"footnotes":""},"categories":[17,27,32],"tags":[],"class_list":["post-485614","post","type-post","status-publish","format-standard","has-post-thumbnail","hentry","category-deportes","category-portada","category-turismo"],"_links":{"self":[{"href":"https:\/\/diariodominicano.com\/index.php?rest_route=\/wp\/v2\/posts\/485614","targetHints":{"allow":["GET"]}}],"collection":[{"href":"https:\/\/diariodominicano.com\/index.php?rest_route=\/wp\/v2\/posts"}],"about":[{"href":"https:\/\/diariodominicano.com\/index.php?rest_route=\/wp\/v2\/types\/post"}],"author":[{"embeddable":true,"href":"https:\/\/diariodominicano.com\/index.php?rest_route=\/wp\/v2\/users\/7"}],"replies":[{"embeddable":true,"href":"https:\/\/diariodominicano.com\/index.php?rest_route=%2Fwp%2Fv2%2Fcomments&post=485614"}],"version-history":[{"count":7,"href":"https:\/\/diariodominicano.com\/index.php?rest_route=\/wp\/v2\/posts\/485614\/revisions"}],"predecessor-version":[{"id":485876,"href":"https:\/\/diariodominicano.com\/index.php?rest_route=\/wp\/v2\/posts\/485614\/revisions\/485876"}],"wp:featuredmedia":[{"embeddable":true,"href":"https:\/\/diariodominicano.com\/index.php?rest_route=\/wp\/v2\/media\/485842"}],"wp:attachment":[{"href":"https:\/\/diariodominicano.com\/index.php?rest_route=%2Fwp%2Fv2%2Fmedia&parent=485614"}],"wp:term":[{"taxonomy":"category","embeddable":true,"href":"https:\/\/diariodominicano.com\/index.php?rest_route=%2Fwp%2Fv2%2Fcategories&post=485614"},{"taxonomy":"post_tag","embeddable":true,"href":"https:\/\/diariodominicano.com\/index.php?rest_route=%2Fwp%2Fv2%2Ftags&post=485614"}],"curies":[{"name":"wp","href":"https:\/\/api.w.org\/{rel}","templated":true}]}}