{"id":485582,"date":"2023-11-02T14:56:34","date_gmt":"2023-11-02T18:56:34","guid":{"rendered":"http:\/\/diariodominicano.com\/?p=485582"},"modified":"2023-11-02T20:03:04","modified_gmt":"2023-11-03T00:03:04","slug":"fuerza-del-pueblo-avanza-en-seleccion-de-personal-que-trabajara-por-fp-en-recintos-electorales","status":"publish","type":"post","link":"https:\/\/diariodominicano.com\/?p=485582","title":{"rendered":"Fuerza del Pueblo avanza en selecci\u00f3n de personal que trabajar\u00e1 por FP en recintos electorales"},"content":{"rendered":"\n<p>La Fuerza del Pueblo (FP) en Santo Domingo Este sigue inmersa, sin tregua ni distracci\u00f3n en los trabajos de selecci\u00f3n y capacitaci\u00f3n del personal que representar\u00e1 al partido en los recintos electorales y en otras actividades relacionadas con los comicios del pr\u00f3ximo a\u00f1o.&nbsp;<\/p>\n\n\n\n<p>Con ese prop\u00f3sito, la Direcci\u00f3n Electoral de la Circunscripci\u00f3n Uno de ese municipio de la provincia Santo Domingo refuerza cada d\u00eda los programas de selecci\u00f3n y capacitaci\u00f3n para que el personal escogido est\u00e9 preparado para defender el voto de los miembros y simpatizantes del partido.<\/p>\n\n\n\n<p>Se ha puesto \u00e9nfasis, un empe\u00f1o especial para que el personal tenga la experiencia necesaria para las labores propias de los procesos electorales.<\/p>\n\n\n\n<p>El objetivo fundamental es tener representantes bien entrenados&nbsp; para superar cualquier inconveniente que se presente&nbsp; y no repetir errores del pasado.<\/p>\n\n\n\n<p>Para darle continuidad a estos trabajos la Direcci\u00f3n Electoral de la Fuerza del Pueblo en la Circunscripci\u00f3n Uno de Santo Domingo realizo este mi\u00e9rcoles una reuni\u00f3n de trabajo, en la que participaron Manuel Payano, Encargado del Equipo Electoral, Melvis Rivas, Ram\u00f3n Ram\u00edrez, Heriberto Paulino, Eddy Lantigua, Rafael Mercedes y Joan P\u00e1ez y Jos\u00e9 Vargas.<\/p>\n\n\n\n<p>ose antonio vargas gerrero<a rel=\"noreferrer noopener\" target=\"_blank\" href=\"mailto:jvargas6481@gmail.com\">jvargas6481@gmail.com<\/a><\/p>\n","protected":false},"excerpt":{"rendered":"<p>La Fuerza del Pueblo (FP) en Santo Domingo Este sigue inmersa, sin tregua ni distracci\u00f3n en los trabajos de selecci\u00f3n y capacitaci\u00f3n del personal que representar\u00e1 al partido en los recintos electorales y en otras actividades relacionadas con los comicios del pr\u00f3ximo a\u00f1o.&nbsp; Con ese prop\u00f3sito, la Direcci\u00f3n Electoral de la Circunscripci\u00f3n Uno de ese [&hellip;]<\/p>\n","protected":false},"author":28,"featured_media":485583,"comment_status":"closed","ping_status":"","sticky":false,"template":"","format":"standard","meta":{"footnotes":""},"categories":[22],"tags":[],"class_list":["post-485582","post","type-post","status-publish","format-standard","has-post-thumbnail","hentry","category-politica"],"_links":{"self":[{"href":"https:\/\/diariodominicano.com\/index.php?rest_route=\/wp\/v2\/posts\/485582","targetHints":{"allow":["GET"]}}],"collection":[{"href":"https:\/\/diariodominicano.com\/index.php?rest_route=\/wp\/v2\/posts"}],"about":[{"href":"https:\/\/diariodominicano.com\/index.php?rest_route=\/wp\/v2\/types\/post"}],"author":[{"embeddable":true,"href":"https:\/\/diariodominicano.com\/index.php?rest_route=\/wp\/v2\/users\/28"}],"replies":[{"embeddable":true,"href":"https:\/\/diariodominicano.com\/index.php?rest_route=%2Fwp%2Fv2%2Fcomments&post=485582"}],"version-history":[{"count":1,"href":"https:\/\/diariodominicano.com\/index.php?rest_route=\/wp\/v2\/posts\/485582\/revisions"}],"predecessor-version":[{"id":485584,"href":"https:\/\/diariodominicano.com\/index.php?rest_route=\/wp\/v2\/posts\/485582\/revisions\/485584"}],"wp:featuredmedia":[{"embeddable":true,"href":"https:\/\/diariodominicano.com\/index.php?rest_route=\/wp\/v2\/media\/485583"}],"wp:attachment":[{"href":"https:\/\/diariodominicano.com\/index.php?rest_route=%2Fwp%2Fv2%2Fmedia&parent=485582"}],"wp:term":[{"taxonomy":"category","embeddable":true,"href":"https:\/\/diariodominicano.com\/index.php?rest_route=%2Fwp%2Fv2%2Fcategories&post=485582"},{"taxonomy":"post_tag","embeddable":true,"href":"https:\/\/diariodominicano.com\/index.php?rest_route=%2Fwp%2Fv2%2Ftags&post=485582"}],"curies":[{"name":"wp","href":"https:\/\/api.w.org\/{rel}","templated":true}]}}