{"id":48551,"date":"2020-10-21T12:44:39","date_gmt":"2020-10-21T12:44:39","guid":{"rendered":"http:\/\/diariodominicano.ddns.net\/?p=48551"},"modified":"2020-10-21T12:44:39","modified_gmt":"2020-10-21T12:44:39","slug":"octubre-para-recordar-a-salome-urena","status":"publish","type":"post","link":"https:\/\/diariodominicano.com\/?p=48551","title":{"rendered":"Octubre: para recordar a Salom\u00e9 Ure\u00f1a"},"content":{"rendered":"<p><body><\/p>\n<p><img decoding=\"async\" src=\"img3\/salome00.jpg\" \/><br \/><img decoding=\"async\" src=\"img3\/Eleanor g000.jpg\" \/>  <\/p>\n<p><strong>Octubre: para recordar a Salom\u00e9 Ure\u00f1a.  <\/strong><\/p>\n<p><strong>Eleanor Grimaldi.<\/strong><\/p>\n<p><strong>Educadora y escritora. <\/strong><\/p>\n<\/p>\n<p>Un 21 de octubre de 1850 naci\u00f3 Salom\u00e9 Ure\u00f1a, una mujer digna, inteligente, maestra y patriota.<\/p>\n<p>En la ciudad de Santo Domingo en su \u00e9poca, la sociedad era de pocos habitantes, y una sociedad simple, cuasi rural, de agricultura de auto subsistencia, marginada del progreso y de los avances t\u00e9cnicos que hab\u00edan llegado a otros pueblos de Am\u00e9rica.<\/p>\n<p>Dice Harry Hoetink en su obra: \u00abEl pueblo dominicano\u00bb, para referirse a la sociedad de esa \u00e9poca, lo siguiente:<\/p>\n<p>\u00abLa ausencia casi total de medios de transporte y carreteras oblig\u00f3 a la poblaci\u00f3n rural a llevar una existencia casi aut\u00e1rquica que no dejaba lugar a la producci\u00f3n para un mercado nacional ni mucho menos internacional, a menos que el \u00e1rea de producci\u00f3n estuviera muy cerca de los puertos naturales, como en el caso del az\u00facar azuano&#8230;la escasez poblacional y por consiguiente el poco valor de la tierra, la ausencia de empleados calificados&#8230;la infraestructura deficiente, la inestabilidad pol\u00edtica&#8230;fue causada por la decadencia econ\u00f3mica y demogr\u00e1fica que result\u00f3 de las numerosas guerras y turbulencias internas\u00bb.<\/p>\n<p>Salom\u00e9 se adelant\u00f3 a su \u00e9poca. Sabemos que las veladas l\u00edrico- literarias empezaron a organizarse con frecuencia a partir de 1893, tal como cita El List\u00edn, y que la p\u00e1gina literaria semanal empez\u00f3 a publicarse en 1896, entendemos por esa raz\u00f3n, que Salom\u00e9 se adelant\u00f3 a su \u00e9poca con sus escritos y su dedicaci\u00f3n a fomentar la educaci\u00f3n y la literatura.<\/p>\n<p>Adem\u00e1s de sus composiciones po\u00e9ticas, fund\u00f3 en 1881 el primer centro femenino de ense\u00f1anza superior: el \u00abInstituto de Se\u00f1oritas\u00bb. A los seis a\u00f1os de su fundaci\u00f3n se graduaron las primeras seis maestras normales que tuvo la Rep\u00fablica Dominicana.<\/p>\n<p>En 1880 gobernaba el pa\u00eds Fernando Arturo de Meri\u00f1o y es en esos d\u00edas que Salom\u00e9 contrae matrimonio con Francisco Henr\u00edquez y Carvajal, quien desempe\u00f1\u00f3 funciones p\u00fablicas, entre ellas, la de presidente de la Rep\u00fablica. Ella lo conoci\u00f3 en el devenir de su vida magisterial y empez\u00f3 a tener correspondencia con \u00e9l.<\/p>\n<p><strong>El padre de ella Nicol\u00e1s Ure\u00f1a de Mendoza, le infundi\u00f3 un gran amor al estudio, despert\u00e1ndole  una positiva  inclinaci\u00f3n por la lectura. Ten\u00eda una memoria excelente.<\/strong><\/p>\n<p>Los que la conocieron hablan de una mujer alta, delgada, sencilla, modesta y de poco hablar. <\/p>\n<p>Abiga\u00edl Mej\u00eda para referirse a ella dec\u00eda: \u00abT\u00edmida y discreta, a los 17 a\u00f1os se lanz\u00f3- escudada con el nombre de Herminia (&#8230;) a publicar sus versos, si bien escrib\u00eda desde los quince\u00bb. <\/p>\n<p>Es a partir de 1874 cuando ella empieza a asumir sus escritos con su verdadero nombre.<\/p>\n<p>Su afici\u00f3n por la literatura empez\u00f3 en la infancia. Le\u00eda los cl\u00e1sicos espa\u00f1oles, franceses e ingleses.<\/p>\n<p>A su hogar, acud\u00edan personalidades de la vida pol\u00edtica y las letras, como Ulises Francisco Espaillat, cuando ocup\u00f3 la presidencia de la Rep\u00fablica, por lo que este ambiente de intelectuales tambi\u00e9n influy\u00f3 en ella.<\/p>\n<p><strong>Su obra po\u00e9tica.<\/strong><\/p>\n<p><strong>Poes\u00eda Rom\u00e1ntica y poes\u00eda Patri\u00f3tica.<\/strong><\/p>\n<p>Para referirme al tema que nos concierne, comento que algunos cr\u00edticos hablan de que su poes\u00eda puede clasificarse en dos grupos; poes\u00eda patri\u00f3tica y human\u00edstica y poes\u00eda sentimental y dom\u00e9stica&#8230; Son los poemas del primer grupo los que distinguen con mayor fuerza a Salom\u00e9 Ure\u00f1a entre los cultivadores de la poes\u00eda dominicana, y la convierten en una cultivadora del g\u00e9nero universal. Otros agregan el tema indianista.<\/p>\n<p>En lo tocante al tema patri\u00f3tico, aflora su deseo por el bienestar de la sociedad dominicana, en el sentimental, caracterizado por su amor a la naturaleza y a la familia y el indianista, corriente literaria a la cual recurre al momento de exaltar a la raza ind\u00edgena quisqueyana exterminada por los colonizadores. <\/p>\n<p>En estos temas, la escritora hizo gala de su condici\u00f3n de poetisa. Y est\u00e1 considerada como figura central de la l\u00edrica dominicana del siglo XIX. <\/p>\n<p>Igual que un grupo de poetas de su generaci\u00f3n, Salom\u00e9 cultiv\u00f3 el g\u00e9nero con gran delicadeza y rindi\u00f3 un culto no solo a la belleza literaria, sino a las m\u00e1s hermosas aspiraciones de un pueblo para con su Patria.<\/p>\n<p>Por su personalidad l\u00edrica ha sido considerada como \u00abla diosa de la poes\u00eda dominicana\u00bb. Expresando sentimientos y pensamientos a trav\u00e9s de sus creaciones.<\/p>\n<p><strong>En la Rep\u00fablica Dominicana la poes\u00eda ha sido un g\u00e9nero muy cultivado,  y a pesar de que no se desarroll\u00f3 ampliamente en el per\u00edodo de la colonia, fue a finales del siglo XIX cuando apareci\u00f3 la primera colecci\u00f3n de poes\u00eda \u00abLa lira de Quisqueya\u00bb y cuando empiezan a surgir los primeros poetas de relevancia.<\/strong><\/p>\n<p>Del XIX, en nuestro pa\u00eds, cabe seleccionar a Salom\u00e9 Ure\u00f1a D\u00edaz, a Jos\u00e9 Joaqu\u00edn P\u00e9rez y a Gast\u00f3n Fernando Deligne como voces importantes, que desarrollan en la poes\u00eda, el pensamiento y los valores humanos y est\u00e9ticos.<\/p>\n<p>En cuanto el romanticismo, Pedro Henr\u00edquez Ure\u00f1a, lo ubica entre 1830 y 1890- Se inici\u00f3 en Am\u00e9rica cuando entraba en decadencia en Europa.<\/p>\n<p>Estrechamente ligado al proceso de liberaci\u00f3n nacional de aqu\u00ed y de otros pueblos. Por eso Salom\u00e9 entra en esta clasificaci\u00f3n de poetas de esta generaci\u00f3n. Salom\u00e9, cultiva la poes\u00eda, a la luz de este movimiento.<\/p>\n<p>Se considera el romanticismo el movimiento literario m\u00e1s importante del siglo XIX en Europa y Am\u00e9rica, comenz\u00f3 en Francia con la propuesta de una creaci\u00f3n con una mayor libertad de expresi\u00f3n. <\/p>\n<p>Esta poes\u00eda de acuerdo a algunos cr\u00edticos surge como una reacci\u00f3n contra las ideas que despert\u00f3 la ilustraci\u00f3n, el enciclopedismo; y la Revoluci\u00f3n Industrial.<\/p>\n<p><strong>Los rom\u00e1nticos siguieron la exaltaci\u00f3n de la belleza y desecharon las ideas de los ilustrados que se fundamentaron en la raz\u00f3n y en la b\u00fasqueda de la verdad.<\/strong><\/p>\n<p><strong>Varios autores coinciden en que \u00abEl Romanticismo se distingue por diversos rasgos est\u00e9ticos entre los que mencionamos algunos: <\/strong><\/p>\n<p>-El idealismo, persiguen grandes ideales, justicia, felicidad, amor perfecto, y otros que casi nunca se pueden alcanzar totalmente.<\/p>\n<p>-Hacen un \u00e9nfasis en la sensiblidad, creatividad e imaginaci\u00f3n.<\/p>\n<\/p>\n<p>-Est\u00e1n abiertos a otras fuentes de inspiraci\u00f3n de otros mundos. (Orientales, n\u00f3rdicas, etc.)<\/p>\n<p>-Dan gran valor a los temas populares, medievales, b\u00edblicos, sentimentales.<\/p>\n<p>-Tienen ideas nacionalistas claras.<\/p>\n<\/p>\n<p>-El lenguaje posee un estilo elocuente exaltado, intenso.<\/p>\n<p>Los poetas del romanticismo utilizaron temas como el amor apasionado, la muerte, la sociedad y la pol\u00edtica, mostrando tambi\u00e9n a trav\u00e9s de la poes\u00eda el deseo de libertad y las ideas nacionalistas y de progreso.<\/p>\n<p>Tratan los temas de la naturaleza como reflejo de sus estados de \u00e1nimo: rebeld\u00eda, ruinas, l\u00fagubre, paisajes nocturnos, rumores, misterios, etc.<\/p>\n<p>La poes\u00eda de Salom\u00e9 Ure\u00f1a, exhibi\u00f3 rasgos definidos relacionados, y despert\u00f3 admiraci\u00f3n, no solo en el pa\u00eds sino fuera del suelo patrio.<\/p>\n<p>Algunos estetas y escritores dominicanos y extranjeros, sit\u00faan en la dimensi\u00f3n rom\u00e1ntica su poema Sombras, como uno de los poemas que exalta el sentimiento de lirismo con m\u00e1s fuerza.<\/p>\n<p><strong>La mayor\u00eda de sus composiciones rom\u00e1nticas, son un reflejo de la nostalgia y de situaciones dif\u00edciles que tuvo que atravesar. En su poema Horas de Angustia, traduce inquietudes frente a la enfermedad de su segundo hijo. <\/strong><\/p>\n<p>Veamos las primeras dos estrofas:<\/p>\n<p>Sin brillo la mirada<\/p>\n<p>Ba\u00f1ado el rostro en palidez de muerte,<\/p>\n<p>Casi extinta la vida, casi inerte,<\/p>\n<p>Te mir\u00f3 con pavor el alma m\u00eda<\/p>\n<p>Cuando a otros brazos entregu\u00e9, aterrada,<\/p>\n<p>Tu cuerpo que la fiebre consum\u00eda.<\/p>\n<p>&#8230;<\/p>\n<p>En ruego entonces sobre el suelo frio<\/p>\n<p>Y de angustia y dolor desfalleciente<\/p>\n<p>\u00a1Aguard\u00e9 de rodillas Oh hijo m\u00edo!<\/p>\n<p>Que descendiese el celestial roc\u00edo<\/p>\n<p>El agua bautismal sobre tu frente.<\/p>\n<p>Poes\u00eda patri\u00f3tica en Salom\u00e9 Ure\u00f1a.<\/p>\n<p><strong> Que es la poes\u00eda patri\u00f3tica?  Est\u00e1 considerada como una Poes\u00eda \u00abletrada que se conoce de 1810 hasta 1827, en el proceso de la causa independentista, que ayud\u00f3 a plasmar y robustecer el sentido de identidad patri\u00f3tica que se gest\u00f3 en esa \u00e9poca\u00bb. Sin embargo, no fue igual su desarrollo en todos los pa\u00edses.<\/strong><\/p>\n<p>El tema patri\u00f3tico, es donde afloran los deseos por el bienestar de la sociedad dominicana y manifiesta sus ideas de progreso. <\/p>\n<p>La poes\u00eda patri\u00f3tica de Salom\u00e9 Ure\u00f1a se extendi\u00f3 por toda Am\u00e9rica, al igual que sus poemas sentimentales, los cuales fueron elaborados con correcci\u00f3n literaria y buen gusto, en un lenguaje sencillo, por la adecuada utilizaci\u00f3n de la m\u00e9trica y el uso de un lenguaje expresivo <\/p>\n<p>Entre los principales poemas patri\u00f3ticos de Salom\u00e9 Ure\u00f1a contamos:<\/p>\n<p>\u00bfQue es Patria? A la Patria, 27 de Febrero, A mi Patria, Mi ofrenda a la Patria, a los Dominicanos, El cantar de mis cantares, Diez y seis de agosto, Ruinas, La fe en el Porvenir.<\/p>\n<p><strong>Cito 2 estrofas de Ruinas uno de sus poemas m\u00e1s conocidos:<\/strong><\/p>\n<p>\u00a1Oh mi Antilla infeliz que el alma adora!<\/p>\n<p>Doquiera que la vista<\/p>\n<p>\u00c1vida gira en tu entusiasmo ahora,<\/p>\n<p>Una ruina denuncia acusadora<\/p>\n<p>Las muertas glorias de tu genio artista.<\/p>\n<p>&#8230;.<\/p>\n<p>Patria desventurada. \u00bfQu\u00e9 Anatema<\/p>\n<p>\u00bfCay\u00f3 sobre tu frente?<\/p>\n<p>Levanta ya de tu indolencia extrema<\/p>\n<p>La hora son\u00f3 de redenci\u00f3n suprema,<\/p>\n<p>Y Ay, si desmayas en la lid presente.<\/p>\n<p>&#8230;.<\/p>\n<p>Pero vano temor: ya decidida<\/p>\n<p>Hacia el futuro avanzas;<\/p>\n<p>Ya del sue\u00f1o despiertas a la vida,<\/p>\n<p>Y a la gloria te vas engrandecida<\/p>\n<p>En alas de risue\u00f1as esperanzas. <\/p>\n<\/p>\n<p>Ese grandioso amor a la Patria propio de almas excelsas y elevadas espiritualmente.<\/p>\n<\/p>\n<p><strong>A pesar de los detractores de su poes\u00eda, que consideran la misma, de poco m\u00e9rito. Su poes\u00eda se encuentra entre los poetas que cantaban a la patria. Ella desarrolla una verdadera poes\u00eda patri\u00f3tica inspirada en todo lo que ella conceb\u00eda. Las ideas de paz y progreso que abord\u00f3 desde 1873 hasta 1880, est\u00e1n \u00edntimamente vinculadas al tema patri\u00f3tico, tal como lo expresa en algunos de sus poemas.<\/strong><\/p>\n<p>Su poes\u00eda contribuy\u00f3 al fomento y difusi\u00f3n de los ideales patrios, traduciendo la inspiraci\u00f3n de los hombres y mujeres que contribuyeron a conformar nuestra nacionalidad a trav\u00e9s de su imaginaci\u00f3n creadora y su impulso nacionalista.<\/p>\n<p>El amor y el fervor patri\u00f3tico, ha sido profesado en casi todas las \u00e9pocas de la historia. Y es a partir de la vida republicana, cuando este instinto late con m\u00e1s fuerza en el coraz\u00f3n de los dominicanos.<\/p>\n<p>Tambi\u00e9n ese amor se manifiesta en la delicadeza y ternura de la mujer que conjuga su vida con la maternidad y el magisterio.<\/p>\n<p>Luego en otros procesos hist\u00f3ricos donde la Patria ha perdido su soberan\u00eda, otros poetas le cantan y se deleitan convoc\u00e1ndonos a conservar nuestra bandera tricolor y los s\u00edmbolos que nos identifican como naci\u00f3n. <\/p>\n<p>El car\u00e1cter de exaltaci\u00f3n a la Patria, hace que las letras siempre est\u00e9n cargadas de j\u00fabilo, amor o entusiasmo.<\/p>\n<p>En su poema Mi ofrenda a la Patria<\/p>\n<p><strong>Manifiesta un patriotismo puro y exalta los anhelos de paz y de progreso cuando dice en la 2da. Estrofa:<\/strong><\/p>\n<p>He visto a las pasiones<\/p>\n<p>Levantarse en tu da\u00f1o conjuradas<\/p>\n<p>Para ahogar sus supremas ambiciones,<\/p>\n<p>Tus anhelos de paz y de progreso,<\/p>\n<p>Y rendirse tus fuerzas fatigadas <\/p>\n<p>al abrumante peso.<\/p>\n<p>&#8230;&#8230;&#8230;.<\/p>\n<p><strong>Al parecer este poema y otros poemas de ella, tienen actualidad. <\/strong><\/p>\n<p><strong>Otros poemas como:  Diez y seis de agosto, la Fe en el Porvenir y otros, tambi\u00e9n son de exaltaci\u00f3n a la Patria.<\/strong><\/p>\n<p>Seg\u00fan Max H. Ure\u00f1a, Salom\u00e9 Ure\u00f1a,  no solo modific\u00f3 \u00abel sentido de nuestra poes\u00eda patri\u00f3tica, sino que en ella el verso fue \u00absigno de concordia y de amor entre los dominicanos\u00bb. <\/p>\n<p>La ternura como dec\u00edamos, es otra de las cualidades de sus poemas, los cuales manifiesta en: El Ave y El Nido, Mi Pedro, Amor y anhelo, la llegada del invierno y otras.<\/p>\n<p>Ella utiliza las figuras literarias tanto en sus poemas dom\u00e9sticos, como en los patri\u00f3ticos y rom\u00e1nticos. Usa recursos para embellecer su poes\u00eda. Igual las particularidades f\u00f3nicas, gramaticales o sem\u00e1nticas a las que recurre.<\/p>\n<p>Algunas im\u00e1genes sensoriales se encuentran en sus poes\u00edas patri\u00f3ticas, igual en sus poes\u00edas sentimentales, como en: A la Patria cuando dice: \u00a1Oh Patria idolatrada! Ce\u00f1ida de alta gloria&#8230;<\/p>\n<p>En el poema 27 de febrero cuando dice: \u00a1Venciste oh Dios, qu\u00e9 Gloria!.<\/p>\n<p>En Ofrenda a la Patria en la 4ta. Estrofa: \u00a1Ah! Yo quise indagar de tu destino la causa aterradora.<\/p>\n<p>Podemos llenar p\u00e1ginas comentando las diversas figuras literarias que ella utiliza en su poes\u00eda.<\/p>\n<p>Su obra es una mezcla de los cl\u00e1sicos que tanto ley\u00f3 y del sentimiento rom\u00e1ntico. Algunos estudiosos de su poes\u00eda, argumentan que la misma est\u00e1 fundamentada en el rigor de los cl\u00e1sicos y en el suspiro de los rom\u00e1nticos.<\/p>\n<p>El ejemplo que nos leg\u00f3 Salom\u00e9 Ure\u00f1a:<\/p>\n<p>Su papel en la literatura dominicana es de un gran valor y relevancia, as\u00ed como su profundo aporte a la educaci\u00f3n.<\/p>\n<p>El intenso amor hacia su familia lo manifest\u00f3 a trav\u00e9s de sus cartas y de sus versos.<\/p>\n<p>Est\u00e1 considerada como una de las poetisas m\u00e1s importantes del continente americano en su \u00e9poca.<\/p>\n<p>Para los dominicanos ella constituye un paradigma como educadora y como poetisa.<\/p>\n<p>Entreg\u00f3 parte de su vida y sus energ\u00edas a formar las primeras maestras dominicanas. Encabez\u00f3 un movimiento a favor de la superaci\u00f3n y el aprendizaje de las mujeres en aquella escuela que fund\u00f3 trabaj\u00f3 junto a Emilio Prud Homme, Valentina Diaz, Jos\u00e9 Dubeau, Francisco H. y Carvajal. <\/p>\n<p>Su discipulado hizo nuevas contribuciones a la educaci\u00f3n. Y en el discurso que pronunci\u00f3 para recibir la medalla de oro de la Sociedad Amigos del pa\u00eds dice: \u00abLa Patria para m\u00ed es el conjunto de todo lo bueno, lo grande y lo sublime; en ella se hallan comprendidos todos los bienes de mi esp\u00edritu; y es en ella en quien vinculada tengo toda mi dicha. Tal es, pues la raz\u00f3n por la que he cantado sus victorias, he llorado por tus ruinas y clamado por tu progreso y bienestar\u00bb. <\/p>\n<p>En un fragmento dedicado a su muerte en un editorial publicado el 8 de marzo de 1897 en el List\u00edn Diario dice:<\/p>\n<p>\u00ab&#8230;La eminente poetisa, que era nuestro orgullo, dominicana ilustre que supo con su fama salvar los l\u00edmites estrechos de la Patria para espaciarse en m\u00e1s amplios horizontes, ha ca\u00eddo en el abismo insondable de la muerte (&#8230;) triste, muy triste es el dolor que en torno a esta tumba nos re\u00fane\u00bb. (Fragmento).<\/p>\n<p><strong>Su hija Camila Henr\u00edquez en un homenaje que se realiz\u00f3 en su honor,  y a su  memoria dijo: \u00abAs\u00ed la obra de Salom\u00e9 Ure\u00f1a en pro de la elevaci\u00f3n del nivel cultural y social de la mujer;<\/strong> labor que hoy puede considerarse feminista., aunque ella jam\u00e1s usara esa expresi\u00f3n se enlaza en uni\u00f3n perfecta con su prop\u00f3sito de servir a la Patria y al mundo (&#8230;) el esp\u00edritu de Salom\u00e9 Ure\u00f1a fue rico en virtudes de entusiasmo, las virtudes ardientes de la fe, la esperanza y el amor\u00bb. (Rodr\u00edguez Demorizi, Emilio. Salom\u00e9 y el Instituto de Se\u00f1oritas, p\u00e1gina 405). <\/p>\n<p>Invito a los maestros a emular su ejemplo. Y a estudiar su obra educativa y literaria.<\/p>\n<p>Ella es un norte en la c\u00e1lida gesta magisterial que nos compete hoy d\u00eda, sobre todo en momentos de pandemia. <\/p>\n<p>Loor a Salom\u00e9. Record\u00e9mosle,  Honremos su memoria y apreciemos su legado. <\/p>\n<\/p>\n<p><strong>De la autora<\/strong><\/p>\n<p><strong>Eleanor Grimaldi, es Educadora y escritora. <\/strong><\/p>\n<h6> 2020-10-21 12:44:39 <\/h6>\n<p><!--\n<link rel=\"stylesheet\" href=\"css\/bootstrap.min.css\">\n\n\n<ul class=\"pagination\">\n\t    \n\t\n\n<li >\n\t<a href='?page_no=127'>Previous<\/a>\n\t<\/li>\n\n\n       \n    \n\n<li><a href='?page_no=1'>1<\/a><\/li>\n\n\n\n<li><a href='?page_no=2'>2<\/a><\/li>\n\n\n\n<li><a>...<\/a><\/li>\n\n\n\n<li><a href='?page_no=126'>126<\/a><\/li>\n\n\n\n<li><a href='?page_no=127'>127<\/a><\/li>\n\n\n\n<li class='active'><a>128<\/a><\/li>\n\n\n\n<li><a href='?page_no=129'>129<\/a><\/li>\n\n\n\n<li><a href='?page_no=130'>130<\/a><\/li>\n\n\n\n<li><a>...<\/a><\/li>\n\n\n\n<li><a href='?page_no=22911'>22911<\/a><\/li>\n\n\n\n<li><a href='?page_no=22912'>22912<\/a><\/li>\n\n    \n\t\n\n<li >\n\t<a href='?page_no=129'>Next<\/a>\n\t<\/li>\n\n\n    \n\n<li><a href='?page_no=22912'>Last &rsaquo;&rsaquo;<\/a><\/li>\n\n<\/ul>\n\n\n--><br \/>\n<\/body><\/p>\n","protected":false},"excerpt":{"rendered":"<p>Octubre: para recordar a Salom\u00e9 Ure\u00f1a. Eleanor Grimaldi. Educadora y escritora. Un 21 de octubre de 1850 naci\u00f3 Salom\u00e9 Ure\u00f1a, una mujer digna, inteligente, maestra y patriota. En la ciudad de Santo Domingo en su \u00e9poca, la sociedad era de pocos habitantes, y una sociedad simple, cuasi rural, de agricultura de auto subsistencia, marginada del [&hellip;]<\/p>\n","protected":false},"author":3,"featured_media":0,"comment_status":"open","ping_status":"open","sticky":false,"template":"","format":"standard","meta":{"footnotes":""},"categories":[21],"tags":[],"class_list":["post-48551","post","type-post","status-publish","format-standard","hentry","category-cultura"],"_links":{"self":[{"href":"https:\/\/diariodominicano.com\/index.php?rest_route=\/wp\/v2\/posts\/48551","targetHints":{"allow":["GET"]}}],"collection":[{"href":"https:\/\/diariodominicano.com\/index.php?rest_route=\/wp\/v2\/posts"}],"about":[{"href":"https:\/\/diariodominicano.com\/index.php?rest_route=\/wp\/v2\/types\/post"}],"author":[{"embeddable":true,"href":"https:\/\/diariodominicano.com\/index.php?rest_route=\/wp\/v2\/users\/3"}],"replies":[{"embeddable":true,"href":"https:\/\/diariodominicano.com\/index.php?rest_route=%2Fwp%2Fv2%2Fcomments&post=48551"}],"version-history":[{"count":0,"href":"https:\/\/diariodominicano.com\/index.php?rest_route=\/wp\/v2\/posts\/48551\/revisions"}],"wp:attachment":[{"href":"https:\/\/diariodominicano.com\/index.php?rest_route=%2Fwp%2Fv2%2Fmedia&parent=48551"}],"wp:term":[{"taxonomy":"category","embeddable":true,"href":"https:\/\/diariodominicano.com\/index.php?rest_route=%2Fwp%2Fv2%2Fcategories&post=48551"},{"taxonomy":"post_tag","embeddable":true,"href":"https:\/\/diariodominicano.com\/index.php?rest_route=%2Fwp%2Fv2%2Ftags&post=48551"}],"curies":[{"name":"wp","href":"https:\/\/api.w.org\/{rel}","templated":true}]}}