{"id":48540,"date":"2020-10-21T13:29:04","date_gmt":"2020-10-21T13:29:04","guid":{"rendered":"http:\/\/diariodominicano.ddns.net\/?p=48540"},"modified":"2020-10-21T13:29:04","modified_gmt":"2020-10-21T13:29:04","slug":"mescyt-y-firma-ebsco-international-suscriben-acuerdo-a-favor-de-mas-de-600000-estudiantes-y-docentes-universitarios","status":"publish","type":"post","link":"https:\/\/diariodominicano.com\/?p=48540","title":{"rendered":"MESCYT y firma Ebsco International suscriben acuerdo a favor de m\u00e1s de 600,000 estudiantes y docentes universitarios"},"content":{"rendered":"<p><body><\/p>\n<p><img decoding=\"async\" src=\"img3\/MescytGarciaF21-10-20.jpg\" \/>  <\/p>\n<p>diariodominicano.com<\/p>\n<\/p>\n<p><span class=\"text1noticias\"> Santo Domingo, R. D., 21 de octubre, 2020.- El Ministerio de Educaci\u00f3n Superior, Ciencia y Tecnolog\u00eda (MESCYT) y la firma Ebsco International Inc. suscribieron este mi\u00e9rcoles un acuerdo que contempla el otorgamiento de servicio de acceso a bases de datos bibliogr\u00e1ficos, cient\u00edficos, tecnol\u00f3gicos y  human\u00edstico, para el fortalecimiento de la docencia y la investigaci\u00f3n de la educaci\u00f3n superior dominicana.<\/span><\/p>\n<p><span class=\"text1noticias\"> <\/span><\/p>\n<p><span class=\"text1noticias\">El convenio fue firmado por el Ministro del MESCYT, doctor Franklin Garc\u00eda Ferm\u00edn, y el representante de Ebsco International Inc., Omar Arturo Saavedra Luja, durante una ceremonia realizada en el Sal\u00f3n de Conferencias del \u00f3rgano regulador del sistema de educaci\u00f3n superior del pa\u00eds.<\/span><\/p>\n<p><span class=\"text1noticias\"> <\/span><\/p>\n<p><span class=\"text1noticias\">Garc\u00eda Ferm\u00edn explic\u00f3 que la implementaci\u00f3n del proyecto permitir\u00e1 a la comunidad universitaria el acceso en l\u00ednea, desde cualquier lugar del mundo, a m\u00e1s de un mill\u00f3n de documentos en espa\u00f1ol, ingl\u00e9s, franc\u00e9s, alem\u00e1n, portugu\u00e9s, entre otros, de car\u00e1cter acad\u00e9mico y de las mejores herramientas para garantizar su localizaci\u00f3n y disponibilidad.<\/span><\/p>\n<p><span class=\"text1noticias\"> <\/span><\/p>\n<p><span class=\"text1noticias\">\u00abEsto es un hito en la historia de la educaci\u00f3n superior de la Rep\u00fablica Dominicana y, por eso, el Ministerio de Educaci\u00f3n Superior le ha dado su apoyo total, financiero, moral, en todo el sentido m\u00e1s amplio de la palabra\u00bb, agreg\u00f3, tras destacar que el pa\u00eds tendr\u00e1 la biblioteca virtual m\u00e1s grande.<\/span><\/p>\n<p><span class=\"text1noticias\"> <\/span><\/p>\n<p><span class=\"text1noticias\">El funcionario proclam\u00f3 que la virtualidad no puede dar marcha atr\u00e1s porque la pandemia del Covid-19 ha obligado a entrar en un 100% en esa modalidad y en todas las asignaturas que imparten las universidades deben utilizarse la herramienta tecnol\u00f3gica.<\/span><\/p>\n<p><span class=\"text1noticias\"> <\/span><\/p>\n<p><span class=\"text1noticias\">Agrega que el proyecto tiene un alcance nacional y por su car\u00e1cter de servicio de informaci\u00f3n prestado a trav\u00e9s de una plataforma virtual, podr\u00e1 implementarse en el conjunto total de las instituciones de educaci\u00f3n superior (IES), para una poblaci\u00f3n estudiantil aproximada de 600 mil personas, a docentes del nivel superior e investigadores.<\/span><\/p>\n<p><span class=\"text1noticias\"> <\/span><\/p>\n<p><span class=\"text1noticias\">En adici\u00f3n, este proyecto facilitar\u00e1 la cooperaci\u00f3n inter-bibliotecaria acrecentando el flujo de informaci\u00f3n a trav\u00e9s de los cat\u00e1logos en l\u00ednea (OPAC) de cada una de las bibliotecas participantes, los cuales ser\u00e1n parte constitutiva de este Portal Web Dominicano de Informaci\u00f3n Cient\u00edfica, Tecnol\u00f3gica y Human\u00edstica.<\/span><\/p>\n<p><span class=\"text1noticias\"> <\/span><\/p>\n<p><span class=\"text1noticias\">El funcionario expuso que tiene como objetivo poner a disposici\u00f3n de la comunidad acad\u00e9mica de educaci\u00f3n superior de Rep\u00fablica Dominicana las ventajas de disponer de un sistema en red de acceso a informaci\u00f3n cient\u00edfica, tecnol\u00f3gica y human\u00edstica de primer orden, respaldado por hardware, software, bases de datos y procedimientos.<\/span><\/p>\n<p><span class=\"text1noticias\"> <\/span><\/p>\n<p><span class=\"text1noticias\">Asimismo, persigue el acceso universal de la comunidad acad\u00e9mica dominicana a literatura cient\u00edfica de calidad, con sentido de oportunidad, pertinencia y relevancia, as\u00ed como la incorporaci\u00f3n de las innovaciones en materia de TIC a los servicios de acceso y disponibilidad de informaci\u00f3n cient\u00edfica.<\/span><\/p>\n<p><span class=\"text1noticias\"> <\/span><\/p>\n<p><span class=\"text1noticias\">De igual modo, la promoci\u00f3n de la cooperaci\u00f3n inter-bibliotecaria como v\u00eda para respaldar la sostenibilidad del sistema de acceso a informaci\u00f3n cient\u00edfica y adoptar el uso de informaci\u00f3n cient\u00edfica como factor coadyuvante a la calidad de la educaci\u00f3n superior y a nuevas estrategias de ense\u00f1anza aprendizaje.<\/span><\/p>\n<p><span class=\"text1noticias\"> <\/span><\/p>\n<p><span class=\"text1noticias\">De su lado, Saavedra Luja destac\u00f3 el impacto que tendr\u00e1 para todo el pa\u00eds y que la empresa se esmerar\u00e1 en cubrir todas las necesidades de la educaci\u00f3n superior.<\/span><\/p>\n<p><span class=\"text1noticias\"> <\/span><\/p>\n<p><span class=\"text1noticias\">En el acto estuvieron presentes los viceministros del MESCYT, Carmen Evarista Mat\u00edas, Juan Francisco Viloria, Jos\u00e9 Cancel, Genaro Rodr\u00edguez, as\u00ed como el asesor especial Julio Altagracia; el director de Fomento y Difusi\u00f3n, Andr\u00e9s Merejo; el presidente de a la Asociaci\u00f3n Dominicana de Rectores de Universidades (ADRU) y rector de la Pontificia Universidad Cat\u00f3lica Madre y Maestra (PUCMM), Alfredo de la Cruz Baldera; el director ejecutivo de la entidad, Lorenzo Cuevas; el presidente de la Asociaci\u00f3n Dominicana de Universidades (ADOU), Jos\u00e9 Alejandro Aybar; las integrantes de la Asociaci\u00f3n de Bibliotecas Universitarias Dominicanas, Elsi Jim\u00e9nez y Giovanna Riggio; y el vicerrector de la Universidad Federico Henr\u00edquez y Carvajal (UFHEC), Darwin Mu\u00f1oz.<\/span><\/p>\n<p><span class=\"text1noticias\"> <\/span><\/p>\n<p><span class=\"text1noticias\">Fuente: Federico Mendez Nova <\/span><\/p>\n<p><span class=\"text1noticias\">Ministerio de Educaci\u00f3n Superior, Ciencia y Tecnolog\u00eda (MESCYT) <\/span><\/p>\n<p><span class=\"text1noticias\"> PIE DE FOTO: <\/span><\/p>\n<p><span class=\"text1noticias\">1.- El ministro del MESCYT, Franklin Garc\u00eda Ferm\u00edn, y el el representante de Ebsco International Inc., Omar Arturo Saavedra Luja,<\/span> firmaron el acuerdo.<\/p>\n<h6> 2020-10-21 13:29:04 <\/h6>\n<p><!--\n<link rel=\"stylesheet\" href=\"css\/bootstrap.min.css\">\n\n\n<ul class=\"pagination\">\n\t    \n\t\n\n<li >\n\t<a href='?page_no=126'>Previous<\/a>\n\t<\/li>\n\n\n       \n    \n\n<li><a href='?page_no=1'>1<\/a><\/li>\n\n\n\n<li><a href='?page_no=2'>2<\/a><\/li>\n\n\n\n<li><a>...<\/a><\/li>\n\n\n\n<li><a href='?page_no=125'>125<\/a><\/li>\n\n\n\n<li><a href='?page_no=126'>126<\/a><\/li>\n\n\n\n<li class='active'><a>127<\/a><\/li>\n\n\n\n<li><a href='?page_no=128'>128<\/a><\/li>\n\n\n\n<li><a href='?page_no=129'>129<\/a><\/li>\n\n\n\n<li><a>...<\/a><\/li>\n\n\n\n<li><a href='?page_no=22911'>22911<\/a><\/li>\n\n\n\n<li><a href='?page_no=22912'>22912<\/a><\/li>\n\n    \n\t\n\n<li >\n\t<a href='?page_no=128'>Next<\/a>\n\t<\/li>\n\n\n    \n\n<li><a href='?page_no=22912'>Last &rsaquo;&rsaquo;<\/a><\/li>\n\n<\/ul>\n\n\n--><br \/>\n<\/body><\/p>\n","protected":false},"excerpt":{"rendered":"<p>diariodominicano.com Santo Domingo, R. D., 21 de octubre, 2020.- El Ministerio de Educaci\u00f3n Superior, Ciencia y Tecnolog\u00eda (MESCYT) y la firma Ebsco International Inc. suscribieron este mi\u00e9rcoles un acuerdo que contempla el otorgamiento de servicio de acceso a bases de datos bibliogr\u00e1ficos, cient\u00edficos, tecnol\u00f3gicos y human\u00edstico, para el fortalecimiento de la docencia y la investigaci\u00f3n [&hellip;]<\/p>\n","protected":false},"author":3,"featured_media":0,"comment_status":"open","ping_status":"open","sticky":false,"template":"","format":"standard","meta":{"footnotes":""},"categories":[21],"tags":[],"class_list":["post-48540","post","type-post","status-publish","format-standard","hentry","category-cultura"],"_links":{"self":[{"href":"https:\/\/diariodominicano.com\/index.php?rest_route=\/wp\/v2\/posts\/48540","targetHints":{"allow":["GET"]}}],"collection":[{"href":"https:\/\/diariodominicano.com\/index.php?rest_route=\/wp\/v2\/posts"}],"about":[{"href":"https:\/\/diariodominicano.com\/index.php?rest_route=\/wp\/v2\/types\/post"}],"author":[{"embeddable":true,"href":"https:\/\/diariodominicano.com\/index.php?rest_route=\/wp\/v2\/users\/3"}],"replies":[{"embeddable":true,"href":"https:\/\/diariodominicano.com\/index.php?rest_route=%2Fwp%2Fv2%2Fcomments&post=48540"}],"version-history":[{"count":0,"href":"https:\/\/diariodominicano.com\/index.php?rest_route=\/wp\/v2\/posts\/48540\/revisions"}],"wp:attachment":[{"href":"https:\/\/diariodominicano.com\/index.php?rest_route=%2Fwp%2Fv2%2Fmedia&parent=48540"}],"wp:term":[{"taxonomy":"category","embeddable":true,"href":"https:\/\/diariodominicano.com\/index.php?rest_route=%2Fwp%2Fv2%2Fcategories&post=48540"},{"taxonomy":"post_tag","embeddable":true,"href":"https:\/\/diariodominicano.com\/index.php?rest_route=%2Fwp%2Fv2%2Ftags&post=48540"}],"curies":[{"name":"wp","href":"https:\/\/api.w.org\/{rel}","templated":true}]}}