{"id":485395,"date":"2023-11-01T21:16:53","date_gmt":"2023-11-02T01:16:53","guid":{"rendered":"http:\/\/diariodominicano.com\/?p=485395"},"modified":"2023-11-01T21:16:53","modified_gmt":"2023-11-02T01:16:53","slug":"american-airlines-alcanzara-record-en-operaciones-internacionales-para-esta-temporada-de-invierno-incluyendo-rd","status":"publish","type":"post","link":"https:\/\/diariodominicano.com\/?p=485395","title":{"rendered":"American Airlines alcanzar\u00e1 record en operaciones internacionales para esta temporada de invierno, incluyendo RD"},"content":{"rendered":"\n<p>&nbsp;&nbsp;&nbsp;&nbsp;<em>La aerol\u00ednea operar\u00e1 m\u00e1s de 400 vuelos en d\u00edas pico a 117 destinos internacionales.<\/em><\/p>\n\n\n\n<p>\u2022&nbsp;&nbsp;&nbsp;&nbsp;&nbsp;&nbsp;&nbsp;<em>Los nuevos destinos internacionales que se lanzar\u00e1n este invierno incluyen Governor&#8217;s Harbour, Bahamas; Tijuana, M\u00e9xico y Ocho R\u00edos, Jamaica.<\/em><\/p>\n\n\n\n<p>\u2022&nbsp;&nbsp;&nbsp;&nbsp;&nbsp;&nbsp;&nbsp;<em>Las reanudaciones de temporada incluyen Auckland, Nueva Zelanda y Montevideo, Uruguay.<\/em><\/p>\n\n\n\n<p>\u2022&nbsp;&nbsp;&nbsp;&nbsp;&nbsp;&nbsp;&nbsp;<em>La operaci\u00f3n internacional ser\u00e1 un 13% mayor que el invierno 2022-2023.<\/em><\/p>\n\n\n\n<p>\u2022&nbsp;&nbsp;&nbsp;&nbsp;&nbsp;&nbsp;&nbsp;<em>American incrementar\u00e1 su operaci\u00f3n para la temporada vacacional de invierno, operando hasta 157 vuelos semanales a Rep\u00fablica Dominicana, y aumentar\u00e1 su capacidad de asientos en un 26% respecto al mismo periodo de 2022-2023.<\/em><em><\/em><\/p>\n\n\n\n<figure class=\"wp-block-image size-full\"><img loading=\"lazy\" decoding=\"async\" width=\"640\" height=\"480\" src=\"https:\/\/diariodominicano.com\/wp-content\/uploads\/2023\/11\/Aircraft-Exterior-AA-737-Livery-LeftSide.jpg\" alt=\"\" class=\"wp-image-485400\" srcset=\"https:\/\/diariodominicano.com\/wp-content\/uploads\/2023\/11\/Aircraft-Exterior-AA-737-Livery-LeftSide.jpg 640w, https:\/\/diariodominicano.com\/wp-content\/uploads\/2023\/11\/Aircraft-Exterior-AA-737-Livery-LeftSide-300x225.jpg 300w\" sizes=\"auto, (max-width: 640px) 100vw, 640px\" \/><figcaption>Aircraft, Aircrafts, American Airlines, plane, planes, Livery, Exterior<\/figcaption><\/figure>\n\n\n\n<p>Esta temporada de invierno, que abarca desde el 29 de octubre 2023 hasta el 30 de marzo 2024, American Airlines est\u00e1 llevando a cabo una operaci\u00f3n internacional r\u00e9cord, que incluye m\u00e1s de 400 vuelos en d\u00edas pico a 117 destinos. Para el invierno de 2023, American ofrecer\u00e1 un 13% m\u00e1s de asientos a nivel internacional que el a\u00f1o anterior.<\/p>\n\n\n\n<p>\u00abEstamos orgullosos de seguir haciendo crecer nuestra red internacional agregando a\u00fan m\u00e1s vuelos este invierno a muchos de los destinos favoritos de nuestros clientes en todo el mundo, como Auckland, Canc\u00fan y Roma, por nombrar algunos\u00bb, dijo&nbsp;<strong>Jos\u00e9 A. Freig, director general de American. Vicepresidente de Operaciones Internacionales<\/strong>. \u00abTambi\u00e9n esperamos con \u00e1nimo nuestros nuevos y emocionantes vuelos en Latinoam\u00e9rica y el Caribe, posicionando a\u00fan m\u00e1s a American como la aerol\u00ednea estadounidense m\u00e1s grande en la regi\u00f3n\u00bb.<\/p>\n\n\n\n<p>Los nuevos destinos internacionales que se lanzar\u00e1n este invierno incluyen Governor&#8217;s Harbour, Bahamas (GHB), a partir del 3 de febrero; Tijuana, M\u00e9xico (TIJ), a partir del 15 de febrero; y Ocho R\u00edos, Jamaica (OCJ), a partir del 24 de febrero.<\/p>\n\n\n\n<p>El servicio de temporada a Auckland, Nueva Zelanda (AKL) se reanud\u00f3 el 26 de octubre y a Montevideo, Uruguay (MVD) el 29 de octubre. Adem\u00e1s, a partir de principios de diciembre, American ampliar\u00e1 el servicio a la Rep\u00fablica Dominicana, incluyendo la operaci\u00f3n de m\u00e1s de 85 vuelos semanales a Punta Cana (PUJ).<\/p>\n\n\n\n<figure class=\"wp-block-table is-style-regular\"><table><tbody><tr><td><strong>Destino<\/strong><strong><\/strong><\/td><td><strong>Servicios<\/strong><\/td><\/tr><tr><td>Punta Cana, Rep\u00fablica Dominicana (PUJ)<\/td><td>La temporada alta de invierno incluir\u00e1 tres vuelos diarios a MIA, cuatro vuelos diarios a CLT, dos vuelos diarios a JFK y un servicio diario a DFW.<\/td><\/tr><tr><td>Puerto Plata, Rep\u00fablica Dominicana (POP)<\/td><td>La temporada alta de invierno incluir\u00e1 dos vuelos diarios a MIA y un servicio diario a CLT.<\/td><\/tr><tr><td>Auckland, Nueva Zelanda (AKL)<\/td><td>El servicio diario de temporada a Dallas\/Fort Worth (DFW) se lanz\u00f3 el 26 de octubre y el servicio diario de regreso a Los \u00c1ngeles (LAX) se lanza el 20 de diciembre.<\/td><\/tr><tr><td>Montevideo, Uruguay (MVD)<\/td><td>El servicio estacional a MIA operar\u00e1 tres veces por semana a partir del 30 de octubre y aumentar\u00e1 a un servicio diario del 21 de diciembre al 8 de enero.<\/td><\/tr><tr><td>Governor\u2019s Harbour, Bahamas (GHB)<\/td><td>Dos veces por semana a MIA a partir del 3 de febrero.<\/td><\/tr><tr><td>Tijuana, Mexico (TIJ)<\/td><td>Servicio diario a Phoenix (PHX) inicia 15 de febrero.<\/td><\/tr><tr><td>Ocho Rios, Jamaica (OCJ)<\/td><td>Dos veces por semana a MIA a partir del 24 de febrero.<\/td><\/tr><\/tbody><\/table><\/figure>\n\n\n\n<p>\u00abAmerican tiene un compromiso de 48 a\u00f1os con la Rep\u00fablica Dominicana y estamos encantados de fortalecer nuestras operaciones justo a tiempo para las vacaciones de invierno\u00bb, dijo&nbsp;<strong>Jos\u00e9 Mar\u00eda Giraldo, director general de Operaciones para M\u00e9xico, Centroam\u00e9rica y el Caribe<\/strong>. \u00abNuestros vuelos estacionales regresar\u00e1n a\u00fan m\u00e1s fuertes en 2023 con m\u00e1s frecuencias a destinos en el pa\u00eds, incluidos Punta Cana y Puerto Plata, ofreciendo a los clientes una conectividad s\u00f3lida para viajar a la Rep\u00fablica Dominicana\u00bb.<\/p>\n\n\n\n<p><strong>Un calendario r\u00e9cord para el invierno<\/strong><\/p>\n\n\n\n<p>Adem\u00e1s de alcanzar un hito para todas sus operaciones internacionales este invierno, incluido un crecimiento r\u00e9cord del 10% para Am\u00e9rica Latina y el Caribe y del 28% para Europa, American operar\u00e1 un calendario r\u00e9cord en varios destinos internacionales, incluyendo Canc\u00fan, M\u00e9xico&nbsp;(CUN), Auckland, Nueva Zelanda (AKL) y Roma, Italia (FCO).<\/p>\n\n\n\n<p>En Canc\u00fan, por ejemplo, American operar\u00e1 hasta 40 vuelos diarios a 18 destinos en los EE. UU., incluidos nuevos vuelos de temporada a Pittsburgh (PIT), Nashville (BNA) y Cincinnati (CVG).&nbsp;Esto representar\u00e1 un crecimiento del 6,4% respecto al a\u00f1o anterior.<\/p>\n\n\n\n<p>En Auckland, American operar\u00e1 con un 51% m\u00e1s de capacidad que el a\u00f1o anterior, y la aerol\u00ednea operar\u00e1 esta ruta de temporada desde Dallas\/Fort Worth (DFW) y Los \u00c1ngeles (LAX).<\/p>\n\n\n\n<p>Adem\u00e1s, en Roma (FCO), American ofrecer\u00e1 un 119% de capacidad adicional, con servicio ampliado desde DFW y servicio todo el a\u00f1o desde Filadelfia (PHL).<\/p>\n\n\n\n<p>Otros mercados internacionales destacados para el invierno 2023-2024:<\/p>\n\n\n\n<p>\u00b7&nbsp;&nbsp;&nbsp;&nbsp;&nbsp;&nbsp;&nbsp;&nbsp;&nbsp;<strong>Argentina:<\/strong>&nbsp;American operar\u00e1 un 21% de capacidad adicional en Buenos Aires (EZE) respecto al a\u00f1o anterior, con una operaci\u00f3n que incluye hasta tres vuelos diarios a Miami (MIA) y 10 vuelos semanales a Nueva York (JFK), junto con un vuelo diario a Dallas\/Fort Worth (DFW).<\/p>\n\n\n\n<p>\u00b7&nbsp;&nbsp;&nbsp;&nbsp;&nbsp;&nbsp;&nbsp;&nbsp;&nbsp;<strong>Bahamas<\/strong>: American contin\u00faa fortaleciendo el servicio entre los EE. UU. y las Bahamas con nuevos vuelos a Governor&#8217;s Harbor (GHB) y una mayor operaci\u00f3n en todo el pa\u00eds.&nbsp;American volar\u00e1 20 vuelos en los d\u00edas pico, desde seis destinos en los EE. UU.<\/p>\n\n\n\n<p><s>\u00b7&nbsp;&nbsp;&nbsp;&nbsp;&nbsp;&nbsp;&nbsp;&nbsp;&nbsp;<\/s><strong>Brasil:<\/strong>&nbsp;American operar\u00e1 un 28% m\u00e1s de capacidad en R\u00edo de Janeiro (GIG), volando hasta 13 vuelos semanales a JFK y MIA.&nbsp;Adem\u00e1s, la aerol\u00ednea planea operar hasta cinco vuelos diarios desde Sao Paulo (GRU) a MIA, DFW y JFK.<s><\/s><\/p>\n\n\n\n<p>\u00b7&nbsp;&nbsp;&nbsp;&nbsp;&nbsp;&nbsp;&nbsp;&nbsp;&nbsp;<strong>Costa Rica:<\/strong>&nbsp;Durante la temporada alta de invierno, American aumentar\u00e1 sus operaciones en San Jos\u00e9 (SJO) y Liberia (LIR), operando hasta 13 vuelos diarios y representando un aumento de capacidad de asientos del 18%.<\/p>\n\n\n\n<p>\u00b7&nbsp;&nbsp;&nbsp;&nbsp;&nbsp;&nbsp;&nbsp;&nbsp;&nbsp;<strong>Espa\u00f1a:<\/strong>&nbsp;American operar\u00e1 hasta ocho vuelos diarios en horas pico desde Barcelona (BCN) a MIA, JFK y PHL en febrero; as\u00ed como desde Madrid (MAD) a DFW, JFK, MIA, PHL y CLT, marcando un 37% m\u00e1s de capacidad que el a\u00f1o anterior.<\/p>\n\n\n\n<p>\u00b7&nbsp;&nbsp;&nbsp;&nbsp;&nbsp;&nbsp;&nbsp;&nbsp;&nbsp;<strong>Irlanda:<\/strong>&nbsp;American ofrecer\u00e1 un 144% m\u00e1s de asientos en Dubl\u00edn (DUB), con un servicio ampliado durante todo el a\u00f1o desde DFW y un reinicio estacional m\u00e1s temprano de vuelos a Charlotte (CLT) junto con el servicio existente a Filadelfia (PHL).<\/p>\n\n\n\n<p><strong>Acerca de American&nbsp;Airlines&nbsp;Group<\/strong><\/p>\n\n\n\n<p>El prop\u00f3sito de American es cuidar a las personas en el viaje de la vida\u00ae. Las acciones de American Airlines Group Inc. cotizan en Nasdaq bajo el s\u00edmbolo AAL y las acciones de la compa\u00f1\u00eda est\u00e1n incluidas en el S&amp;P 500. Obtenga m\u00e1s informaci\u00f3n sobre lo que est\u00e1 sucediendo en American visitando&nbsp;<a rel=\"noreferrer noopener\" href=\"http:\/\/news.aa.com\/\" target=\"_blank\">news.aa.com<\/a>&nbsp;y con\u00e9ctese con American&nbsp;en&nbsp;Twitter @AmericanAir&nbsp;y en&nbsp;Facebook.com\/AmericanAirlines <\/p>\n","protected":false},"excerpt":{"rendered":"<p>&nbsp;&nbsp;&nbsp;&nbsp;La aerol\u00ednea operar\u00e1 m\u00e1s de 400 vuelos en d\u00edas pico a 117 destinos internacionales. \u2022&nbsp;&nbsp;&nbsp;&nbsp;&nbsp;&nbsp;&nbsp;Los nuevos destinos internacionales que se lanzar\u00e1n este invierno incluyen Governor&#8217;s Harbour, Bahamas; Tijuana, M\u00e9xico y Ocho R\u00edos, Jamaica. \u2022&nbsp;&nbsp;&nbsp;&nbsp;&nbsp;&nbsp;&nbsp;Las reanudaciones de temporada incluyen Auckland, Nueva Zelanda y Montevideo, Uruguay. \u2022&nbsp;&nbsp;&nbsp;&nbsp;&nbsp;&nbsp;&nbsp;La operaci\u00f3n internacional ser\u00e1 un 13% mayor que el invierno 2022-2023. [&hellip;]<\/p>\n","protected":false},"author":7,"featured_media":485401,"comment_status":"closed","ping_status":"","sticky":true,"template":"","format":"standard","meta":{"footnotes":""},"categories":[27,32],"tags":[],"class_list":["post-485395","post","type-post","status-publish","format-standard","has-post-thumbnail","hentry","category-portada","category-turismo"],"_links":{"self":[{"href":"https:\/\/diariodominicano.com\/index.php?rest_route=\/wp\/v2\/posts\/485395","targetHints":{"allow":["GET"]}}],"collection":[{"href":"https:\/\/diariodominicano.com\/index.php?rest_route=\/wp\/v2\/posts"}],"about":[{"href":"https:\/\/diariodominicano.com\/index.php?rest_route=\/wp\/v2\/types\/post"}],"author":[{"embeddable":true,"href":"https:\/\/diariodominicano.com\/index.php?rest_route=\/wp\/v2\/users\/7"}],"replies":[{"embeddable":true,"href":"https:\/\/diariodominicano.com\/index.php?rest_route=%2Fwp%2Fv2%2Fcomments&post=485395"}],"version-history":[{"count":2,"href":"https:\/\/diariodominicano.com\/index.php?rest_route=\/wp\/v2\/posts\/485395\/revisions"}],"predecessor-version":[{"id":485410,"href":"https:\/\/diariodominicano.com\/index.php?rest_route=\/wp\/v2\/posts\/485395\/revisions\/485410"}],"wp:featuredmedia":[{"embeddable":true,"href":"https:\/\/diariodominicano.com\/index.php?rest_route=\/wp\/v2\/media\/485401"}],"wp:attachment":[{"href":"https:\/\/diariodominicano.com\/index.php?rest_route=%2Fwp%2Fv2%2Fmedia&parent=485395"}],"wp:term":[{"taxonomy":"category","embeddable":true,"href":"https:\/\/diariodominicano.com\/index.php?rest_route=%2Fwp%2Fv2%2Fcategories&post=485395"},{"taxonomy":"post_tag","embeddable":true,"href":"https:\/\/diariodominicano.com\/index.php?rest_route=%2Fwp%2Fv2%2Ftags&post=485395"}],"curies":[{"name":"wp","href":"https:\/\/api.w.org\/{rel}","templated":true}]}}