{"id":485363,"date":"2023-11-01T16:02:20","date_gmt":"2023-11-01T20:02:20","guid":{"rendered":"https:\/\/diariodominicano.com\/?p=485363"},"modified":"2023-11-01T16:02:20","modified_gmt":"2023-11-01T20:02:20","slug":"unidad-temporal-antipandillas-de-haiti-informa-mueren-miembros-de-bandas-armadas","status":"publish","type":"post","link":"https:\/\/diariodominicano.com\/?p=485363","title":{"rendered":"Unidad Temporal Antipandillas de Hait\u00ed informa mueren miembros de bandas armadas"},"content":{"rendered":"\n<p>diariodominicano.com<\/p>\n\n\n\n<p>Puerto Pr\u00edncipe, 1 nov (Prensa Latina) La Polic\u00eda de Hait\u00ed abati\u00f3 a varios miembros activos de pandillas en Liancourt y Savien durante la \u00faltima semana, inform\u00f3 hoy la instituci\u00f3n.<\/p>\n\n\n\n<p>Seg\u00fan el comunicado de la instancia, el pasado jueves un individuo conocido como Gros N\u00e8gre muri\u00f3 en un intercambio de disparos con agentes de la Unidad Temporal Antipandillas (UTAG) en la comuna de Liancourt.<\/p>\n\n\n\n<p>Varios de sus compa\u00f1eros tambi\u00e9n resultaron heridos en la operaci\u00f3n que sorprendi\u00f3 a los perpetradores mientras saqueaban propiedades privadas de la zona.<\/p>\n\n\n\n<p>Tambi\u00e9n Rat, integrante activo de la banda de Gran Grif que opera en Savien, fue abatido el 24 de octubre durante operaciones policiales conjuntas con el destacamento de la UTAG en el departamento de Artibonite.<\/p>\n\n\n\n<p>La Polic\u00eda anunci\u00f3, asimismo, el deceso del jefe de la banda Ti Grif el pasado s\u00e1bado en un intercambio de disparos con los agentes del orden p\u00fablico.<\/p>\n\n\n\n<p>Las operaciones del cuerpo policial se intensificaron a medida que aumentan las acciones de las bandas armadas para controlar vastas zonas de esta capital y otros departamentos como Artibonite y Nordeste.<\/p>\n\n\n\n<p>Sin embargo, el alto mando de la instituci\u00f3n admiti\u00f3 que carecen de los recursos necesarios para hacer frente a las pandillas cada vez m\u00e1s numerosas y mejor equipadas.<\/p>\n\n\n\n<p>mgt\/ane<\/p>\n","protected":false},"excerpt":{"rendered":"<p>diariodominicano.com Puerto Pr\u00edncipe, 1 nov (Prensa Latina) La Polic\u00eda de Hait\u00ed abati\u00f3 a varios miembros activos de pandillas en Liancourt y Savien durante la \u00faltima semana, inform\u00f3 hoy la instituci\u00f3n. Seg\u00fan el comunicado de la instancia, el pasado jueves un individuo conocido como Gros N\u00e8gre muri\u00f3 en un intercambio de disparos con agentes de la [&hellip;]<\/p>\n","protected":false},"author":5,"featured_media":485365,"comment_status":"closed","ping_status":"","sticky":true,"template":"","format":"standard","meta":{"footnotes":""},"categories":[112,23,27],"tags":[],"class_list":["post-485363","post","type-post","status-publish","format-standard","has-post-thumbnail","hentry","category-haiti","category-internacional","category-portada"],"_links":{"self":[{"href":"https:\/\/diariodominicano.com\/index.php?rest_route=\/wp\/v2\/posts\/485363","targetHints":{"allow":["GET"]}}],"collection":[{"href":"https:\/\/diariodominicano.com\/index.php?rest_route=\/wp\/v2\/posts"}],"about":[{"href":"https:\/\/diariodominicano.com\/index.php?rest_route=\/wp\/v2\/types\/post"}],"author":[{"embeddable":true,"href":"https:\/\/diariodominicano.com\/index.php?rest_route=\/wp\/v2\/users\/5"}],"replies":[{"embeddable":true,"href":"https:\/\/diariodominicano.com\/index.php?rest_route=%2Fwp%2Fv2%2Fcomments&post=485363"}],"version-history":[{"count":1,"href":"https:\/\/diariodominicano.com\/index.php?rest_route=\/wp\/v2\/posts\/485363\/revisions"}],"predecessor-version":[{"id":485366,"href":"https:\/\/diariodominicano.com\/index.php?rest_route=\/wp\/v2\/posts\/485363\/revisions\/485366"}],"wp:featuredmedia":[{"embeddable":true,"href":"https:\/\/diariodominicano.com\/index.php?rest_route=\/wp\/v2\/media\/485365"}],"wp:attachment":[{"href":"https:\/\/diariodominicano.com\/index.php?rest_route=%2Fwp%2Fv2%2Fmedia&parent=485363"}],"wp:term":[{"taxonomy":"category","embeddable":true,"href":"https:\/\/diariodominicano.com\/index.php?rest_route=%2Fwp%2Fv2%2Fcategories&post=485363"},{"taxonomy":"post_tag","embeddable":true,"href":"https:\/\/diariodominicano.com\/index.php?rest_route=%2Fwp%2Fv2%2Ftags&post=485363"}],"curies":[{"name":"wp","href":"https:\/\/api.w.org\/{rel}","templated":true}]}}