{"id":485337,"date":"2023-11-01T15:11:24","date_gmt":"2023-11-01T19:11:24","guid":{"rendered":"http:\/\/diariodominicano.com\/?p=485337"},"modified":"2023-11-01T15:11:24","modified_gmt":"2023-11-01T19:11:24","slug":"grupo-puntacana-celebra-54-anos-de-legado-empresarial-transformando-suenos-en-realidades-sostenibles-2","status":"publish","type":"post","link":"https:\/\/diariodominicano.com\/?p=485337","title":{"rendered":"Grupo Puntacana celebra 54 a\u00f1os de legado empresarial transformando sue\u00f1os en realidades sostenibles"},"content":{"rendered":"\n<p><strong>Se mantiene desarrollando nuevas estrategias de diversificaci\u00f3n, innovaci\u00f3n y expansi\u00f3n que impactan en la creaci\u00f3n de empleos y en la movilizaci\u00f3n econ\u00f3mica del pa\u00eds <\/strong><\/p>\n\n\n\n<p><strong>Punta Cana, La Altagracia. &#8211; (1ro noviembre, 2023)&nbsp;<\/strong>Grupo Puntacana celebra 54 a\u00f1os de legado empresarial con miras a nuevos proyectos de inversi\u00f3n y apostando a la innovaci\u00f3n, la expansi\u00f3n y la diversificaci\u00f3n para generar un impacto positivo en el desarrollo econ\u00f3mico, social y ambiental del pa\u00eds.<\/p>\n\n\n\n<p>La empresa celebra con&nbsp;orgullo una visi\u00f3n pionera que, a trav\u00e9s del tiempo, se ha forjado con arduo trabajo y pavimentando as\u00ed un para\u00edso que hoy representa Punta Cana, un destino que se ha convertido en el principal polo tur\u00edstico del pa\u00eds, y el m\u00e1s grande del Caribe insular y Centroam\u00e9rica.<\/p>\n\n\n\n<figure class=\"wp-block-gallery columns-3 is-cropped wp-block-gallery-1 is-layout-flex wp-block-gallery-is-layout-flex\"><ul class=\"blocks-gallery-grid\"><li class=\"blocks-gallery-item\"><figure><img loading=\"lazy\" decoding=\"async\" width=\"1024\" height=\"767\" src=\"https:\/\/diariodominicano.com\/wp-content\/uploads\/2023\/11\/Reserva-Ecologica-Ojos-Indigenas-1024x767.jpg\" alt=\"\" data-id=\"485354\" data-full-url=\"https:\/\/diariodominicano.com\/wp-content\/uploads\/2023\/11\/Reserva-Ecologica-Ojos-Indigenas.jpg\" data-link=\"https:\/\/diariodominicano.com\/?attachment_id=485354\" class=\"wp-image-485354\" srcset=\"https:\/\/diariodominicano.com\/wp-content\/uploads\/2023\/11\/Reserva-Ecologica-Ojos-Indigenas-1024x767.jpg 1024w, https:\/\/diariodominicano.com\/wp-content\/uploads\/2023\/11\/Reserva-Ecologica-Ojos-Indigenas-300x225.jpg 300w, https:\/\/diariodominicano.com\/wp-content\/uploads\/2023\/11\/Reserva-Ecologica-Ojos-Indigenas-768x575.jpg 768w, https:\/\/diariodominicano.com\/wp-content\/uploads\/2023\/11\/Reserva-Ecologica-Ojos-Indigenas-816x611.jpg 816w, https:\/\/diariodominicano.com\/wp-content\/uploads\/2023\/11\/Reserva-Ecologica-Ojos-Indigenas.jpg 1080w\" sizes=\"auto, (max-width: 1024px) 100vw, 1024px\" \/><\/figure><\/li><li class=\"blocks-gallery-item\"><figure><img loading=\"lazy\" decoding=\"async\" width=\"1024\" height=\"768\" src=\"https:\/\/diariodominicano.com\/wp-content\/uploads\/2023\/11\/Programa-Restauracion-de-Corales-Fundacion-Grupo-Puntacana-1024x768.jpg\" alt=\"\" data-id=\"485355\" data-full-url=\"https:\/\/diariodominicano.com\/wp-content\/uploads\/2023\/11\/Programa-Restauracion-de-Corales-Fundacion-Grupo-Puntacana.jpg\" data-link=\"https:\/\/diariodominicano.com\/?attachment_id=485355\" class=\"wp-image-485355\" srcset=\"https:\/\/diariodominicano.com\/wp-content\/uploads\/2023\/11\/Programa-Restauracion-de-Corales-Fundacion-Grupo-Puntacana-1024x768.jpg 1024w, https:\/\/diariodominicano.com\/wp-content\/uploads\/2023\/11\/Programa-Restauracion-de-Corales-Fundacion-Grupo-Puntacana-300x225.jpg 300w, https:\/\/diariodominicano.com\/wp-content\/uploads\/2023\/11\/Programa-Restauracion-de-Corales-Fundacion-Grupo-Puntacana-768x576.jpg 768w, https:\/\/diariodominicano.com\/wp-content\/uploads\/2023\/11\/Programa-Restauracion-de-Corales-Fundacion-Grupo-Puntacana-816x612.jpg 816w, https:\/\/diariodominicano.com\/wp-content\/uploads\/2023\/11\/Programa-Restauracion-de-Corales-Fundacion-Grupo-Puntacana.jpg 1080w\" sizes=\"auto, (max-width: 1024px) 100vw, 1024px\" \/><\/figure><\/li><li class=\"blocks-gallery-item\"><figure><img loading=\"lazy\" decoding=\"async\" width=\"1024\" height=\"768\" src=\"https:\/\/diariodominicano.com\/wp-content\/uploads\/2023\/11\/Tortuga-Bay-Property-Overview-1024x768.jpg\" alt=\"\" data-id=\"485353\" data-full-url=\"https:\/\/diariodominicano.com\/wp-content\/uploads\/2023\/11\/Tortuga-Bay-Property-Overview.jpg\" data-link=\"https:\/\/diariodominicano.com\/?attachment_id=485353\" class=\"wp-image-485353\" srcset=\"https:\/\/diariodominicano.com\/wp-content\/uploads\/2023\/11\/Tortuga-Bay-Property-Overview-1024x768.jpg 1024w, https:\/\/diariodominicano.com\/wp-content\/uploads\/2023\/11\/Tortuga-Bay-Property-Overview-300x225.jpg 300w, https:\/\/diariodominicano.com\/wp-content\/uploads\/2023\/11\/Tortuga-Bay-Property-Overview-768x576.jpg 768w, https:\/\/diariodominicano.com\/wp-content\/uploads\/2023\/11\/Tortuga-Bay-Property-Overview-816x612.jpg 816w, https:\/\/diariodominicano.com\/wp-content\/uploads\/2023\/11\/Tortuga-Bay-Property-Overview.jpg 1080w\" sizes=\"auto, (max-width: 1024px) 100vw, 1024px\" \/><\/figure><\/li><li class=\"blocks-gallery-item\"><figure><img loading=\"lazy\" decoding=\"async\" width=\"684\" height=\"1024\" src=\"https:\/\/diariodominicano.com\/wp-content\/uploads\/2023\/11\/Pediatric-Center-ODLR-patients-684x1024.jpg\" alt=\"\" data-id=\"485352\" data-full-url=\"https:\/\/diariodominicano.com\/wp-content\/uploads\/2023\/11\/Pediatric-Center-ODLR-patients-scaled.jpg\" data-link=\"https:\/\/diariodominicano.com\/?attachment_id=485352\" class=\"wp-image-485352\" srcset=\"https:\/\/diariodominicano.com\/wp-content\/uploads\/2023\/11\/Pediatric-Center-ODLR-patients-684x1024.jpg 684w, https:\/\/diariodominicano.com\/wp-content\/uploads\/2023\/11\/Pediatric-Center-ODLR-patients-200x300.jpg 200w, https:\/\/diariodominicano.com\/wp-content\/uploads\/2023\/11\/Pediatric-Center-ODLR-patients-768x1150.jpg 768w, https:\/\/diariodominicano.com\/wp-content\/uploads\/2023\/11\/Pediatric-Center-ODLR-patients-1025x1536.jpg 1025w, https:\/\/diariodominicano.com\/wp-content\/uploads\/2023\/11\/Pediatric-Center-ODLR-patients-1367x2048.jpg 1367w, https:\/\/diariodominicano.com\/wp-content\/uploads\/2023\/11\/Pediatric-Center-ODLR-patients-816x1222.jpg 816w, https:\/\/diariodominicano.com\/wp-content\/uploads\/2023\/11\/Pediatric-Center-ODLR-patients-scaled.jpg 1709w\" sizes=\"auto, (max-width: 684px) 100vw, 684px\" \/><\/figure><\/li><li class=\"blocks-gallery-item\"><figure><img loading=\"lazy\" decoding=\"async\" width=\"1024\" height=\"767\" src=\"https:\/\/diariodominicano.com\/wp-content\/uploads\/2023\/11\/Aeropuerto-Internacional-de-Punta-Cana-Parqueos-Terminal-A-1024x767.jpg\" alt=\"\" data-id=\"485351\" data-full-url=\"https:\/\/diariodominicano.com\/wp-content\/uploads\/2023\/11\/Aeropuerto-Internacional-de-Punta-Cana-Parqueos-Terminal-A.jpg\" data-link=\"https:\/\/diariodominicano.com\/?attachment_id=485351\" class=\"wp-image-485351\" srcset=\"https:\/\/diariodominicano.com\/wp-content\/uploads\/2023\/11\/Aeropuerto-Internacional-de-Punta-Cana-Parqueos-Terminal-A-1024x767.jpg 1024w, https:\/\/diariodominicano.com\/wp-content\/uploads\/2023\/11\/Aeropuerto-Internacional-de-Punta-Cana-Parqueos-Terminal-A-300x225.jpg 300w, https:\/\/diariodominicano.com\/wp-content\/uploads\/2023\/11\/Aeropuerto-Internacional-de-Punta-Cana-Parqueos-Terminal-A-768x575.jpg 768w, https:\/\/diariodominicano.com\/wp-content\/uploads\/2023\/11\/Aeropuerto-Internacional-de-Punta-Cana-Parqueos-Terminal-A-816x611.jpg 816w, https:\/\/diariodominicano.com\/wp-content\/uploads\/2023\/11\/Aeropuerto-Internacional-de-Punta-Cana-Parqueos-Terminal-A.jpg 1080w\" sizes=\"auto, (max-width: 1024px) 100vw, 1024px\" \/><\/figure><\/li><li class=\"blocks-gallery-item\"><figure><img loading=\"lazy\" decoding=\"async\" width=\"1024\" height=\"683\" src=\"https:\/\/diariodominicano.com\/wp-content\/uploads\/2023\/11\/Programa-Agricultura-Sostenible-Fundacion-Grupo-Puntacana-1024x683.jpg\" alt=\"\" data-id=\"485350\" data-full-url=\"https:\/\/diariodominicano.com\/wp-content\/uploads\/2023\/11\/Programa-Agricultura-Sostenible-Fundacion-Grupo-Puntacana.jpg\" data-link=\"https:\/\/diariodominicano.com\/?attachment_id=485350\" class=\"wp-image-485350\" srcset=\"https:\/\/diariodominicano.com\/wp-content\/uploads\/2023\/11\/Programa-Agricultura-Sostenible-Fundacion-Grupo-Puntacana-1024x683.jpg 1024w, https:\/\/diariodominicano.com\/wp-content\/uploads\/2023\/11\/Programa-Agricultura-Sostenible-Fundacion-Grupo-Puntacana-300x200.jpg 300w, https:\/\/diariodominicano.com\/wp-content\/uploads\/2023\/11\/Programa-Agricultura-Sostenible-Fundacion-Grupo-Puntacana-768x512.jpg 768w, https:\/\/diariodominicano.com\/wp-content\/uploads\/2023\/11\/Programa-Agricultura-Sostenible-Fundacion-Grupo-Puntacana-816x544.jpg 816w, https:\/\/diariodominicano.com\/wp-content\/uploads\/2023\/11\/Programa-Agricultura-Sostenible-Fundacion-Grupo-Puntacana.jpg 1500w\" sizes=\"auto, (max-width: 1024px) 100vw, 1024px\" \/><\/figure><\/li><li class=\"blocks-gallery-item\"><figure><img loading=\"lazy\" decoding=\"async\" width=\"1024\" height=\"683\" src=\"https:\/\/diariodominicano.com\/wp-content\/uploads\/2023\/11\/Centro-de-Reciclaje-1024x683.jpg\" alt=\"\" data-id=\"485349\" data-full-url=\"https:\/\/diariodominicano.com\/wp-content\/uploads\/2023\/11\/Centro-de-Reciclaje.jpg\" data-link=\"https:\/\/diariodominicano.com\/?attachment_id=485349\" class=\"wp-image-485349\" srcset=\"https:\/\/diariodominicano.com\/wp-content\/uploads\/2023\/11\/Centro-de-Reciclaje-1024x683.jpg 1024w, https:\/\/diariodominicano.com\/wp-content\/uploads\/2023\/11\/Centro-de-Reciclaje-300x200.jpg 300w, https:\/\/diariodominicano.com\/wp-content\/uploads\/2023\/11\/Centro-de-Reciclaje-768x512.jpg 768w, https:\/\/diariodominicano.com\/wp-content\/uploads\/2023\/11\/Centro-de-Reciclaje-816x544.jpg 816w, https:\/\/diariodominicano.com\/wp-content\/uploads\/2023\/11\/Centro-de-Reciclaje.jpg 1500w\" sizes=\"auto, (max-width: 1024px) 100vw, 1024px\" \/><\/figure><\/li><li class=\"blocks-gallery-item\"><figure><img loading=\"lazy\" decoding=\"async\" width=\"1024\" height=\"575\" src=\"https:\/\/diariodominicano.com\/wp-content\/uploads\/2023\/11\/Oficinas-Corporativas-Grupo-Puntacana-1024x575.jpg\" alt=\"\" data-id=\"485348\" data-full-url=\"https:\/\/diariodominicano.com\/wp-content\/uploads\/2023\/11\/Oficinas-Corporativas-Grupo-Puntacana.jpg\" data-link=\"https:\/\/diariodominicano.com\/?attachment_id=485348\" class=\"wp-image-485348\" srcset=\"https:\/\/diariodominicano.com\/wp-content\/uploads\/2023\/11\/Oficinas-Corporativas-Grupo-Puntacana-1024x575.jpg 1024w, https:\/\/diariodominicano.com\/wp-content\/uploads\/2023\/11\/Oficinas-Corporativas-Grupo-Puntacana-300x168.jpg 300w, https:\/\/diariodominicano.com\/wp-content\/uploads\/2023\/11\/Oficinas-Corporativas-Grupo-Puntacana-768x431.jpg 768w, https:\/\/diariodominicano.com\/wp-content\/uploads\/2023\/11\/Oficinas-Corporativas-Grupo-Puntacana-816x458.jpg 816w, https:\/\/diariodominicano.com\/wp-content\/uploads\/2023\/11\/Oficinas-Corporativas-Grupo-Puntacana.jpg 1500w\" sizes=\"auto, (max-width: 1024px) 100vw, 1024px\" \/><\/figure><\/li><li class=\"blocks-gallery-item\"><figure><img loading=\"lazy\" decoding=\"async\" width=\"1024\" height=\"768\" src=\"https:\/\/diariodominicano.com\/wp-content\/uploads\/2023\/11\/Aeropuerto-Internacional-de-Punta-Cana-1024x768.jpg\" alt=\"\" data-id=\"485347\" data-full-url=\"https:\/\/diariodominicano.com\/wp-content\/uploads\/2023\/11\/Aeropuerto-Internacional-de-Punta-Cana.jpg\" data-link=\"https:\/\/diariodominicano.com\/?attachment_id=485347\" class=\"wp-image-485347\" srcset=\"https:\/\/diariodominicano.com\/wp-content\/uploads\/2023\/11\/Aeropuerto-Internacional-de-Punta-Cana-1024x768.jpg 1024w, https:\/\/diariodominicano.com\/wp-content\/uploads\/2023\/11\/Aeropuerto-Internacional-de-Punta-Cana-300x225.jpg 300w, https:\/\/diariodominicano.com\/wp-content\/uploads\/2023\/11\/Aeropuerto-Internacional-de-Punta-Cana-768x576.jpg 768w, https:\/\/diariodominicano.com\/wp-content\/uploads\/2023\/11\/Aeropuerto-Internacional-de-Punta-Cana-816x612.jpg 816w, https:\/\/diariodominicano.com\/wp-content\/uploads\/2023\/11\/Aeropuerto-Internacional-de-Punta-Cana.jpg 1080w\" sizes=\"auto, (max-width: 1024px) 100vw, 1024px\" \/><\/figure><\/li><\/ul><\/figure>\n\n\n\n<p>Su compromiso hacia la comunidad y el medioambiente se encuentra latente en sus estrategias de negocio, impulsando el progreso y transformando sue\u00f1os en realidades sostenibles&nbsp;de las comunidades donde tienen presencia.<\/p>\n\n\n\n<p>La marca est\u00e1 integrada por m\u00e1s de 12 empresas lideradas por Frank El\u00edas Rainieri, presidente y CEO; Paola Rainieri, Chief Marketing Officer (CMO); y Francesca Rainieri, Chief Financial Officer (CFO) de Grupo Puntacana.<\/p>\n\n\n\n<p>Su objetivo es continuar siendo los anfitriones de los millones de visitantes que llegan a trav\u00e9s del Aeropuerto Internacional de Punta Cana y que disfrutan de su escape so\u00f1ado en la zona tur\u00edstica y todo el pa\u00eds; apostando al crecimiento de la zona, a su desarrollo integral y al mejoramiento constante de las condiciones de vida de las comunidades donde operan, brindando oportunidades que permitan el acceso a la vivienda, salud de calidad, educaci\u00f3n, recreaci\u00f3n y cultura.<\/p>\n\n\n\n<p>Grupo Puntacana contin\u00faa su gran legado empresarial y de valores impregnados en su ADN, siempre comprometidos con el bienestar de su gente y el pa\u00eds.&nbsp;<\/p>\n\n\n\n<p><strong>Expansi\u00f3n y nuevos proyectos<\/strong><\/p>\n\n\n\n<p>Grupo Puntacana tiene en proceso&nbsp;la construcci\u00f3n del Punta Cana Free Trade Zone (PCFTZ) Centro Log\u00edstico A\u00e9reo, Mar\u00edtimo, Terrestre y Parque de Zona Franca, con una inversi\u00f3n aproximada de USD$200.00 MM de d\u00f3lares, un proyecto que albergar\u00e1 operaciones log\u00edsticas de carga y oficinas para el desarrollo del Punta Cana HUB, destinado a la innovaci\u00f3n y el desarrollo de empresas Fintech.<\/p>\n\n\n\n<p>El proyecto, que se construye en una extensi\u00f3n de 546,617.45 m\u00b2 de terreno, contribuir\u00e1 al crecimiento econ\u00f3mico sostenido de la zona, crear\u00e1 m\u00e1s de 10 mil empleos y posicionar\u00e1 a Punta Cana y Rep\u00fablica Dominicana como l\u00edder de comercio e inversi\u00f3n extranjera y proyectando al pa\u00eds como un hub log\u00edstico convirti\u00e9ndolo en puente entre Europa y Am\u00e9rica, y al sur y norte del Continente Americano.&nbsp;<\/p>\n\n\n\n<p>Con la reciente expansi\u00f3n de la Terminal B del Aeropuerto Internacional de Punta Cana, con siete puertas de embarques, construido con una inversi\u00f3n de USD$80.00 millones, en una extensi\u00f3n de 25 mil m\u00b2 de terreno, se pueden movilizar a tres millones de pasajeros, y se recibieron m\u00e1s de 60 vuelos en sus primeros d\u00edas de apertura.<\/p>\n\n\n\n<p>La empresa contin\u00faa creando oportunidades de bienestar a favor de los habitantes de la zona y promoviendo soluciones innovadoras para preservar el ecosistema de la regi\u00f3n.<\/p>\n\n\n\n<p><strong>Sobre Grupo Puntacana<\/strong><\/p>\n\n\n\n<p>Grupo Puntacana es una empresa pionera en el desarrollo tur\u00edstico y financiero que, hace 54 a\u00f1os, tuvo la visi\u00f3n de desarrollar un destino y una comunidad inmobiliaria en un remoto, aislado y paradis\u00edaco rinc\u00f3n de la Rep\u00fablica Dominicana.<\/p>\n\n\n\n<p>En 1969, lleg\u00f3 al lugar llamado Yauya o Punta Borrach\u00f3n un grupo de empresarios norteamericanos liderados por Theodore W. Kheel y el empresario dominicano Frank Rainieri, quienes con una visi\u00f3n de futuro hicieron realidad el sue\u00f1o de desarrollar una comunidad tur\u00edstica, respetando la naturaleza e impulsando con responsabilidad social, lo que hoy ofrece a sus visitantes una experiencia tur\u00edstica \u00fanica.<\/p>\n\n\n\n<p>A trav\u00e9s de sus iniciativas de sostenibilidad y programas de Responsabilidad Social Empresarial, que se han convertido en un referente a nivel nacional e internacional, impulsan un modelo de negocios que contribuye a generar fuentes de trabajo, mientras fomentan la cultura local y promueven el cuidado del medio ambiente.&nbsp;<\/p>\n\n\n\n<p>Grupo Puntacana <\/p>\n","protected":false},"excerpt":{"rendered":"<p>Se mantiene desarrollando nuevas estrategias de diversificaci\u00f3n, innovaci\u00f3n y expansi\u00f3n que impactan en la creaci\u00f3n de empleos y en la movilizaci\u00f3n econ\u00f3mica del pa\u00eds Punta Cana, La Altagracia. &#8211; (1ro noviembre, 2023)&nbsp;Grupo Puntacana celebra 54 a\u00f1os de legado empresarial con miras a nuevos proyectos de inversi\u00f3n y apostando a la innovaci\u00f3n, la expansi\u00f3n y la [&hellip;]<\/p>\n","protected":false},"author":7,"featured_media":485348,"comment_status":"closed","ping_status":"","sticky":true,"template":"","format":"standard","meta":{"footnotes":""},"categories":[27,32],"tags":[],"class_list":["post-485337","post","type-post","status-publish","format-standard","has-post-thumbnail","hentry","category-portada","category-turismo"],"_links":{"self":[{"href":"https:\/\/diariodominicano.com\/index.php?rest_route=\/wp\/v2\/posts\/485337","targetHints":{"allow":["GET"]}}],"collection":[{"href":"https:\/\/diariodominicano.com\/index.php?rest_route=\/wp\/v2\/posts"}],"about":[{"href":"https:\/\/diariodominicano.com\/index.php?rest_route=\/wp\/v2\/types\/post"}],"author":[{"embeddable":true,"href":"https:\/\/diariodominicano.com\/index.php?rest_route=\/wp\/v2\/users\/7"}],"replies":[{"embeddable":true,"href":"https:\/\/diariodominicano.com\/index.php?rest_route=%2Fwp%2Fv2%2Fcomments&post=485337"}],"version-history":[{"count":1,"href":"https:\/\/diariodominicano.com\/index.php?rest_route=\/wp\/v2\/posts\/485337\/revisions"}],"predecessor-version":[{"id":485356,"href":"https:\/\/diariodominicano.com\/index.php?rest_route=\/wp\/v2\/posts\/485337\/revisions\/485356"}],"wp:featuredmedia":[{"embeddable":true,"href":"https:\/\/diariodominicano.com\/index.php?rest_route=\/wp\/v2\/media\/485348"}],"wp:attachment":[{"href":"https:\/\/diariodominicano.com\/index.php?rest_route=%2Fwp%2Fv2%2Fmedia&parent=485337"}],"wp:term":[{"taxonomy":"category","embeddable":true,"href":"https:\/\/diariodominicano.com\/index.php?rest_route=%2Fwp%2Fv2%2Fcategories&post=485337"},{"taxonomy":"post_tag","embeddable":true,"href":"https:\/\/diariodominicano.com\/index.php?rest_route=%2Fwp%2Fv2%2Ftags&post=485337"}],"curies":[{"name":"wp","href":"https:\/\/api.w.org\/{rel}","templated":true}]}}