{"id":485296,"date":"2023-11-01T02:10:15","date_gmt":"2023-11-01T06:10:15","guid":{"rendered":"http:\/\/diariodominicano.com\/?p=485296"},"modified":"2023-11-01T02:18:50","modified_gmt":"2023-11-01T06:18:50","slug":"firmeza-sobre-haiti-paga-dividendos-a-abinader","status":"publish","type":"post","link":"https:\/\/diariodominicano.com\/?p=485296","title":{"rendered":"FIRMEZA SOBRE HAITI PAGA DIVIDENDOS A ABINADER"},"content":{"rendered":"\n<p>Oposici\u00f3n Aleja del Inter\u00e9s Nacional y Defiende a Particulares<\/p>\n\n\n\n<p>Pacto de Naci\u00f3n Saca el Aire a los Partidos Opositores<\/p>\n\n\n\n<p>Por Pedro Caba<\/p>\n\n\n\n<p>La decisi\u00f3n valiente y firme con que elgobierno procura definir una nueva pol\u00edtica fronteriza con Hait\u00ed que se ajuste a los patrones modernos y deje atr\u00e1s la informalidad y malas pr\u00e1cticas de comercio, ganan cada vez m\u00e1s aceptaci\u00f3n en los sectores populares.<\/p>\n\n\n\n<p>No es posible extender por m\u00e1s tiempo unas relaciones de comercio que nunca han tenido acuerdos de pagos de bancos centrales ni de bancos privados (ni siquiera cuando hab\u00eda gobiernos formales en Hait\u00ed), con grupos empresarios haitianos que tambi\u00e9n viven en la informalidad y acuden todo tipo de ilegalidad ya documentada por las grandes econom\u00edas asociadas a ese pa\u00eds, con puertos de cabotaje que no controlan las autoridades sino las grandes familias ricas.<\/p>\n\n\n\n<p>A los exportadores dominicanos grandes, medianos y peque\u00f1os poco import\u00f3 el origen gris de los tales empresarios haitianos, con los cuales mantuvieron relaci\u00f3n de comercio, aunque para ello tuvieran que valerse de cuentas bancarias sinuosas.<\/p>\n\n\n\n<p>&#8211;Oposici\u00f3n Aleja del Inter\u00e9s Nacional y Defiende a Particulares<\/p>\n\n\n\n<p>A la oposici\u00f3n pol\u00edtica, que lleg\u00f3 incluso a relacionarse con muchos de esos empresarios observados por los pa\u00edses organizados (USA, Canad\u00e1 y Francia, entre otros) le ha tocado una prueba dif\u00edcil.<\/p>\n\n\n\n<figure class=\"wp-block-image size-large\"><img loading=\"lazy\" decoding=\"async\" width=\"1024\" height=\"683\" src=\"https:\/\/diariodominicano.com\/wp-content\/uploads\/2023\/10\/Presidente-Abinader-inaugura-primer-tramo-de-la-verja-perimetral-inteligente-en-Elias-Pina-que-comienza-a-cambiar-la-frontera-1024x683.jpg\" alt=\"\" class=\"wp-image-481590\" srcset=\"https:\/\/diariodominicano.com\/wp-content\/uploads\/2023\/10\/Presidente-Abinader-inaugura-primer-tramo-de-la-verja-perimetral-inteligente-en-Elias-Pina-que-comienza-a-cambiar-la-frontera-1024x683.jpg 1024w, https:\/\/diariodominicano.com\/wp-content\/uploads\/2023\/10\/Presidente-Abinader-inaugura-primer-tramo-de-la-verja-perimetral-inteligente-en-Elias-Pina-que-comienza-a-cambiar-la-frontera-300x200.jpg 300w, https:\/\/diariodominicano.com\/wp-content\/uploads\/2023\/10\/Presidente-Abinader-inaugura-primer-tramo-de-la-verja-perimetral-inteligente-en-Elias-Pina-que-comienza-a-cambiar-la-frontera-768x512.jpg 768w, https:\/\/diariodominicano.com\/wp-content\/uploads\/2023\/10\/Presidente-Abinader-inaugura-primer-tramo-de-la-verja-perimetral-inteligente-en-Elias-Pina-que-comienza-a-cambiar-la-frontera-1536x1025.jpg 1536w, https:\/\/diariodominicano.com\/wp-content\/uploads\/2023\/10\/Presidente-Abinader-inaugura-primer-tramo-de-la-verja-perimetral-inteligente-en-Elias-Pina-que-comienza-a-cambiar-la-frontera-2048x1366.jpg 2048w, https:\/\/diariodominicano.com\/wp-content\/uploads\/2023\/10\/Presidente-Abinader-inaugura-primer-tramo-de-la-verja-perimetral-inteligente-en-Elias-Pina-que-comienza-a-cambiar-la-frontera-816x544.jpg 816w\" sizes=\"auto, (max-width: 1024px) 100vw, 1024px\" \/><figcaption>El presidente Luis Abinader inaugur\u00f3 el primer tramo de la verja perimetral en El\u00edas Pi\u00f1a<\/figcaption><\/figure>\n\n\n\n<p>Por un lado, saben que Abinader pone de resalto la falta de definici\u00f3n que tuvieron en el poder con respecto a establecer una clara pol\u00edtica migratoria y fronteriza. Y por otro pretenden con su indefinici\u00f3n mantenerse como reserva de los intereses m\u00e1s conservadores de los \u201camigos de Hait\u00ed\u201d las grandes potencias que hubieran preferido sacrificar al pa\u00eds para facilitar la soluci\u00f3n migratoria haitiana, adem\u00e1s de con eso encubren su defensa a los intereses empresariales nativos sacan gran partido de la informalidad.<\/p>\n\n\n\n<p>Y el secreto mejor guardado del PLD, FP y PRD: la actitud correctiva con Hait\u00ed desemboque en una confrontaci\u00f3n armada o algo por el estilo que ponga en peligro la estabilidad pol\u00edtica nacional, como recurso de \u00faltima instancia ante una campa\u00f1a electoral a todas luces adversa por la popularidad de Abinader y su gobierno.<\/p>\n\n\n\n<p>Se trata de una oposici\u00f3n que vive en la orfandad pol\u00edtica.<\/p>\n\n\n\n<p>&#8211;Pacto de Naci\u00f3n Saca el Aire a los Partidos Opositores<\/p>\n\n\n\n<p>Un error de c\u00e1lculo, infantil por dem\u00e1s, de la oposici\u00f3n fue partir de la creencia de que Abinader y su gobierno hab\u00eda sido ganado por una corriente ultranacionalista que niega todo margen de colaboraci\u00f3n de las autoridades criollas para posibilitar la supervivencia del pueblo haitiano.<\/p>\n\n\n\n<p>Para ellos la construcci\u00f3n del muro, el traslado de militares a la frontera era la expresi\u00f3n guerrerista de un Estado cualquiera contra un vecino que considere su enemigo.<\/p>\n\n\n\n<figure class=\"wp-block-image size-large\"><img loading=\"lazy\" decoding=\"async\" width=\"1024\" height=\"838\" src=\"https:\/\/diariodominicano.com\/wp-content\/uploads\/2023\/10\/Luis-El-Gallo-pide-dejar-a-un-lado-los-egos-y-el-partidismo-y-respaldar-Pacto-en-Defensa-de-la-Soberania-Nacional--1024x838.jpeg\" alt=\"\" class=\"wp-image-479633\" srcset=\"https:\/\/diariodominicano.com\/wp-content\/uploads\/2023\/10\/Luis-El-Gallo-pide-dejar-a-un-lado-los-egos-y-el-partidismo-y-respaldar-Pacto-en-Defensa-de-la-Soberania-Nacional--1024x838.jpeg 1024w, https:\/\/diariodominicano.com\/wp-content\/uploads\/2023\/10\/Luis-El-Gallo-pide-dejar-a-un-lado-los-egos-y-el-partidismo-y-respaldar-Pacto-en-Defensa-de-la-Soberania-Nacional--300x245.jpeg 300w, https:\/\/diariodominicano.com\/wp-content\/uploads\/2023\/10\/Luis-El-Gallo-pide-dejar-a-un-lado-los-egos-y-el-partidismo-y-respaldar-Pacto-en-Defensa-de-la-Soberania-Nacional--768x628.jpeg 768w, https:\/\/diariodominicano.com\/wp-content\/uploads\/2023\/10\/Luis-El-Gallo-pide-dejar-a-un-lado-los-egos-y-el-partidismo-y-respaldar-Pacto-en-Defensa-de-la-Soberania-Nacional--816x668.jpeg 816w, https:\/\/diariodominicano.com\/wp-content\/uploads\/2023\/10\/Luis-El-Gallo-pide-dejar-a-un-lado-los-egos-y-el-partidismo-y-respaldar-Pacto-en-Defensa-de-la-Soberania-Nacional-.jpeg 1078w\" sizes=\"auto, (max-width: 1024px) 100vw, 1024px\" \/><\/figure>\n\n\n\n<p>El Pacto de Naci\u00f3n conformado por el gobierno y la sociedad civil mejor representada constituye incluso una lecci\u00f3n de hermandad y comprensi\u00f3n de la buena convivencia con sus vecinos que debe trascender nuestras propias fronteras. Adem\u00e1s de expresar todo su apoyo a la vuelta de la institucionalidad de Hait\u00ed, expresa en el plano econ\u00f3mico lo siguiente:<\/p>\n\n\n\n<p>Dentro del rengl\u00f3n econ\u00f3mico, las autoridades gubernamentales, en conjunto con el sector privado y la comunidad internaciones, dispone incentivar y expandir el financiamiento competitivo, tanto para las<strong>&nbsp;<\/strong><strong>exportaciones hacia Hait\u00ed<\/strong>, as\u00ed como el desarrollo de proyectos en ese pa\u00eds.<\/p>\n\n\n\n<p>Propone, en ese sentido, la promoci\u00f3n de intentar reproducir el modelo vigente de&nbsp;<strong>Codevi<\/strong>, para la instalaci\u00f3n de industrias en el interior de territorio haitiano que contribuyan a la generaci\u00f3n de riquezas y de retenci\u00f3n de la poblaci\u00f3n en sus lugares de origen.<\/p>\n\n\n\n<p>De igual manera, dispone constituir y crear fondos especiales para la mecanizaci\u00f3n y tecnificaci\u00f3n agropecuaria y de la<strong>&nbsp;<\/strong><strong>industria de la construcci\u00f3n<\/strong>, cuesti\u00f3n de promover estas \u00e1reas.<\/p>\n\n\n\n<p>Tambi\u00e9n apoyar, promover e iniciar una serie de acciones que puedan \u201creequilibrar\u201d el balance comercial dominico-haitiano y, a su vez, crear bases para la concertaci\u00f3n de un acuerdo de facilitaci\u00f3n de comercio con Hait\u00ed.<\/p>\n\n\n\n<p>Ser\u00eda una insensatez no apoyar tan buenas intenciones de las autoridades dominicanas rspecto con su vecino m\u00e1s desfavorecido, y eso hace la oposici\u00f3n, quedando muy mal parada ante la comunidad local e internacional.<\/p>\n\n\n\n<p>Pedro Caba<a target=\"_blank\" href=\"mailto:pedrocaba@hotmail.com\" rel=\"noreferrer noopener\">pedrocaba@hotmail.com<\/a><\/p>\n\n\n\n<p>31-10-2023<\/p>\n","protected":false},"excerpt":{"rendered":"<p>Oposici\u00f3n Aleja del Inter\u00e9s Nacional y Defiende a Particulares Pacto de Naci\u00f3n Saca el Aire a los Partidos Opositores Por Pedro Caba La decisi\u00f3n valiente y firme con que elgobierno procura definir una nueva pol\u00edtica fronteriza con Hait\u00ed que se ajuste a los patrones modernos y deje atr\u00e1s la informalidad y malas pr\u00e1cticas de comercio, [&hellip;]<\/p>\n","protected":false},"author":28,"featured_media":471866,"comment_status":"closed","ping_status":"","sticky":true,"template":"","format":"standard","meta":{"footnotes":""},"categories":[20,18,112,27],"tags":[],"class_list":["post-485296","post","type-post","status-publish","format-standard","has-post-thumbnail","hentry","category-dominicana-hoy","category-economia","category-haiti","category-portada"],"_links":{"self":[{"href":"https:\/\/diariodominicano.com\/index.php?rest_route=\/wp\/v2\/posts\/485296","targetHints":{"allow":["GET"]}}],"collection":[{"href":"https:\/\/diariodominicano.com\/index.php?rest_route=\/wp\/v2\/posts"}],"about":[{"href":"https:\/\/diariodominicano.com\/index.php?rest_route=\/wp\/v2\/types\/post"}],"author":[{"embeddable":true,"href":"https:\/\/diariodominicano.com\/index.php?rest_route=\/wp\/v2\/users\/28"}],"replies":[{"embeddable":true,"href":"https:\/\/diariodominicano.com\/index.php?rest_route=%2Fwp%2Fv2%2Fcomments&post=485296"}],"version-history":[{"count":7,"href":"https:\/\/diariodominicano.com\/index.php?rest_route=\/wp\/v2\/posts\/485296\/revisions"}],"predecessor-version":[{"id":485303,"href":"https:\/\/diariodominicano.com\/index.php?rest_route=\/wp\/v2\/posts\/485296\/revisions\/485303"}],"wp:featuredmedia":[{"embeddable":true,"href":"https:\/\/diariodominicano.com\/index.php?rest_route=\/wp\/v2\/media\/471866"}],"wp:attachment":[{"href":"https:\/\/diariodominicano.com\/index.php?rest_route=%2Fwp%2Fv2%2Fmedia&parent=485296"}],"wp:term":[{"taxonomy":"category","embeddable":true,"href":"https:\/\/diariodominicano.com\/index.php?rest_route=%2Fwp%2Fv2%2Fcategories&post=485296"},{"taxonomy":"post_tag","embeddable":true,"href":"https:\/\/diariodominicano.com\/index.php?rest_route=%2Fwp%2Fv2%2Ftags&post=485296"}],"curies":[{"name":"wp","href":"https:\/\/api.w.org\/{rel}","templated":true}]}}