{"id":485240,"date":"2023-11-01T01:08:16","date_gmt":"2023-11-01T05:08:16","guid":{"rendered":"http:\/\/diariodominicano.com\/?p=485240"},"modified":"2023-11-01T01:08:16","modified_gmt":"2023-11-01T05:08:16","slug":"sedofutbol-ante-honduras-en-cierre-del-futbol-de-los-panamericanos-2023","status":"publish","type":"post","link":"https:\/\/diariodominicano.com\/?p=485240","title":{"rendered":"Sedof\u00fatbol ante Honduras en cierre del f\u00fatbol de los Panamericanos 2023"},"content":{"rendered":"\n<p> <strong>Comunicaciones Federaci\u00f3n de F\u00fatbol de Chile<\/strong>. <\/p>\n\n\n\n<figure class=\"wp-block-image size-full\"><img loading=\"lazy\" decoding=\"async\" width=\"1024\" height=\"683\" src=\"https:\/\/diariodominicano.com\/wp-content\/uploads\/2023\/11\/WhatsApp-Image-2023-10-29-at-6.16.32-PM.jpeg\" alt=\"\" class=\"wp-image-485242\" srcset=\"https:\/\/diariodominicano.com\/wp-content\/uploads\/2023\/11\/WhatsApp-Image-2023-10-29-at-6.16.32-PM.jpeg 1024w, https:\/\/diariodominicano.com\/wp-content\/uploads\/2023\/11\/WhatsApp-Image-2023-10-29-at-6.16.32-PM-300x200.jpeg 300w, https:\/\/diariodominicano.com\/wp-content\/uploads\/2023\/11\/WhatsApp-Image-2023-10-29-at-6.16.32-PM-768x512.jpeg 768w, https:\/\/diariodominicano.com\/wp-content\/uploads\/2023\/11\/WhatsApp-Image-2023-10-29-at-6.16.32-PM-816x544.jpeg 816w\" sizes=\"auto, (max-width: 1024px) 100vw, 1024px\" \/><\/figure>\n\n\n\n<p>CHILE.- Rep\u00fablica Dominicana cerrar\u00e1 su participaci\u00f3n este mi\u00e9rcoles 1 de noviembre en el f\u00fatbol masculino de los Juegos Panamericanos Santiago de Chile 2023 cuando enfrente a Honduras en el Estadio Sausalito de Vi\u00f1a del Mar a partir de la 1:00 de la tarde (hora de RD). El partido ser\u00e1 para disputar el s\u00e9ptimo puesto de la clasificaci\u00f3n de esta justa deportiva continental.<\/p>\n\n\n\n<p>La Sedof\u00fatbol tuvo opciones reales de avanzar a semifinales hasta la \u00faltima jornada de la fase de grupos, pero cay\u00f3 ante Chile y qued\u00f3 \u00faltima de la zona A con un punto.<\/p>\n\n\n\n<p>Ahora deber\u00e1 enfrentar a los catrachos en la lucha por la s\u00e9ptima posici\u00f3n de la clasificaci\u00f3n final de esta magna justa deportiva.<\/p>\n\n\n\n<p>El elenco nacional U23 hizo una gran presentaci\u00f3n ante Uruguay en la primera fecha a pesar de haber ca\u00eddo 1-0 y luego empat\u00f3 a cero ante M\u00e9xico en un duelo en el que se le escap\u00f3 el triunfo en el \u00faltimo minuto.<\/p>\n\n\n\n<p>Esta es la cuarta participaci\u00f3n de la Selecci\u00f3n Dominicana de F\u00fatbol en la historia del f\u00fatbol masculino de los Juegos Panamericanos, su primera ocasi\u00f3n fue en Cali (Colombia) 1971, luego estuvo presente en San Juan (Puerto Rico) 1979 y su \u00faltima asistencia fue hace 20 a\u00f1os en Santo Domingo (RD) 2003.<\/p>\n\n\n\n<p>Fedofutbol Prensa<br>fedofutbolprensa2019@gmail.c<\/p>\n\n\n\n<p><br><\/p>\n","protected":false},"excerpt":{"rendered":"<p>Comunicaciones Federaci\u00f3n de F\u00fatbol de Chile. CHILE.- Rep\u00fablica Dominicana cerrar\u00e1 su participaci\u00f3n este mi\u00e9rcoles 1 de noviembre en el f\u00fatbol masculino de los Juegos Panamericanos Santiago de Chile 2023 cuando enfrente a Honduras en el Estadio Sausalito de Vi\u00f1a del Mar a partir de la 1:00 de la tarde (hora de RD). El partido ser\u00e1 [&hellip;]<\/p>\n","protected":false},"author":28,"featured_media":485241,"comment_status":"closed","ping_status":"","sticky":true,"template":"","format":"standard","meta":{"footnotes":""},"categories":[17,27,32],"tags":[],"class_list":["post-485240","post","type-post","status-publish","format-standard","has-post-thumbnail","hentry","category-deportes","category-portada","category-turismo"],"_links":{"self":[{"href":"https:\/\/diariodominicano.com\/index.php?rest_route=\/wp\/v2\/posts\/485240","targetHints":{"allow":["GET"]}}],"collection":[{"href":"https:\/\/diariodominicano.com\/index.php?rest_route=\/wp\/v2\/posts"}],"about":[{"href":"https:\/\/diariodominicano.com\/index.php?rest_route=\/wp\/v2\/types\/post"}],"author":[{"embeddable":true,"href":"https:\/\/diariodominicano.com\/index.php?rest_route=\/wp\/v2\/users\/28"}],"replies":[{"embeddable":true,"href":"https:\/\/diariodominicano.com\/index.php?rest_route=%2Fwp%2Fv2%2Fcomments&post=485240"}],"version-history":[{"count":1,"href":"https:\/\/diariodominicano.com\/index.php?rest_route=\/wp\/v2\/posts\/485240\/revisions"}],"predecessor-version":[{"id":485243,"href":"https:\/\/diariodominicano.com\/index.php?rest_route=\/wp\/v2\/posts\/485240\/revisions\/485243"}],"wp:featuredmedia":[{"embeddable":true,"href":"https:\/\/diariodominicano.com\/index.php?rest_route=\/wp\/v2\/media\/485241"}],"wp:attachment":[{"href":"https:\/\/diariodominicano.com\/index.php?rest_route=%2Fwp%2Fv2%2Fmedia&parent=485240"}],"wp:term":[{"taxonomy":"category","embeddable":true,"href":"https:\/\/diariodominicano.com\/index.php?rest_route=%2Fwp%2Fv2%2Fcategories&post=485240"},{"taxonomy":"post_tag","embeddable":true,"href":"https:\/\/diariodominicano.com\/index.php?rest_route=%2Fwp%2Fv2%2Ftags&post=485240"}],"curies":[{"name":"wp","href":"https:\/\/api.w.org\/{rel}","templated":true}]}}