{"id":485215,"date":"2023-11-01T00:27:50","date_gmt":"2023-11-01T04:27:50","guid":{"rendered":"http:\/\/diariodominicano.com\/?p=485215"},"modified":"2023-11-01T00:32:53","modified_gmt":"2023-11-01T04:32:53","slug":"sodocardio-participa-en-cumbre-para-educar-sobre-problemas-cardiovasculares","status":"publish","type":"post","link":"https:\/\/diariodominicano.com\/?p=485215","title":{"rendered":"SODOCARDIO participa en cumbre para educar sobre problemas cardiovasculares"},"content":{"rendered":"\n<p>L\u00edderes iberoamericanos sector cardiovascular.<\/p>\n\n\n\n<p><strong>M\u00e1laga, Espa\u00f1a.-<\/strong> La&nbsp;Sociedad Dominicana de Cardiolog\u00eda(SODOCARDIO), particip\u00f3 en la I Cumbre Iberoamericana de Cardiolog\u00eda, evento liderado Sociedad Espa\u00f1ola de Cardiolog\u00eda (SEC) que reuni\u00f3 a los lideres de 19 sociedades de cardiolog\u00eda iberoamericana con el fin de reparar los desaf\u00edos y retos urgentes en materia de salud cardiovascular.&nbsp;<\/p>\n\n\n\n<figure class=\"wp-block-image size-large\"><img loading=\"lazy\" decoding=\"async\" width=\"800\" height=\"1024\" src=\"https:\/\/diariodominicano.com\/wp-content\/uploads\/2023\/11\/WhatsApp-Image-2023-10-30-at-07.53.46-800x1024.jpeg\" alt=\"\" class=\"wp-image-485218\" srcset=\"https:\/\/diariodominicano.com\/wp-content\/uploads\/2023\/11\/WhatsApp-Image-2023-10-30-at-07.53.46-800x1024.jpeg 800w, https:\/\/diariodominicano.com\/wp-content\/uploads\/2023\/11\/WhatsApp-Image-2023-10-30-at-07.53.46-234x300.jpeg 234w, https:\/\/diariodominicano.com\/wp-content\/uploads\/2023\/11\/WhatsApp-Image-2023-10-30-at-07.53.46-768x983.jpeg 768w, https:\/\/diariodominicano.com\/wp-content\/uploads\/2023\/11\/WhatsApp-Image-2023-10-30-at-07.53.46-1200x1536.jpeg 1200w, https:\/\/diariodominicano.com\/wp-content\/uploads\/2023\/11\/WhatsApp-Image-2023-10-30-at-07.53.46-816x1044.jpeg 816w, https:\/\/diariodominicano.com\/wp-content\/uploads\/2023\/11\/WhatsApp-Image-2023-10-30-at-07.53.46.jpeg 1250w\" sizes=\"auto, (max-width: 800px) 100vw, 800px\" \/><figcaption>&nbsp;Rosa Noem\u00ed Cueto, presidenta de la Sociedad Dominicana de Cardiolog\u00eda y ll presidente de la Sociedad Espa\u00f1ola de Cardiolog\u00eda, Juli\u00e1n P\u00e9rez Villacast\u00edn.<\/figcaption><\/figure>\n\n\n\n<p>El presidente Sociedad Espa\u00f1ola de Cardiolog\u00eda, Juli\u00e1n P\u00e9rez Villacast\u00edn, resalt\u00f3 que es responsabilidad de todos, incluso de los gobernantes, trabajar educar a la poblaci\u00f3n, sobre los problemas cardiovasculares y en su medida ir contrarrestando esta epidemia.<\/p>\n\n\n\n<p>\u201cCon esta cumbre, nos hemos encontrado que compartimos los mismos problemas, las mismas situaciones. Que tenemos la necesidad de que nuestros gobernantes nos pongan atenci\u00f3n para poder tomar decisiones pol\u00edticas, para trabajar en la educaci\u00f3n, porque si no educamos a las personas peque\u00f1as, no vamos a poder frenar esta epidemia ni mucho menos mejorar la salud en general de todos\u201d, dijo P\u00e9rez Villacast\u00edn.<\/p>\n\n\n\n<p>Asimismo, Blanca Miranda Serrano, gerente de SEC, expres\u00f3 \u201cque esta cumbre tiene la ventaja de ocupar un espacio de cooperaci\u00f3n estable y que trascienden entre las masas y buscar una soluci\u00f3n a la salud cardiovascular en la regi\u00f3n iberoamericana\u201d.<\/p>\n\n\n\n<p>De igual forma, la doctora Rosa Noem\u00ed&nbsp;Cueto, presidente La&nbsp;<strong>Sociedad Dominicana de Cardiolog\u00eda&nbsp;<\/strong>(SODOCARDIO), a\u00f1adi\u00f3 que&nbsp;<strong>su plan n\u00famero uno al frente de la entidad es la prevenci\u00f3n cardiovascular<\/strong>&nbsp;en la poblaci\u00f3n a todos los niveles, iniciando desde las escuelas hasta las universidades.<\/p>\n\n\n\n<p>Finalmente, la SEC ha aprovechado este encuentro para proponer la creaci\u00f3n de una red iberoamericana de salud cardiovascular con el objetivo de situar las enfermedades cardiovasculares en la agenda pol\u00edtica. &nbsp;<\/p>\n\n\n\n<p>Gabriella Corti Gir\u00f3n<a target=\"_blank\" href=\"mailto:gabriellacortigiron@gmail.com\" rel=\"noreferrer noopener\">gabriellacortigiron@gmail.com<\/a><\/p>\n","protected":false},"excerpt":{"rendered":"<p>L\u00edderes iberoamericanos sector cardiovascular. M\u00e1laga, Espa\u00f1a.- La&nbsp;Sociedad Dominicana de Cardiolog\u00eda(SODOCARDIO), particip\u00f3 en la I Cumbre Iberoamericana de Cardiolog\u00eda, evento liderado Sociedad Espa\u00f1ola de Cardiolog\u00eda (SEC) que reuni\u00f3 a los lideres de 19 sociedades de cardiolog\u00eda iberoamericana con el fin de reparar los desaf\u00edos y retos urgentes en materia de salud cardiovascular.&nbsp; El presidente Sociedad Espa\u00f1ola [&hellip;]<\/p>\n","protected":false},"author":28,"featured_media":485216,"comment_status":"closed","ping_status":"","sticky":true,"template":"","format":"standard","meta":{"footnotes":""},"categories":[36,20,32],"tags":[],"class_list":["post-485215","post","type-post","status-publish","format-standard","has-post-thumbnail","hentry","category-hombresmujeresycosas","category-dominicana-hoy","category-turismo"],"_links":{"self":[{"href":"https:\/\/diariodominicano.com\/index.php?rest_route=\/wp\/v2\/posts\/485215","targetHints":{"allow":["GET"]}}],"collection":[{"href":"https:\/\/diariodominicano.com\/index.php?rest_route=\/wp\/v2\/posts"}],"about":[{"href":"https:\/\/diariodominicano.com\/index.php?rest_route=\/wp\/v2\/types\/post"}],"author":[{"embeddable":true,"href":"https:\/\/diariodominicano.com\/index.php?rest_route=\/wp\/v2\/users\/28"}],"replies":[{"embeddable":true,"href":"https:\/\/diariodominicano.com\/index.php?rest_route=%2Fwp%2Fv2%2Fcomments&post=485215"}],"version-history":[{"count":3,"href":"https:\/\/diariodominicano.com\/index.php?rest_route=\/wp\/v2\/posts\/485215\/revisions"}],"predecessor-version":[{"id":485221,"href":"https:\/\/diariodominicano.com\/index.php?rest_route=\/wp\/v2\/posts\/485215\/revisions\/485221"}],"wp:featuredmedia":[{"embeddable":true,"href":"https:\/\/diariodominicano.com\/index.php?rest_route=\/wp\/v2\/media\/485216"}],"wp:attachment":[{"href":"https:\/\/diariodominicano.com\/index.php?rest_route=%2Fwp%2Fv2%2Fmedia&parent=485215"}],"wp:term":[{"taxonomy":"category","embeddable":true,"href":"https:\/\/diariodominicano.com\/index.php?rest_route=%2Fwp%2Fv2%2Fcategories&post=485215"},{"taxonomy":"post_tag","embeddable":true,"href":"https:\/\/diariodominicano.com\/index.php?rest_route=%2Fwp%2Fv2%2Ftags&post=485215"}],"curies":[{"name":"wp","href":"https:\/\/api.w.org\/{rel}","templated":true}]}}