{"id":48518,"date":"2020-10-21T14:52:46","date_gmt":"2020-10-21T14:52:46","guid":{"rendered":"http:\/\/diariodominicano.ddns.net\/?p=48518"},"modified":"2020-10-21T14:52:46","modified_gmt":"2020-10-21T14:52:46","slug":"el-dia-que-nacio-salome-urena","status":"publish","type":"post","link":"https:\/\/diariodominicano.com\/?p=48518","title":{"rendered":"El d\u00eda que naci\u00f3 Salom\u00e9 Ure\u00f1a&#13;"},"content":{"rendered":"<p><body><\/p>\n<p><img decoding=\"async\" src=\"img3\/salome00.jpg\" \/>  <\/p>\n<p><strong>Diariodominicano.com<\/strong><\/p>\n<p><strong>El d\u00eda que naci\u00f3 Salom\u00e9 Ure\u00f1a<\/strong><\/p>\n<p> Salom\u00e9 Ure\u00f1a se destac\u00f3 como educadora y poetisa. De su matrimonio con el m\u00e9dico Francisco Henr\u00edquez y Carvajal, naci\u00f3 una generaci\u00f3n de intelectuales, incluido el humanista Pedro Henr\u00edquez Ure\u00f1a.<\/p>\n<p><strong>Por HTN<\/strong><\/p>\n<p><strong>Diariodominicano.com<\/strong><\/p>\n<p><strong> SANTO DOMINGO, el 21 de octubre de 1850<\/strong>, naci\u00f3 en la ciudad de Santo Domingo, Salom\u00e9 Ure\u00f1a D\u00edaz, hija del poeta y abogado Nicol\u00e1s Ure\u00f1a de Mendoza  y la se\u00f1ora Gregoria D\u00edaz de Le\u00f3n.<\/p>\n<\/p>\n<p>     Salom\u00e9 Ure\u00f1a se destac\u00f3 como educadora y poetisa. De su matrimonio con el m\u00e9dico Francisco Henr\u00edquez y Carvajal, naci\u00f3 una generaci\u00f3n de intelectuales, incluido el humanista Pedro Henr\u00edquez Ure\u00f1a.<\/p>\n<\/p>\n<p>    Su formaci\u00f3n literaria se inici\u00f3 en su hogar bajo la orientaci\u00f3n de su padre y su madre. \u00abEmpez\u00f3 desde muy joven a leer met\u00f3dicamente los cl\u00e1sicos castellanos\u00bb.<\/p>\n<\/p>\n<p>    Con el trato asiduo de Fray Luis de Le\u00f3n y otros poetas del siglo de oro, altern\u00f3 el de los versificadores m\u00e1s castizos del siglo pasado, especialmente de Morat\u00edn y Juan Nicasio Gallego.<\/p>\n<\/p>\n<p>     En opini\u00f3n del doctor Joaqu\u00edn Balaguer: \u00abLa afici\u00f3n a las letras, dominante en ella desde la ni\u00f1ez, no le impidi\u00f3 cultivar en otros aspectos su inteligencia y adquirir una s\u00f3lida cultura cient\u00edfica que le permiti\u00f3 encabezar como maestra, a partir de 1881, el movimiento a favor de la emancipaci\u00f3n intelectual de la mujer dominicana.<\/p>\n<\/p>\n<p>    Las primeras poes\u00edas de Salom\u00e9 Ure\u00f1a fueron publicadas en peri\u00f3dicos y revistas de la Rep\u00fablica Dominicana y luego en medios extranjeros.<\/p>\n<\/p>\n<p>    Salom\u00e9 Ure\u00f1a contrajo matrimonio en el a\u00f1o 1880 con el m\u00e9dico Francisco Henr\u00edquez y Carvajal. El 3 de noviembre del a\u00f1o 1881, influida por el pensamiento del educador Eugenio Mar\u00eda de Hostos, fund\u00f3 el Instituto de Se\u00f1oritas.<\/p>\n<\/p>\n<p>    El 12 de abril de 1887 encabez\u00f3 la ceremonia de graduaci\u00f3n de las seis primeras formadas en la entidad educativa: Leonor M. Feltz, Mercedes Laura Aguiar, Luisa Ozema Pellerano, Ana Josefa Puello, Altagracia Henr\u00edquez Perdomo y Catalina Pou.<\/p>\n<\/p>\n<p>   En diciembre de 1888 celebr\u00f3 la Segunda investidura de maestros. Se invistieron Eva Pellerano, Mercedes Echenique Pel\u00e1ez, Encarnaci\u00f3n Suazo, Altagracia Peguero Acevedo, Carmen Julia Henr\u00edquez Perdomo y Altagracia Henr\u00edquez Bello.<\/p>\n<\/p>\n<p>    Por problemas de salud Salom\u00e9 Ure\u00f1a cerr\u00f3 el Instituto de Se\u00f1oritas en el a\u00f1o 1993.  \u00abEn abril de 1894, poco despu\u00e9s del nacimiento de su hija Camila, la educadora enferm\u00f3 de neumon\u00eda y su vida se vio en peligro.<\/p>\n<\/p>\n<p>    En junio de 1896, para cambiar de clima se estableci\u00f3 en Puerto Plata por un tiempo. Al poco tiempo regres\u00f3 a Santo Domingo y volvi\u00f3 a Puerto Plata, el 2 de enero de 1897. El d\u00eda 8 cay\u00f3 en cama y no pudo recuperarse de una tuberculosis.<\/p>\n<\/p>\n<p>   Salom\u00e9 Ure\u00f1a muri\u00f3 en su hogar de la ciudad de Santo Domingo, el 6 de marzo de 1897. Sus restos fueron sepultados en la Iglesia Las Mercedes.<\/p>\n<\/p>\n<p>    A juicio de Joaqu\u00edn Balaguer: Salom\u00e9 Ure\u00f1a fue quien primeramente tuvo  en Santo Domingo el sentimiento de la gran poes\u00eda, de la \u00fanica verdaderamente grande, porque  lejos de recluirse en la intimidad de quien la escribe, para recoger s\u00f3lo el eco de sus propias angustias, se levanta para dominar el espect\u00e1culo entero de la vida y tiende a hacerse int\u00e9rprete de zonas m\u00e1s amplias y a la vez m\u00e1s fecundas de la sensibilidad humana.<\/p>\n<\/p>\n<h6> 2020-10-21 14:52:46 <\/h6>\n<p><!--\n<link rel=\"stylesheet\" href=\"css\/bootstrap.min.css\">\n\n\n<ul class=\"pagination\">\n\t    \n\t\n\n<li >\n\t<a href='?page_no=124'>Previous<\/a>\n\t<\/li>\n\n\n       \n    \n\n<li><a href='?page_no=1'>1<\/a><\/li>\n\n\n\n<li><a href='?page_no=2'>2<\/a><\/li>\n\n\n\n<li><a>...<\/a><\/li>\n\n\n\n<li><a href='?page_no=123'>123<\/a><\/li>\n\n\n\n<li><a href='?page_no=124'>124<\/a><\/li>\n\n\n\n<li class='active'><a>125<\/a><\/li>\n\n\n\n<li><a href='?page_no=126'>126<\/a><\/li>\n\n\n\n<li><a href='?page_no=127'>127<\/a><\/li>\n\n\n\n<li><a>...<\/a><\/li>\n\n\n\n<li><a href='?page_no=22911'>22911<\/a><\/li>\n\n\n\n<li><a href='?page_no=22912'>22912<\/a><\/li>\n\n    \n\t\n\n<li >\n\t<a href='?page_no=126'>Next<\/a>\n\t<\/li>\n\n\n    \n\n<li><a href='?page_no=22912'>Last &rsaquo;&rsaquo;<\/a><\/li>\n\n<\/ul>\n\n\n--><br \/>\n<\/body><\/p>\n","protected":false},"excerpt":{"rendered":"<p>Diariodominicano.com El d\u00eda que naci\u00f3 Salom\u00e9 Ure\u00f1a Salom\u00e9 Ure\u00f1a se destac\u00f3 como educadora y poetisa. De su matrimonio con el m\u00e9dico Francisco Henr\u00edquez y Carvajal, naci\u00f3 una generaci\u00f3n de intelectuales, incluido el humanista Pedro Henr\u00edquez Ure\u00f1a. Por HTN Diariodominicano.com SANTO DOMINGO, el 21 de octubre de 1850, naci\u00f3 en la ciudad de Santo Domingo, Salom\u00e9 [&hellip;]<\/p>\n","protected":false},"author":3,"featured_media":0,"comment_status":"open","ping_status":"open","sticky":false,"template":"","format":"standard","meta":{"footnotes":""},"categories":[21],"tags":[],"class_list":["post-48518","post","type-post","status-publish","format-standard","hentry","category-cultura"],"_links":{"self":[{"href":"https:\/\/diariodominicano.com\/index.php?rest_route=\/wp\/v2\/posts\/48518","targetHints":{"allow":["GET"]}}],"collection":[{"href":"https:\/\/diariodominicano.com\/index.php?rest_route=\/wp\/v2\/posts"}],"about":[{"href":"https:\/\/diariodominicano.com\/index.php?rest_route=\/wp\/v2\/types\/post"}],"author":[{"embeddable":true,"href":"https:\/\/diariodominicano.com\/index.php?rest_route=\/wp\/v2\/users\/3"}],"replies":[{"embeddable":true,"href":"https:\/\/diariodominicano.com\/index.php?rest_route=%2Fwp%2Fv2%2Fcomments&post=48518"}],"version-history":[{"count":0,"href":"https:\/\/diariodominicano.com\/index.php?rest_route=\/wp\/v2\/posts\/48518\/revisions"}],"wp:attachment":[{"href":"https:\/\/diariodominicano.com\/index.php?rest_route=%2Fwp%2Fv2%2Fmedia&parent=48518"}],"wp:term":[{"taxonomy":"category","embeddable":true,"href":"https:\/\/diariodominicano.com\/index.php?rest_route=%2Fwp%2Fv2%2Fcategories&post=48518"},{"taxonomy":"post_tag","embeddable":true,"href":"https:\/\/diariodominicano.com\/index.php?rest_route=%2Fwp%2Fv2%2Ftags&post=48518"}],"curies":[{"name":"wp","href":"https:\/\/api.w.org\/{rel}","templated":true}]}}