{"id":485074,"date":"2023-10-31T12:54:41","date_gmt":"2023-10-31T16:54:41","guid":{"rendered":"http:\/\/diariodominicano.com\/?p=485074"},"modified":"2023-10-31T13:41:51","modified_gmt":"2023-10-31T17:41:51","slug":"clausuran-la-xxvii-edicion-bolsa-turistica-del-caribe-2023","status":"publish","type":"post","link":"https:\/\/diariodominicano.com\/?p=485074","title":{"rendered":"Clausuran la XXVII Edici\u00f3n Bolsa Tur\u00edstica del Caribe 2023"},"content":{"rendered":"\n<p><strong><em>La BTC se celebr\u00f3 del 26 al 28 de octubre en el Centro de Convenciones del Hotel Dominican Fiesta<\/em> <\/strong><\/p>\n\n\n\n<p><strong>Santo Domingo, octubre 2023.-<\/strong>&nbsp;A ritmo de merengue fue clausurada la XXVII Edici\u00f3n de la Bolsa Tur\u00edstica del Caribe, que se realiz\u00f3 del 26 al 28 de octubre en el Centro de Convenciones del Hotel Dominican Fiesta, donde se reunieron representantes&nbsp;del Ministerio de Turismo de Cura\u00e7ao, la Corporaci\u00f3n de Turismo de El Salvador, Corsatur, la delegaci\u00f3n de Colombia con la Catedral de la Sal de Zipaquir\u00e1; empresas hoteleras, agencias de viajes y tours operadores de Cartagena de Indias. Igualmente participaron agencias de viajes y tours operadores de Guatemala, M\u00e9xico, Ecuador, Argentina y Per\u00fa.<\/p>\n\n\n\n<p>En esta ocasi\u00f3n, en las ruedas de negocios participaron nuevas l\u00edneas a\u00e9reas que est\u00e1n ampliando y abaratando la conectividad directa entre pa\u00edses centroamericanos y caribe\u00f1os, a\u00f1adiendo su presencia a la de un gran n\u00famero de agencias de viajes, tour operadores, hoteleros, transportistas y empresas del sector.<\/p>\n\n\n\n<figure class=\"wp-block-gallery columns-3 is-cropped wp-block-gallery-1 is-layout-flex wp-block-gallery-is-layout-flex\"><ul class=\"blocks-gallery-grid\"><li class=\"blocks-gallery-item\"><figure><img loading=\"lazy\" decoding=\"async\" width=\"142\" height=\"213\" src=\"https:\/\/diariodominicano.com\/wp-content\/uploads\/2023\/10\/Aurora-Garcia-Ricardo-Jacobo-y-Ana-Mirtha-Vargas.jpg\" alt=\"\" data-id=\"485105\" data-full-url=\"https:\/\/diariodominicano.com\/wp-content\/uploads\/2023\/10\/Aurora-Garcia-Ricardo-Jacobo-y-Ana-Mirtha-Vargas.jpg\" data-link=\"https:\/\/diariodominicano.com\/?attachment_id=485105\" class=\"wp-image-485105\"\/><figcaption class=\"blocks-gallery-item__caption\">Aurora Garcia, Ricardo Jacobo y Ana Mirtha Vargas<\/figcaption><\/figure><\/li><li class=\"blocks-gallery-item\"><figure><img loading=\"lazy\" decoding=\"async\" width=\"640\" height=\"427\" src=\"https:\/\/diariodominicano.com\/wp-content\/uploads\/2023\/10\/Guillermo-Schneider-Ivan-Mancebo-Lupita-Villeta-y-Edward-Wall.jpg\" alt=\"\" data-id=\"485104\" data-full-url=\"https:\/\/diariodominicano.com\/wp-content\/uploads\/2023\/10\/Guillermo-Schneider-Ivan-Mancebo-Lupita-Villeta-y-Edward-Wall.jpg\" data-link=\"https:\/\/diariodominicano.com\/?attachment_id=485104\" class=\"wp-image-485104\" srcset=\"https:\/\/diariodominicano.com\/wp-content\/uploads\/2023\/10\/Guillermo-Schneider-Ivan-Mancebo-Lupita-Villeta-y-Edward-Wall.jpg 640w, https:\/\/diariodominicano.com\/wp-content\/uploads\/2023\/10\/Guillermo-Schneider-Ivan-Mancebo-Lupita-Villeta-y-Edward-Wall-300x200.jpg 300w\" sizes=\"auto, (max-width: 640px) 100vw, 640px\" \/><figcaption class=\"blocks-gallery-item__caption\">Guillermo Schneider, Ivan Mancebo, Lupita Villeta y Edward Wall<\/figcaption><\/figure><\/li><li class=\"blocks-gallery-item\"><figure><img loading=\"lazy\" decoding=\"async\" width=\"640\" height=\"427\" src=\"https:\/\/diariodominicano.com\/wp-content\/uploads\/2023\/10\/Ignacio-Glass-Sulin-Lantigua-de-Glass-Yanira-Fondeur-de-Hernandez-y-Jose-Manuel-Hernandez-Peguero.jpg\" alt=\"\" data-id=\"485103\" data-full-url=\"https:\/\/diariodominicano.com\/wp-content\/uploads\/2023\/10\/Ignacio-Glass-Sulin-Lantigua-de-Glass-Yanira-Fondeur-de-Hernandez-y-Jose-Manuel-Hernandez-Peguero.jpg\" data-link=\"https:\/\/diariodominicano.com\/?attachment_id=485103\" class=\"wp-image-485103\" srcset=\"https:\/\/diariodominicano.com\/wp-content\/uploads\/2023\/10\/Ignacio-Glass-Sulin-Lantigua-de-Glass-Yanira-Fondeur-de-Hernandez-y-Jose-Manuel-Hernandez-Peguero.jpg 640w, https:\/\/diariodominicano.com\/wp-content\/uploads\/2023\/10\/Ignacio-Glass-Sulin-Lantigua-de-Glass-Yanira-Fondeur-de-Hernandez-y-Jose-Manuel-Hernandez-Peguero-300x200.jpg 300w\" sizes=\"auto, (max-width: 640px) 100vw, 640px\" \/><figcaption class=\"blocks-gallery-item__caption\">Ignacio Glass, Sulin Lantigua de Glass, Yanira Fondeur de Hernandez y Jose Manuel Hernandez Peguero<\/figcaption><\/figure><\/li><li class=\"blocks-gallery-item\"><figure><img loading=\"lazy\" decoding=\"async\" width=\"213\" height=\"142\" src=\"https:\/\/diariodominicano.com\/wp-content\/uploads\/2023\/10\/Latika-Grover.-el-embajador-de-India-Ramu-Abbagani-La-embajadora-de-El-Salvador-Dania-Tolentino-y-Edwin-Arias-embajador-de-Costa-Rica.jpg\" alt=\"\" data-id=\"485102\" data-full-url=\"https:\/\/diariodominicano.com\/wp-content\/uploads\/2023\/10\/Latika-Grover.-el-embajador-de-India-Ramu-Abbagani-La-embajadora-de-El-Salvador-Dania-Tolentino-y-Edwin-Arias-embajador-de-Costa-Rica.jpg\" data-link=\"https:\/\/diariodominicano.com\/?attachment_id=485102\" class=\"wp-image-485102\"\/><figcaption class=\"blocks-gallery-item__caption\">Latika Grover. el embajador de India Ramu Abbagani, La embajadora de El Salvador Dania Tolentino y Edwin Arias embajador de Costa Rica<\/figcaption><\/figure><\/li><li class=\"blocks-gallery-item\"><figure><img loading=\"lazy\" decoding=\"async\" width=\"213\" height=\"142\" src=\"https:\/\/diariodominicano.com\/wp-content\/uploads\/2023\/10\/Fabeth-Martinez-Ronni-Batista-Elaine-Francisca-Elvis-Reynoso.jpg\" alt=\"\" data-id=\"485101\" data-full-url=\"https:\/\/diariodominicano.com\/wp-content\/uploads\/2023\/10\/Fabeth-Martinez-Ronni-Batista-Elaine-Francisca-Elvis-Reynoso.jpg\" data-link=\"https:\/\/diariodominicano.com\/?attachment_id=485101\" class=\"wp-image-485101\"\/><figcaption class=\"blocks-gallery-item__caption\">Fabeth Martinez, Ronni Batista, Elaine Francisca, Elvis Reynoso<\/figcaption><\/figure><\/li><li class=\"blocks-gallery-item\"><figure><img loading=\"lazy\" decoding=\"async\" width=\"1024\" height=\"683\" src=\"https:\/\/diariodominicano.com\/wp-content\/uploads\/2023\/10\/El-viceminisro-de-Turismo-Roberto-Rodriguez-recibe-la-Medalla-de-oro-a-David-Collado-por-la-Orden-del-Camino-de-Santiago-1024x683.jpg\" alt=\"\" data-id=\"485100\" data-full-url=\"https:\/\/diariodominicano.com\/wp-content\/uploads\/2023\/10\/El-viceminisro-de-Turismo-Roberto-Rodriguez-recibe-la-Medalla-de-oro-a-David-Collado-por-la-Orden-del-Camino-de-Santiago.jpg\" data-link=\"https:\/\/diariodominicano.com\/?attachment_id=485100\" class=\"wp-image-485100\" srcset=\"https:\/\/diariodominicano.com\/wp-content\/uploads\/2023\/10\/El-viceminisro-de-Turismo-Roberto-Rodriguez-recibe-la-Medalla-de-oro-a-David-Collado-por-la-Orden-del-Camino-de-Santiago-1024x683.jpg 1024w, https:\/\/diariodominicano.com\/wp-content\/uploads\/2023\/10\/El-viceminisro-de-Turismo-Roberto-Rodriguez-recibe-la-Medalla-de-oro-a-David-Collado-por-la-Orden-del-Camino-de-Santiago-300x200.jpg 300w, https:\/\/diariodominicano.com\/wp-content\/uploads\/2023\/10\/El-viceminisro-de-Turismo-Roberto-Rodriguez-recibe-la-Medalla-de-oro-a-David-Collado-por-la-Orden-del-Camino-de-Santiago-768x512.jpg 768w, https:\/\/diariodominicano.com\/wp-content\/uploads\/2023\/10\/El-viceminisro-de-Turismo-Roberto-Rodriguez-recibe-la-Medalla-de-oro-a-David-Collado-por-la-Orden-del-Camino-de-Santiago-816x544.jpg 816w, https:\/\/diariodominicano.com\/wp-content\/uploads\/2023\/10\/El-viceminisro-de-Turismo-Roberto-Rodriguez-recibe-la-Medalla-de-oro-a-David-Collado-por-la-Orden-del-Camino-de-Santiago.jpg 1080w\" sizes=\"auto, (max-width: 1024px) 100vw, 1024px\" \/><figcaption class=\"blocks-gallery-item__caption\">El viceminisro de Turismo Roberto Rodriguez recibe la Medalla de oro a David Collado por la Orden del Camino de Santiago<\/figcaption><\/figure><\/li><\/ul><\/figure>\n\n\n\n<p>Este a\u00f1o se desarroll\u00f3 el acostumbrado programa de actividades, como la habitual Rueda de Negocios y las presentaciones de productos tur\u00edsticos, degustaciones gastron\u00f3micas, entre otras actividades, destacando entre ellas: Las conferencias impartidas por la Federaci\u00f3n de Mujeres Empresarias Dominico Internacional (FEM) y la Asociaci\u00f3n Nacional de Mujeres Empresarias Ejecutivas y Profesionales ANMEPRO <\/p>\n\n\n\n<p>Presentaci\u00f3n de Air Century dirigido a agentes de viajes y tours operadores. Las conferencias tituladas Plan Maestro de desarrollo sostenible y sustentable de Pedernales Cabo Rojo; impartida por el se\u00f1or Sigmund Freund; Las rutas inici\u00e1ticas del Camino de Santiago, impartida por Alejandro Rub\u00edn Carballo, canciller de la Orden del Camino de Santiago, Espa\u00f1a; Turismo accesible y lenguaje de se\u00f1as; impartida por Arq. Adis Ozuna y Tommy Gal\u00e1n, ambos, de la Red Dominicana de Turismo Accesible.<\/p>\n\n\n\n<p>Se desarrollo adem\u00e1s, el Taller de Bodas en Hoteles de Playa, la Exposici\u00f3n Artesanal, promoviendo nuestra marca pa\u00eds y un desfile de Chabacanas dise\u00f1adas por importantes dise\u00f1adores dominicanos, organizado por ACHADOM.<\/p>\n\n\n\n<p>La organizaci\u00f3n del evento agradece el apoyo del Ministerio de Turismo (MITUR), Banreservas y a todos los patrocinadores y colaboradores que nos acompa\u00f1aron en esta la XXVII Edici\u00f3n de la Bolsa Tur\u00edstica del Caribe.<\/p>\n\n\n\n<p><a href=\"https:\/\/www.btc.com.do\/\" target=\"_blank\" rel=\"noreferrer noopener\">https:\/\/www.btc.com.do<\/a>&nbsp;Instagram: @btc.com.do_ Facebook: Bolsa Tur\u00edstica del Caribe<\/p>\n\n\n\n<p><strong>Pies de fotos<\/strong><\/p>\n\n\n\n<p>_DSC0242&nbsp;<strong>ojo foto principal.<\/strong>&nbsp;Roberto Rodr\u00edguez viceministro de Turismo corta la cinta para dejar inaugurada la Feria BTC, a su lado Luis Felipe Aquino, Luisa de Aquino, Yenny Polanco.<\/p>\n\n\n\n<p>_DSC0228 El viceministro de Turismo Roberto Rodr\u00edguez recibe la Medalla de oro a David Collado por la Orden del Camino de Santiago.<\/p>\n\n\n\n<p>_DSC0154 Ignacio Glass, Sulin Lantigua de Glass, Yanira Fondeur de Hern\u00e1ndez y Jos\u00e9 Manuel Hern\u00e1ndez Peguero.<\/p>\n\n\n\n<p>_DSC0121&nbsp; Manuel Garc\u00eda Ar\u00e9valo, Aurora Rodr\u00edguez, Pedro Bueno, Alejandro Rub\u00e9n Paulino, Canciller de Santiago de Compostela, Espa\u00f1a, Fior Mateo de Ripley y Geo Ripley.<\/p>\n\n\n\n<p>_DSC0100 Nieves Colombani, Alexandra Tabar, Cielo Reynoso y Maria de los \u00c1ngeles Romero.<\/p>\n\n\n\n<p>_DSC0130 Margarita Mendoza, Ezequiel Fern\u00e1ndez, Priska Reyes y Elizabeth Beriguete.<\/p>\n\n\n\n<p>_DSC0297 Brain Glass, Ignacio Glass, Roberto Rodriguez, viceministro de Turismo y Luisa de Aquino.<\/p>\n\n\n\n<p>_DSC0279 Luisa de Aquino, Roberto Rodr\u00edguez y Zoila Fern\u00e1ndez.<\/p>\n\n\n\n<p>DSC0354 Grupo T\u00edpico del Ministerio de Turismo.<\/p>\n\n\n\n<p>_DSC0358 El viceministro de Turismo, Roberto Rodr\u00edguez junto a Luisa de Aquino recorre por los stands de la feria.<\/p>\n\n\n\n<p><strong>Miguelina Santos<\/strong><\/p>\n\n\n\n<p><strong>Periodista \/Comunicadora Social \/ Relaciones&nbsp;P\u00fablicas&nbsp;<\/strong><\/p>\n\n\n\n<p><strong>Directora Digital&nbsp;<a href=\"http:\/\/socialesyturismo.blogspot.com\/\" target=\"_blank\" rel=\"noreferrer noopener\">SocialesyTurismo.blogspot.com<\/a><\/strong><\/p>\n\n\n\n<p><strong>Miembro CDP\/ SNTP \/ ADCS<\/strong><strong>\/&nbsp;<\/strong><strong>ADOMPRETUR\/ FEM\/ Sodomedi<\/strong><\/p>\n\n\n\n<p><strong>Cel. 809-481-4785<\/strong><\/p>\n\n\n\n<p><strong><a href=\"mailto:miguelinasantos@gmail.com\" target=\"_blank\" rel=\"noreferrer noopener\">miguelinasantos@gmail.com<\/a>&nbsp;&nbsp;<\/strong><\/p>\n","protected":false},"excerpt":{"rendered":"<p>La BTC se celebr\u00f3 del 26 al 28 de octubre en el Centro de Convenciones del Hotel Dominican Fiesta Santo Domingo, octubre 2023.-&nbsp;A ritmo de merengue fue clausurada la XXVII Edici\u00f3n de la Bolsa Tur\u00edstica del Caribe, que se realiz\u00f3 del 26 al 28 de octubre en el Centro de Convenciones del Hotel Dominican Fiesta, [&hellip;]<\/p>\n","protected":false},"author":7,"featured_media":485101,"comment_status":"closed","ping_status":"","sticky":true,"template":"","format":"standard","meta":{"footnotes":""},"categories":[27,32],"tags":[],"class_list":["post-485074","post","type-post","status-publish","format-standard","has-post-thumbnail","hentry","category-portada","category-turismo"],"_links":{"self":[{"href":"https:\/\/diariodominicano.com\/index.php?rest_route=\/wp\/v2\/posts\/485074","targetHints":{"allow":["GET"]}}],"collection":[{"href":"https:\/\/diariodominicano.com\/index.php?rest_route=\/wp\/v2\/posts"}],"about":[{"href":"https:\/\/diariodominicano.com\/index.php?rest_route=\/wp\/v2\/types\/post"}],"author":[{"embeddable":true,"href":"https:\/\/diariodominicano.com\/index.php?rest_route=\/wp\/v2\/users\/7"}],"replies":[{"embeddable":true,"href":"https:\/\/diariodominicano.com\/index.php?rest_route=%2Fwp%2Fv2%2Fcomments&post=485074"}],"version-history":[{"count":3,"href":"https:\/\/diariodominicano.com\/index.php?rest_route=\/wp\/v2\/posts\/485074\/revisions"}],"predecessor-version":[{"id":485123,"href":"https:\/\/diariodominicano.com\/index.php?rest_route=\/wp\/v2\/posts\/485074\/revisions\/485123"}],"wp:featuredmedia":[{"embeddable":true,"href":"https:\/\/diariodominicano.com\/index.php?rest_route=\/wp\/v2\/media\/485101"}],"wp:attachment":[{"href":"https:\/\/diariodominicano.com\/index.php?rest_route=%2Fwp%2Fv2%2Fmedia&parent=485074"}],"wp:term":[{"taxonomy":"category","embeddable":true,"href":"https:\/\/diariodominicano.com\/index.php?rest_route=%2Fwp%2Fv2%2Fcategories&post=485074"},{"taxonomy":"post_tag","embeddable":true,"href":"https:\/\/diariodominicano.com\/index.php?rest_route=%2Fwp%2Fv2%2Ftags&post=485074"}],"curies":[{"name":"wp","href":"https:\/\/api.w.org\/{rel}","templated":true}]}}